{"id":4770,"date":"2019-05-15T18:42:45","date_gmt":"2019-05-15T16:42:45","guid":{"rendered":"http:\/\/www.milosnicylasu.olsztyn.pl\/?p=4770"},"modified":"2019-05-15T18:49:13","modified_gmt":"2019-05-15T16:49:13","slug":"zaproszenie-na-wycieczke-15-czerwca","status":"publish","type":"post","link":"https:\/\/www.milosnicylasu.olsztyn.pl\/?p=4770","title":{"rendered":"Zaproszenie na wycieczk\u0119 15 czerwca"},"content":{"rendered":"<p><strong>\u00a0\u00a0\u00a0\u00a0\u00a0\u00a0 <a href=\"http:\/\/www.milosnicylasu.olsztyn.pl\/wp-content\/uploads\/2019\/05\/DSCN2752-www.jpg\" data-rel=\"lightbox-image-0\" data-magnific_type=\"image\" data-rl_title=\"\" data-rl_caption=\"\" title=\"\"><img loading=\"lazy\" decoding=\"async\" class=\"size-medium wp-image-4772 alignleft\" src=\"http:\/\/www.milosnicylasu.olsztyn.pl\/wp-content\/uploads\/2019\/05\/DSCN2752-www-300x225.jpg\" alt=\"\" width=\"300\" height=\"225\" \/><\/a>Ko\u0142o Mi\u0142o\u015bnik\u00f3w Lasu I Militari\u00f3w LOK przy ATW w Olsztynie<\/strong><\/p>\n<p><strong>\u00a0\u00a0\u00a0\u00a0\u00a0\u00a0\u00a0\u00a0\u00a0\u00a0\u00a0\u00a0\u00a0\u00a0\u00a0\u00a0\u00a0\u00a0\u00a0\u00a0\u00a0\u00a0\u00a0\u00a0\u00a0\u00a0\u00a0\u00a0\u00a0\u00a0\u00a0\u00a0\u00a0\u00a0\u00a0\u00a0\u00a0 \u00a0\u00a0\u00a0\u00a0\u00a0\u00a0\u00a0Zaprasza\u00a0 \u00a0na<\/strong><\/p>\n<p><strong>Wycieczk\u0119\u00a0 ornitologiczn\u0105\u00a0 w dniu 15 czerwca 2019 r.<\/strong><\/p>\n<p>Wyje\u017cd\u017camy z przewodnikiem \u00a0\u00a0Panem\u00a0 Marianem\u00a0 Szymkiewiczem\u00a0 Kierownikiem\u00a0 Muzeum\u00a0 Przyrody\u00a0 w Olsztynie\u00a0 do Rezerwatu Przyrody\u00a0 S\u0105topy \u2013 Samulewo ko\u0142o Reszla.<\/p>\n<p>S\u0105 to rozlewiska w wid\u0142ach rzek Sajny i Rynu. Stanowi\u0105 l\u0119gowiska licznych gatunk\u00f3w ptak\u00f3w wodno \u2013 b\u0142otnych. Powierzchnia rezerwatu 333ha z otulin\u0105 793ha.<\/p>\n<p>B\u0119dziemy mogli podpatrzy\u0107 znajduj\u0105ce si\u0119 tam ptactwo przez lornetki i lunet\u0119.<\/p>\n<p><strong>Koszt wyjazdu 30 z\u0142<\/strong>. W tym: przejazd autokarem, ubezpieczenie uczestnika, przewodnik po rezerwacie przyrody.<\/p>\n<p><strong>Wyjazd w dniu 15 czerwca godz. 8,00 ul. G\u0142owackiego przy Teatrze Lalek.<\/strong><\/p>\n<p><strong>Wp\u0142at\u0119 mo\u017cna dokona\u0107 w dniu 28 maja przy stoliku, przed wyk\u0142adem<\/strong> .<strong>Akademii Trzeciego Wieku, w MOK w Olsztynie<\/strong><\/p>\n<p>Do ubezpieczenia wyjazdu niezb\u0119dne s\u0105 dane: imi\u0119 i nazwisko, nr pesela i adres zameldowania.<\/p>\n<p>Mamy jeszcze kilka miejsc, serdecznie zapraszamy. B\u0119dzie to niezwyk\u0142e spotkanie z przyrod\u0105 i ciekawym cz\u0142owiekiem, kt\u00f3ry o ptakach wie wszystko.<\/p>\n","protected":false},"excerpt":{"rendered":"<p>\u00a0\u00a0\u00a0\u00a0\u00a0\u00a0 Ko\u0142o Mi\u0142o\u015bnik\u00f3w Lasu I Militari\u00f3w LOK przy ATW w Olsztynie \u00a0\u00a0\u00a0\u00a0\u00a0\u00a0\u00a0\u00a0\u00a0\u00a0\u00a0\u00a0\u00a0\u00a0\u00a0\u00a0\u00a0\u00a0\u00a0\u00a0\u00a0\u00a0\u00a0\u00a0\u00a0\u00a0\u00a0\u00a0\u00a0\u00a0\u00a0\u00a0\u00a0\u00a0\u00a0\u00a0\u00a0 \u00a0\u00a0\u00a0\u00a0\u00a0\u00a0\u00a0Zaprasza\u00a0 \u00a0na Wycieczk\u0119\u00a0 ornitologiczn\u0105\u00a0 w dniu 15 czerwca 2019 r. Wyje\u017cd\u017camy z przewodnikiem \u00a0\u00a0Panem\u00a0 Marianem\u00a0 Szymkiewiczem\u00a0 Kierownikiem\u00a0 Muzeum\u00a0 Przyrody\u00a0 w Olsztynie\u00a0 do Rezerwatu Przyrody\u00a0 S\u0105topy \u2013 Samulewo ko\u0142o Reszla. S\u0105 to rozlewiska w wid\u0142ach rzek Sajny i Rynu. Stanowi\u0105 l\u0119gowiska licznych gatunk\u00f3w ptak\u00f3w [&hellip;]<\/p>\n","protected":false},"author":2,"featured_media":0,"comment_status":"open","ping_status":"open","sticky":false,"template":"","format":"standard","meta":{"footnotes":""},"categories":[1,17,5],"tags":[],"class_list":["post-4770","post","type-post","status-publish","format-standard","hentry","category-bez-kategorii","category-edukacja-w-terenie","category-wycieczki"],"_links":{"self":[{"href":"https:\/\/www.milosnicylasu.olsztyn.pl\/index.php?rest_route=\/wp\/v2\/posts\/4770","targetHints":{"allow":["GET"]}}],"collection":[{"href":"https:\/\/www.milosnicylasu.olsztyn.pl\/index.php?rest_route=\/wp\/v2\/posts"}],"about":[{"href":"https:\/\/www.milosnicylasu.olsztyn.pl\/index.php?rest_route=\/wp\/v2\/types\/post"}],"author":[{"embeddable":true,"href":"https:\/\/www.milosnicylasu.olsztyn.pl\/index.php?rest_route=\/wp\/v2\/users\/2"}],"replies":[{"embeddable":true,"href":"https:\/\/www.milosnicylasu.olsztyn.pl\/index.php?rest_route=%2Fwp%2Fv2%2Fcomments&post=4770"}],"version-history":[{"count":2,"href":"https:\/\/www.milosnicylasu.olsztyn.pl\/index.php?rest_route=\/wp\/v2\/posts\/4770\/revisions"}],"predecessor-version":[{"id":4773,"href":"https:\/\/www.milosnicylasu.olsztyn.pl\/index.php?rest_route=\/wp\/v2\/posts\/4770\/revisions\/4773"}],"wp:attachment":[{"href":"https:\/\/www.milosnicylasu.olsztyn.pl\/index.php?rest_route=%2Fwp%2Fv2%2Fmedia&parent=4770"}],"wp:term":[{"taxonomy":"category","embeddable":true,"href":"https:\/\/www.milosnicylasu.olsztyn.pl\/index.php?rest_route=%2Fwp%2Fv2%2Fcategories&post=4770"},{"taxonomy":"post_tag","embeddable":true,"href":"https:\/\/www.milosnicylasu.olsztyn.pl\/index.php?rest_route=%2Fwp%2Fv2%2Ftags&post=4770"}],"curies":[{"name":"wp","href":"https:\/\/api.w.org\/{rel}","templated":true}]}}