{"id":4779,"date":"2019-05-17T11:24:39","date_gmt":"2019-05-17T09:24:39","guid":{"rendered":"http:\/\/www.milosnicylasu.olsztyn.pl\/?p=4779"},"modified":"2019-05-17T12:01:15","modified_gmt":"2019-05-17T10:01:15","slug":"10-rocznica-powstania-kola-milosnikow-lasu-i-militariow-lok-przy-atw-w-olsztynie","status":"publish","type":"post","link":"https:\/\/www.milosnicylasu.olsztyn.pl\/?p=4779","title":{"rendered":"10 rocznica powstania Ko\u0142a Mi\u0142o\u015bnik\u00f3w Lasu i Militari\u00f3w LOK przy ATW w Olsztynie &#8211; tylko tyle, czy a\u017c tyle?"},"content":{"rendered":"<p><a href=\"http:\/\/www.milosnicylasu.olsztyn.pl\/wp-content\/uploads\/2016\/05\/DSCN7031-www.jpg\" data-rel=\"lightbox-image-0\" data-magnific_type=\"image\" data-rl_title=\"\" data-rl_caption=\"\" title=\"\"><img loading=\"lazy\" decoding=\"async\" class=\"size-medium wp-image-2892 alignleft\" src=\"http:\/\/www.milosnicylasu.olsztyn.pl\/wp-content\/uploads\/2016\/05\/DSCN7031-www-300x225.jpg\" alt=\"\" width=\"300\" height=\"225\" srcset=\"https:\/\/www.milosnicylasu.olsztyn.pl\/wp-content\/uploads\/2016\/05\/DSCN7031-www-300x225.jpg 300w, https:\/\/www.milosnicylasu.olsztyn.pl\/wp-content\/uploads\/2016\/05\/DSCN7031-www-768x576.jpg 768w, https:\/\/www.milosnicylasu.olsztyn.pl\/wp-content\/uploads\/2016\/05\/DSCN7031-www.jpg 1024w, https:\/\/www.milosnicylasu.olsztyn.pl\/wp-content\/uploads\/2016\/05\/DSCN7031-www-400x300.jpg 400w\" sizes=\"auto, (max-width: 300px) 100vw, 300px\" \/><\/a>W tym roku Ko\u0142o Mi\u0142o\u015bnik\u00f3w Lasu i Militari\u00f3w LOK przy ATW w Olsztynie obchodzi dziesi\u0105t\u0105 rocznic\u0119 swojego istnienia. Nasz jubileusz obchodzili\u015bmy oczywi\u015bcie \u2026..w lesie, w zaprzyja\u017anionym Le\u015bnictwie Stary Dw\u00f3r, w Nadle\u015bnictwie Kudypy.<\/p>\n<p>By\u0142a to okazja do spotkania i do wspominania licznych imprez organizowanych dla cz\u0142onk\u00f3w Ko\u0142a, ich rodzin i sympatyk\u00f3w. A w Kole dzieje si\u0119 bardzo du\u017co. Najliczniejsze s\u0105 sobotnie rajdy po okolicznych lasach Nadle\u015bnictwa Olsztyn i Kudypy, kt\u00f3rych w ci\u0105gu 10 lat by\u0142o ponad 400, a wi\u0119c nie\u017ale poznali\u015bmy las i jego mieszka\u0144c\u00f3w..<a href=\"http:\/\/www.milosnicylasu.olsztyn.pl\/wp-content\/uploads\/2015\/02\/P20500050-www.jpg\" data-rel=\"lightbox-image-1\" data-magnific_type=\"image\" data-rl_title=\"\" data-rl_caption=\"\" title=\"\"><img loading=\"lazy\" decoding=\"async\" class=\"size-medium wp-image-1538 alignright\" src=\"http:\/\/www.milosnicylasu.olsztyn.pl\/wp-content\/uploads\/2015\/02\/P20500050-www-300x225.jpg\" alt=\"\" width=\"300\" height=\"225\" srcset=\"https:\/\/www.milosnicylasu.olsztyn.pl\/wp-content\/uploads\/2015\/02\/P20500050-www-300x225.jpg 300w, https:\/\/www.milosnicylasu.olsztyn.pl\/wp-content\/uploads\/2015\/02\/P20500050-www-400x300.jpg 400w, https:\/\/www.milosnicylasu.olsztyn.pl\/wp-content\/uploads\/2015\/02\/P20500050-www.jpg 1024w\" sizes=\"auto, (max-width: 300px) 100vw, 300px\" \/><\/a><a href=\"http:\/\/www.milosnicylasu.olsztyn.pl\/wp-content\/uploads\/2014\/05\/P5080210-www.jpg\" data-rel=\"lightbox-image-2\" data-magnific_type=\"image\" data-rl_title=\"\" data-rl_caption=\"\" title=\"\"><img loading=\"lazy\" decoding=\"async\" class=\"size-medium wp-image-1176 alignleft\" src=\"http:\/\/www.milosnicylasu.olsztyn.pl\/wp-content\/uploads\/2014\/05\/P5080210-www-300x225.jpg\" alt=\"\" width=\"300\" height=\"225\" srcset=\"https:\/\/www.milosnicylasu.olsztyn.pl\/wp-content\/uploads\/2014\/05\/P5080210-www-300x225.jpg 300w, https:\/\/www.milosnicylasu.olsztyn.pl\/wp-content\/uploads\/2014\/05\/P5080210-www-400x300.jpg 400w, https:\/\/www.milosnicylasu.olsztyn.pl\/wp-content\/uploads\/2014\/05\/P5080210-www.jpg 1024w\" sizes=\"auto, (max-width: 300px) 100vw, 300px\" \/><\/a><\/p>\n<p>W ka\u017cdy pierwszy czwartek miesi\u0105ca poszerzamy le\u015bn\u0105 i przyrodnicz\u0105 wiedz\u0119 uczestnicz\u0105c w wyk\u0142adach w Regionalnej Dyrekcji Las\u00f3w Pa\u0144stwowych w Olsztynie, a wi\u0119c mamy za sob\u0105 ponad 100 wyk\u0142ad\u00f3w.<\/p>\n<p>&nbsp;<\/p>\n<p>&nbsp;<\/p>\n<p>Kilkakrotnie w ci\u0105gu roku organizujemy wycieczki wyjazdowe, kt\u00f3re umo\u017cliwiaj\u0105 nam poznanie walor\u00f3w przyrodniczych i kulturowych oraz miejsc historycznych r\u00f3\u017cnych zak\u0105tk\u00f3w naszego kraju.<a href=\"http:\/\/www.milosnicylasu.olsztyn.pl\/wp-content\/uploads\/2019\/01\/DSCN2115-www.jpg\" data-rel=\"lightbox-image-3\" data-magnific_type=\"image\" data-rl_title=\"\" data-rl_caption=\"\" title=\"\"><img loading=\"lazy\" decoding=\"async\" class=\"size-medium wp-image-4450 alignright\" src=\"http:\/\/www.milosnicylasu.olsztyn.pl\/wp-content\/uploads\/2019\/01\/DSCN2115-www-300x225.jpg\" alt=\"\" width=\"300\" height=\"225\" srcset=\"https:\/\/www.milosnicylasu.olsztyn.pl\/wp-content\/uploads\/2019\/01\/DSCN2115-www-300x225.jpg 300w, https:\/\/www.milosnicylasu.olsztyn.pl\/wp-content\/uploads\/2019\/01\/DSCN2115-www-768x576.jpg 768w, https:\/\/www.milosnicylasu.olsztyn.pl\/wp-content\/uploads\/2019\/01\/DSCN2115-www.jpg 1024w, https:\/\/www.milosnicylasu.olsztyn.pl\/wp-content\/uploads\/2019\/01\/DSCN2115-www-400x300.jpg 400w\" sizes=\"auto, (max-width: 300px) 100vw, 300px\" \/><\/a><\/p>\n<p>Najwi\u0119kszym powodzeniem ciesz\u0105 si\u0119 wjazdowe edukacje przyrodniczo \u2013 le\u015bne do go\u015bcinnych nadle\u015bnictw podleg\u0142ych Regionalnej Dyrekcji Las\u00f3w Pa\u0144stwowych w Olsztynie.<\/p>\n<p>&nbsp;<\/p>\n<p>&nbsp;<\/p>\n<p>Raz na dwa tygodnie odbywaj\u0105 si\u0119 treningi strzeleckie z broni sportowej na strzelnicy LOK w Olsztynie. Organizujemy zawody strzeleckie gdzie zdobywamy umiej\u0119tno\u015bci pod kierunkiem profesjonalnych instruktor\u00f3w. Najlepsi otrzymuj\u0105 medale, puchary i dyplomy.\u00a0<a href=\"http:\/\/www.milosnicylasu.olsztyn.pl\/wp-content\/uploads\/2018\/11\/DSCN1775-www.jpg\" data-rel=\"lightbox-image-4\" data-magnific_type=\"image\" data-rl_title=\"\" data-rl_caption=\"\" title=\"\"><img loading=\"lazy\" decoding=\"async\" class=\"size-medium wp-image-4365 alignright\" src=\"http:\/\/www.milosnicylasu.olsztyn.pl\/wp-content\/uploads\/2018\/11\/DSCN1775-www-300x225.jpg\" alt=\"\" width=\"300\" height=\"225\" srcset=\"https:\/\/www.milosnicylasu.olsztyn.pl\/wp-content\/uploads\/2018\/11\/DSCN1775-www-300x225.jpg 300w, https:\/\/www.milosnicylasu.olsztyn.pl\/wp-content\/uploads\/2018\/11\/DSCN1775-www-768x576.jpg 768w, https:\/\/www.milosnicylasu.olsztyn.pl\/wp-content\/uploads\/2018\/11\/DSCN1775-www.jpg 1024w, https:\/\/www.milosnicylasu.olsztyn.pl\/wp-content\/uploads\/2018\/11\/DSCN1775-www-400x300.jpg 400w\" sizes=\"auto, (max-width: 300px) 100vw, 300px\" \/><\/a><a href=\"http:\/\/www.milosnicylasu.olsztyn.pl\/wp-content\/uploads\/2018\/12\/DSCN1862-www.jpg\" data-rel=\"lightbox-image-5\" data-magnific_type=\"image\" data-rl_title=\"\" data-rl_caption=\"\" title=\"\"><img loading=\"lazy\" decoding=\"async\" class=\"size-medium wp-image-4394 alignleft\" src=\"http:\/\/www.milosnicylasu.olsztyn.pl\/wp-content\/uploads\/2018\/12\/DSCN1862-www-300x225.jpg\" alt=\"\" width=\"300\" height=\"225\" srcset=\"https:\/\/www.milosnicylasu.olsztyn.pl\/wp-content\/uploads\/2018\/12\/DSCN1862-www-300x225.jpg 300w, https:\/\/www.milosnicylasu.olsztyn.pl\/wp-content\/uploads\/2018\/12\/DSCN1862-www-768x576.jpg 768w, https:\/\/www.milosnicylasu.olsztyn.pl\/wp-content\/uploads\/2018\/12\/DSCN1862-www.jpg 1024w, https:\/\/www.milosnicylasu.olsztyn.pl\/wp-content\/uploads\/2018\/12\/DSCN1862-www-400x300.jpg 400w\" sizes=\"auto, (max-width: 300px) 100vw, 300px\" \/><\/a><\/p>\n<p>Przeprowadzamy konkursy z tematyki przyrodniczej, le\u015bnej, historycznej, patriotycznej, organizujemy wystawy prac malarskich i z r\u0119kodzie\u0142a\u00a0 naszych kole\u017canek i koleg\u00f3w uzdolnionych artystycznie.<\/p>\n<p>&nbsp;<\/p>\n<p>&nbsp;<\/p>\n<p>Wystawy takie mia\u0142y miejsce. wielokrotnie m.in.w RDLP w Olsztynie, Urz\u0119dzie Miasta, Urz\u0119dzie Wojew\u00f3dzkim i\u00a0 Marsza\u0142kowskim.<\/p>\n<p>&nbsp;<\/p>\n<p><a href=\"http:\/\/www.milosnicylasu.olsztyn.pl\/wp-content\/uploads\/2017\/12\/DSCN4420-www.jpg\" data-rel=\"lightbox-image-6\" data-magnific_type=\"image\" data-rl_title=\"\" data-rl_caption=\"\" title=\"\"><img loading=\"lazy\" decoding=\"async\" class=\"size-medium wp-image-3944 alignleft\" src=\"http:\/\/www.milosnicylasu.olsztyn.pl\/wp-content\/uploads\/2017\/12\/DSCN4420-www-300x225.jpg\" alt=\"\" width=\"300\" height=\"225\" srcset=\"https:\/\/www.milosnicylasu.olsztyn.pl\/wp-content\/uploads\/2017\/12\/DSCN4420-www-300x225.jpg 300w, https:\/\/www.milosnicylasu.olsztyn.pl\/wp-content\/uploads\/2017\/12\/DSCN4420-www-768x576.jpg 768w, https:\/\/www.milosnicylasu.olsztyn.pl\/wp-content\/uploads\/2017\/12\/DSCN4420-www.jpg 1024w, https:\/\/www.milosnicylasu.olsztyn.pl\/wp-content\/uploads\/2017\/12\/DSCN4420-www-400x300.jpg 400w\" sizes=\"auto, (max-width: 300px) 100vw, 300px\" \/><\/a>Nasze Ko\u0142o skupia 118 os\u00f3b, aktywnych, m\u0142odych duchem\u00a0 g\u0142ownie emeryt\u00f3w maj\u0105cych bardzo r\u00f3\u017cnorodne wykszta\u0142cenie, do\u015bwiadczenie zawodowe, zainteresowania. Jedno na pewno nas \u0141\u0105czy. Wszyscy kochamy las, przyrod\u0119, cieszy nas spotkanie z innymi lud\u017ami. Obchodzimy uroczy\u015bcie\u00a0 \u015awi\u0119to Drzewa, Dzie\u0144 Niezapominajki, \u015awi\u0119to Hubertusa, Dzie\u0144 Wody ale te\u017c Walentynki, Dzie\u0144 \u015bw. Miko\u0142aja, a\u00a0 w karnawale ch\u0119tnie ta\u0144czymy. Lubimy odkrywa\u0107 ciekawe miejsca, niekt\u00f3rzy uprawiaj\u0105 strzelectwo sportowe, inni maluj\u0105, haftuj\u0105, rze\u017abi\u0105, graj\u0105 w szachy.<a href=\"http:\/\/www.milosnicylasu.olsztyn.pl\/wp-content\/uploads\/2017\/12\/DSCN4412-www.jpg\" data-rel=\"lightbox-image-7\" data-magnific_type=\"image\" data-rl_title=\"\" data-rl_caption=\"\" title=\"\"><img loading=\"lazy\" decoding=\"async\" class=\"size-medium wp-image-3941 alignright\" src=\"http:\/\/www.milosnicylasu.olsztyn.pl\/wp-content\/uploads\/2017\/12\/DSCN4412-www-300x225.jpg\" alt=\"\" width=\"300\" height=\"225\" srcset=\"https:\/\/www.milosnicylasu.olsztyn.pl\/wp-content\/uploads\/2017\/12\/DSCN4412-www-300x225.jpg 300w, https:\/\/www.milosnicylasu.olsztyn.pl\/wp-content\/uploads\/2017\/12\/DSCN4412-www-768x576.jpg 768w, https:\/\/www.milosnicylasu.olsztyn.pl\/wp-content\/uploads\/2017\/12\/DSCN4412-www.jpg 1024w, https:\/\/www.milosnicylasu.olsztyn.pl\/wp-content\/uploads\/2017\/12\/DSCN4412-www-400x300.jpg 400w\" sizes=\"auto, (max-width: 300px) 100vw, 300px\" \/><\/a><\/p>\n<p>Cieszy nas fakt, \u017ce w organizowanych imprezach uczestnicz\u0105 i aktywnie w\u0142\u0105czaj\u0105 si\u0119 w organizacj\u0119 coraz cz\u0119\u015bciej rodziny naszych cz\u0142onk\u00f3w &#8211; ma\u0142\u017conkowie, dzieci, wnuki oraz znajomi.<\/p>\n<p>To stwarza prawdziwie rodzinn\u0105 atmosfer\u0119, a szeroki program dzia\u0142alno\u015bci sprawia, \u017ce tak wiele os\u00f3b znajduje co\u015b ciekawego dla siebie. <a href=\"http:\/\/www.milosnicylasu.olsztyn.pl\/wp-content\/uploads\/2015\/03\/P3210646-www1.jpg\" data-rel=\"lightbox-image-8\" data-magnific_type=\"image\" data-rl_title=\"\" data-rl_caption=\"\" title=\"\"><img loading=\"lazy\" decoding=\"async\" class=\"size-medium wp-image-1703 alignleft\" src=\"http:\/\/www.milosnicylasu.olsztyn.pl\/wp-content\/uploads\/2015\/03\/P3210646-www1-300x225.jpg\" alt=\"\" width=\"300\" height=\"225\" srcset=\"https:\/\/www.milosnicylasu.olsztyn.pl\/wp-content\/uploads\/2015\/03\/P3210646-www1-300x225.jpg 300w, https:\/\/www.milosnicylasu.olsztyn.pl\/wp-content\/uploads\/2015\/03\/P3210646-www1-400x300.jpg 400w, https:\/\/www.milosnicylasu.olsztyn.pl\/wp-content\/uploads\/2015\/03\/P3210646-www1.jpg 1024w\" sizes=\"auto, (max-width: 300px) 100vw, 300px\" \/><\/a>Jeste\u015bmy stowarzyszeniem ludzi, kt\u00f3rym dobro naszych las\u00f3w le\u017cy g\u0142\u0119boko na sercu. Cieszy nas bogactwo i r\u00f3\u017cnorodno\u015b\u0107 naszych las\u00f3w. Troszczymy si\u0119 o to, aby przysz\u0142e pokolenia mog\u0142y r\u00f3wnie\u017c korzysta\u0107 z dobrodziejstw przyrody. W tym celu sadzimy i sprz\u0105tamy las, w okresie zimy dokarmiamy le\u015bne zwierz\u0119ta.,<\/p>\n","protected":false},"excerpt":{"rendered":"<p>W tym roku Ko\u0142o Mi\u0142o\u015bnik\u00f3w Lasu i Militari\u00f3w LOK przy ATW w Olsztynie obchodzi dziesi\u0105t\u0105 rocznic\u0119 swojego istnienia. Nasz jubileusz obchodzili\u015bmy oczywi\u015bcie \u2026..w lesie, w zaprzyja\u017anionym Le\u015bnictwie Stary Dw\u00f3r, w Nadle\u015bnictwie Kudypy. By\u0142a to okazja do spotkania i do wspominania licznych imprez organizowanych dla cz\u0142onk\u00f3w Ko\u0142a, ich rodzin i sympatyk\u00f3w. A w Kole dzieje si\u0119 [&hellip;]<\/p>\n","protected":false},"author":2,"featured_media":0,"comment_status":"open","ping_status":"open","sticky":false,"template":"","format":"standard","meta":{"footnotes":""},"categories":[1,9,17,6,11],"tags":[],"class_list":["post-4779","post","type-post","status-publish","format-standard","hentry","category-bez-kategorii","category-ciekawostki","category-edukacja-w-terenie","category-odznaczenia","category-spotkania-artystyczne"],"_links":{"self":[{"href":"https:\/\/www.milosnicylasu.olsztyn.pl\/index.php?rest_route=\/wp\/v2\/posts\/4779","targetHints":{"allow":["GET"]}}],"collection":[{"href":"https:\/\/www.milosnicylasu.olsztyn.pl\/index.php?rest_route=\/wp\/v2\/posts"}],"about":[{"href":"https:\/\/www.milosnicylasu.olsztyn.pl\/index.php?rest_route=\/wp\/v2\/types\/post"}],"author":[{"embeddable":true,"href":"https:\/\/www.milosnicylasu.olsztyn.pl\/index.php?rest_route=\/wp\/v2\/users\/2"}],"replies":[{"embeddable":true,"href":"https:\/\/www.milosnicylasu.olsztyn.pl\/index.php?rest_route=%2Fwp%2Fv2%2Fcomments&post=4779"}],"version-history":[{"count":3,"href":"https:\/\/www.milosnicylasu.olsztyn.pl\/index.php?rest_route=\/wp\/v2\/posts\/4779\/revisions"}],"predecessor-version":[{"id":4782,"href":"https:\/\/www.milosnicylasu.olsztyn.pl\/index.php?rest_route=\/wp\/v2\/posts\/4779\/revisions\/4782"}],"wp:attachment":[{"href":"https:\/\/www.milosnicylasu.olsztyn.pl\/index.php?rest_route=%2Fwp%2Fv2%2Fmedia&parent=4779"}],"wp:term":[{"taxonomy":"category","embeddable":true,"href":"https:\/\/www.milosnicylasu.olsztyn.pl\/index.php?rest_route=%2Fwp%2Fv2%2Fcategories&post=4779"},{"taxonomy":"post_tag","embeddable":true,"href":"https:\/\/www.milosnicylasu.olsztyn.pl\/index.php?rest_route=%2Fwp%2Fv2%2Ftags&post=4779"}],"curies":[{"name":"wp","href":"https:\/\/api.w.org\/{rel}","templated":true}]}}