{"id":4784,"date":"2019-05-23T08:52:40","date_gmt":"2019-05-23T06:52:40","guid":{"rendered":"http:\/\/www.milosnicylasu.olsztyn.pl\/?p=4784"},"modified":"2019-05-25T06:46:39","modified_gmt":"2019-05-25T04:46:39","slug":"0-rocznica-powstania-kmlim-majowka","status":"publish","type":"post","link":"https:\/\/www.milosnicylasu.olsztyn.pl\/?p=4784","title":{"rendered":"10 rocznica powstania KMLiM &#8211; maj\u00f3wka"},"content":{"rendered":"<p>Min\u0119\u0142o 10 lat w kwietniu, jak 40 os\u00f3b postanowi\u0142o za\u0142o\u017cy\u0107 Ko\u0142o Mi\u0142o\u015bnik\u00f3w Las\u00f3w i Militari\u00f3w LOK przy Akademii Trzeciego Wieku w Olsztynie.\u00a0 Pod koniec grudnia 2009 roku by\u0142o nas ju\u017c 96 os\u00f3b. Podczas maj\u00f3wki w Le\u015bnictwie Stary Dw\u00f3r Nadle\u015bnictwa Kudypy zastanawiali\u015bmy si\u0119 jak szybko p\u0142ynie czas.<a href=\"http:\/\/www.milosnicylasu.olsztyn.pl\/wp-content\/uploads\/2019\/05\/IMG_20190511_111136-www.jpg\" data-rel=\"lightbox-image-0\" data-magnific_type=\"image\" data-rl_title=\"\" data-rl_caption=\"\" title=\"\"><img loading=\"lazy\" decoding=\"async\" class=\"size-medium wp-image-4785 alignleft\" src=\"http:\/\/www.milosnicylasu.olsztyn.pl\/wp-content\/uploads\/2019\/05\/IMG_20190511_111136-www-300x225.jpg\" alt=\"\" width=\"300\" height=\"225\" srcset=\"https:\/\/www.milosnicylasu.olsztyn.pl\/wp-content\/uploads\/2019\/05\/IMG_20190511_111136-www-300x225.jpg 300w, https:\/\/www.milosnicylasu.olsztyn.pl\/wp-content\/uploads\/2019\/05\/IMG_20190511_111136-www-768x576.jpg 768w, https:\/\/www.milosnicylasu.olsztyn.pl\/wp-content\/uploads\/2019\/05\/IMG_20190511_111136-www.jpg 1024w, https:\/\/www.milosnicylasu.olsztyn.pl\/wp-content\/uploads\/2019\/05\/IMG_20190511_111136-www-400x300.jpg 400w\" sizes=\"auto, (max-width: 300px) 100vw, 300px\" \/><\/a><\/p>\n<p>Aktualnie Ko\u0142o liczy 122 os\u00f3b, z kt\u00f3rych wi\u0119kszo\u015b\u0107 przyby\u0142a na to nasze wielkie \u015bwi\u0119to, kt\u00f3re rozpocz\u0105\u0142 Prezes Anatol Leszczy\u0144ski,\u00a0 przywita\u0142 go\u015bci i cz\u0142onk\u00f3w Ko\u0142a, przypomnia\u0142 o naszych dokonaniach i wr\u0119czy\u0142 dyplomy, medale, odznaczenia.<a href=\"http:\/\/www.milosnicylasu.olsztyn.pl\/wp-content\/uploads\/2019\/05\/DSCN3148-www.jpg\" data-rel=\"lightbox-image-1\" data-magnific_type=\"image\" data-rl_title=\"\" data-rl_caption=\"\" title=\"\"><img loading=\"lazy\" decoding=\"async\" class=\"size-medium wp-image-4786 alignright\" src=\"http:\/\/www.milosnicylasu.olsztyn.pl\/wp-content\/uploads\/2019\/05\/DSCN3148-www-300x225.jpg\" alt=\"\" width=\"300\" height=\"225\" srcset=\"https:\/\/www.milosnicylasu.olsztyn.pl\/wp-content\/uploads\/2019\/05\/DSCN3148-www-300x225.jpg 300w, https:\/\/www.milosnicylasu.olsztyn.pl\/wp-content\/uploads\/2019\/05\/DSCN3148-www-768x576.jpg 768w, https:\/\/www.milosnicylasu.olsztyn.pl\/wp-content\/uploads\/2019\/05\/DSCN3148-www.jpg 1024w, https:\/\/www.milosnicylasu.olsztyn.pl\/wp-content\/uploads\/2019\/05\/DSCN3148-www-400x300.jpg 400w\" sizes=\"auto, (max-width: 300px) 100vw, 300px\" \/><\/a><\/p>\n<p>&nbsp;<\/p>\n<p>&nbsp;<\/p>\n<p>&nbsp;<\/p>\n<p>Z 40 os\u00f3b, kt\u00f3re zak\u0142ada\u0142o Ko\u0142o, w zaj\u0119ciach czynnie uczestnicz\u0105\u00a0 jeszcze 22 osoby, kt\u00f3re otrzyma\u0142y &#8222;Dyplomy Za\u0142o\u017cycieli Ko\u0142a&#8221;.<\/p>\n<p>&nbsp;<\/p>\n<p><a href=\"http:\/\/www.milosnicylasu.olsztyn.pl\/wp-content\/uploads\/2019\/05\/P5150020-www.jpg\" data-rel=\"lightbox-image-2\" data-magnific_type=\"image\" data-rl_title=\"\" data-rl_caption=\"\" title=\"\"><img loading=\"lazy\" decoding=\"async\" class=\"size-medium wp-image-4788 alignleft\" src=\"http:\/\/www.milosnicylasu.olsztyn.pl\/wp-content\/uploads\/2019\/05\/P5150020-www-225x300.jpg\" alt=\"\" width=\"225\" height=\"300\" srcset=\"https:\/\/www.milosnicylasu.olsztyn.pl\/wp-content\/uploads\/2019\/05\/P5150020-www-225x300.jpg 225w, https:\/\/www.milosnicylasu.olsztyn.pl\/wp-content\/uploads\/2019\/05\/P5150020-www.jpg 768w\" sizes=\"auto, (max-width: 225px) 100vw, 225px\" \/><\/a><\/p>\n<p><strong>Grzegorz Kluczek, Janina Kluczek, Micha\u0142 K\u0142\u0119bukowski,\u00a0 Teresa Tabor, Krystyna Leszczy\u0144ska, Basia Bruzgo, Ryszarda \u017buk- K\u0142\u0119bukowska, Jolanta Gazda, Zdzis\u0142awa Biernatowska, Ryszarda Wiejek, Zofia Sydoruk, Anna \u017bmuda, Zofia Siemianowska, Janina Wojnicz, Renata Janicka, Bo\u017cena B\u0142aszczuk, Tamara Go\u0142dys, Krystyna Pietkun, Wies\u0142awa Filipek, Teresa Go\u0142\u0119biewska, Jan Filipek, Anatol Leszczy\u0144ski.<a href=\"http:\/\/www.milosnicylasu.olsztyn.pl\/wp-content\/uploads\/2019\/05\/IMG_20190511_111323-www.jpg\" data-rel=\"lightbox-image-3\" data-magnific_type=\"image\" data-rl_title=\"\" data-rl_caption=\"\" title=\"\"><img loading=\"lazy\" decoding=\"async\" class=\"alignnone size-medium wp-image-4793\" src=\"http:\/\/www.milosnicylasu.olsztyn.pl\/wp-content\/uploads\/2019\/05\/IMG_20190511_111323-www-300x225.jpg\" alt=\"\" width=\"300\" height=\"225\" srcset=\"https:\/\/www.milosnicylasu.olsztyn.pl\/wp-content\/uploads\/2019\/05\/IMG_20190511_111323-www-300x225.jpg 300w, https:\/\/www.milosnicylasu.olsztyn.pl\/wp-content\/uploads\/2019\/05\/IMG_20190511_111323-www-768x576.jpg 768w, https:\/\/www.milosnicylasu.olsztyn.pl\/wp-content\/uploads\/2019\/05\/IMG_20190511_111323-www.jpg 1024w, https:\/\/www.milosnicylasu.olsztyn.pl\/wp-content\/uploads\/2019\/05\/IMG_20190511_111323-www-400x300.jpg 400w\" sizes=\"auto, (max-width: 300px) 100vw, 300px\" \/><\/a><\/strong><\/p>\n<p>Srebrne Odznaki Zas\u0142u\u017conego Dzia\u0142acza LOK przyznano : <strong>Ma\u0142gorzacie Pacyga, Teresie Mielczarskiej, Helenie Fiedoruk, Marii Soral-\u015amietanie, Ryszardzie Wiejek, Teresie \u017bemojcin, Zofii Siemianowskiej, Annie Kukli\u0144skiej, Paw\u0142owi Taborowi, Arkadiuszowi Mrozowskiemu, Henrykowi B\u0142aszczukowi.\u00a0<a href=\"http:\/\/www.milosnicylasu.olsztyn.pl\/wp-content\/uploads\/2019\/05\/DSCF7350.jpg\" data-rel=\"lightbox-image-4\" data-magnific_type=\"image\" data-rl_title=\"\" data-rl_caption=\"\" title=\"\"><img loading=\"lazy\" decoding=\"async\" class=\"size-medium wp-image-4792 alignright\" src=\"http:\/\/www.milosnicylasu.olsztyn.pl\/wp-content\/uploads\/2019\/05\/DSCF7350-300x225.jpg\" alt=\"\" width=\"300\" height=\"225\" srcset=\"https:\/\/www.milosnicylasu.olsztyn.pl\/wp-content\/uploads\/2019\/05\/DSCF7350-300x225.jpg 300w, https:\/\/www.milosnicylasu.olsztyn.pl\/wp-content\/uploads\/2019\/05\/DSCF7350-768x576.jpg 768w, https:\/\/www.milosnicylasu.olsztyn.pl\/wp-content\/uploads\/2019\/05\/DSCF7350.jpg 1024w, https:\/\/www.milosnicylasu.olsztyn.pl\/wp-content\/uploads\/2019\/05\/DSCF7350-400x300.jpg 400w\" sizes=\"auto, (max-width: 300px) 100vw, 300px\" \/><\/a><\/strong><\/p>\n<p>Wyj\u0105tkowe, zaszczytne wyr\u00f3\u017cnienie spotka\u0142o\u00a0<strong>Teres\u0119 Tabor<\/strong>, kt\u00f3ra otrzyma\u0142a Srebrny Krzy\u017c Zas\u0142ugi\u00a0 &#8222;Za Zas\u0142ugi dla K\u017bR&#8221;.<\/p>\n<p><a href=\"http:\/\/www.milosnicylasu.olsztyn.pl\/wp-content\/uploads\/2019\/05\/DSCN0117-www.jpg\" data-rel=\"lightbox-image-5\" data-magnific_type=\"image\" data-rl_title=\"\" data-rl_caption=\"\" title=\"\"><img loading=\"lazy\" decoding=\"async\" class=\"size-medium wp-image-4790 alignleft\" src=\"http:\/\/www.milosnicylasu.olsztyn.pl\/wp-content\/uploads\/2019\/05\/DSCN0117-www-300x225.jpg\" alt=\"\" width=\"300\" height=\"225\" srcset=\"https:\/\/www.milosnicylasu.olsztyn.pl\/wp-content\/uploads\/2019\/05\/DSCN0117-www-300x225.jpg 300w, https:\/\/www.milosnicylasu.olsztyn.pl\/wp-content\/uploads\/2019\/05\/DSCN0117-www-768x576.jpg 768w, https:\/\/www.milosnicylasu.olsztyn.pl\/wp-content\/uploads\/2019\/05\/DSCN0117-www.jpg 1024w, https:\/\/www.milosnicylasu.olsztyn.pl\/wp-content\/uploads\/2019\/05\/DSCN0117-www-400x300.jpg 400w\" sizes=\"auto, (max-width: 300px) 100vw, 300px\" \/><\/a>W czasie tej wyj\u0105tkowo pi\u0119knej, wiosennej soboty, zosta\u0142y wr\u0119czone medale zwyci\u0119zcom zawod\u00f3w strzeleckich, kt\u00f3re odby\u0142y si\u0119 6 kwietnia 2019 roku, a by\u0142y to Mistrzostwa Ko\u0142a w Strzelaniu z Broni Sportowej. W konkurencji junior\u00f3w z\u0142oty medal otrzyma\u0142 <strong>Krzysztof Siemakowicz,<\/strong> w konkurencji pa\u0144 z\u0142oty medal przypad\u0142 <strong>Danieli Tyl, srebrny Rysi Wiejek, Br\u0105zowy Eli Piwo\u0144skiej.<\/strong> W konkurencji pan\u00f3w z\u0142oty medal wywalczy\u0142 <strong>J\u00f3zek Gazda, srebrny Waldemar Chrzanowski, Br\u0105zowy Adam Siemakowicz.\u00a0 \u00a0\u00a0<a href=\"http:\/\/www.milosnicylasu.olsztyn.pl\/wp-content\/uploads\/2019\/05\/DSCN3150-www.jpg\" data-rel=\"lightbox-image-6\" data-magnific_type=\"image\" data-rl_title=\"\" data-rl_caption=\"\" title=\"\"><img loading=\"lazy\" decoding=\"async\" class=\"size-medium wp-image-4796 alignleft\" src=\"http:\/\/www.milosnicylasu.olsztyn.pl\/wp-content\/uploads\/2019\/05\/DSCN3150-www-300x225.jpg\" alt=\"\" width=\"300\" height=\"225\" srcset=\"https:\/\/www.milosnicylasu.olsztyn.pl\/wp-content\/uploads\/2019\/05\/DSCN3150-www-300x225.jpg 300w, https:\/\/www.milosnicylasu.olsztyn.pl\/wp-content\/uploads\/2019\/05\/DSCN3150-www-768x576.jpg 768w, https:\/\/www.milosnicylasu.olsztyn.pl\/wp-content\/uploads\/2019\/05\/DSCN3150-www.jpg 1024w, https:\/\/www.milosnicylasu.olsztyn.pl\/wp-content\/uploads\/2019\/05\/DSCN3150-www-400x300.jpg 400w\" sizes=\"auto, (max-width: 300px) 100vw, 300px\" \/><\/a><\/strong><\/p>\n<p>S\u0142odkim akcentem jubileuszowych obchod\u00f3w by\u0142o rozstrzygni\u0119cie konkursu cukierniczego, opracowanego przez Adama Siemakowicza z RDLP w Olsztynie.\u00a0 \u00a0Zdaniem komisji &#8211; Marzena Kicowska Jaro\u0144 &#8211; DAP Olsztyn,\u00a0 Wojciech D\u0105browski -Le\u015bniczy Le\u015bnictwa Stary Dw\u00f3r, Adam Siemakowicz &#8211; wszystkie ciasta by\u0142y bardzo smaczne, ale zwyci\u0119\u017cy\u0142a Wies\u0142awa Filipek z imponuj\u0105cym tortem. Drugie miejsca zaj\u0119\u0142y Teresa \u017bemojcin, Krystyna Leszczy\u0144ska, a trzecie Ma\u0142gorzata Sachnowska, El\u017cbieta Piwo\u0144ska.\u00a0 Gratulujemy!<\/p>\n<p><a href=\"http:\/\/www.milosnicylasu.olsztyn.pl\/wp-content\/uploads\/2019\/05\/DSCN0142-www.jpg\" data-rel=\"lightbox-image-7\" data-magnific_type=\"image\" data-rl_title=\"\" data-rl_caption=\"\" title=\"\"><img loading=\"lazy\" decoding=\"async\" class=\"size-medium wp-image-4794 alignleft\" src=\"http:\/\/www.milosnicylasu.olsztyn.pl\/wp-content\/uploads\/2019\/05\/DSCN0142-www-300x225.jpg\" alt=\"\" width=\"300\" height=\"225\" srcset=\"https:\/\/www.milosnicylasu.olsztyn.pl\/wp-content\/uploads\/2019\/05\/DSCN0142-www-300x225.jpg 300w, https:\/\/www.milosnicylasu.olsztyn.pl\/wp-content\/uploads\/2019\/05\/DSCN0142-www-768x576.jpg 768w, https:\/\/www.milosnicylasu.olsztyn.pl\/wp-content\/uploads\/2019\/05\/DSCN0142-www.jpg 1024w, https:\/\/www.milosnicylasu.olsztyn.pl\/wp-content\/uploads\/2019\/05\/DSCN0142-www-400x300.jpg 400w\" sizes=\"auto, (max-width: 300px) 100vw, 300px\" \/><\/a><\/p>\n<p>&nbsp;<\/p>\n<p>A na koniec jak przysta\u0142o na plenerow\u0105 uroczysto\u015b\u0107 &#8211; pyszna groch\u00f3wka, kt\u00f3ra zorganizowa\u0142a i serwowa\u0142a Stefania Jarczyk.<\/p>\n<p>&nbsp;<\/p>\n<p>&nbsp;<\/p>\n<p><a href=\"http:\/\/www.milosnicylasu.olsztyn.pl\/wp-content\/uploads\/2019\/05\/P5150025-001.jpg\" data-rel=\"lightbox-image-8\" data-magnific_type=\"image\" data-rl_title=\"\" data-rl_caption=\"\" title=\"\"><img loading=\"lazy\" decoding=\"async\" class=\"size-medium wp-image-4799 alignright\" src=\"http:\/\/www.milosnicylasu.olsztyn.pl\/wp-content\/uploads\/2019\/05\/P5150025-001-300x225.jpg\" alt=\"\" width=\"300\" height=\"225\" srcset=\"https:\/\/www.milosnicylasu.olsztyn.pl\/wp-content\/uploads\/2019\/05\/P5150025-001-300x225.jpg 300w, https:\/\/www.milosnicylasu.olsztyn.pl\/wp-content\/uploads\/2019\/05\/P5150025-001-768x576.jpg 768w, https:\/\/www.milosnicylasu.olsztyn.pl\/wp-content\/uploads\/2019\/05\/P5150025-001.jpg 1024w, https:\/\/www.milosnicylasu.olsztyn.pl\/wp-content\/uploads\/2019\/05\/P5150025-001-400x300.jpg 400w\" sizes=\"auto, (max-width: 300px) 100vw, 300px\" \/><\/a><\/p>\n<p>&nbsp;<\/p>\n<p>Wszyscy uczestnicy jubileuszowej maj\u00f3wki otrzymali znaczki okoliczno\u015bciowe, wykonane w-g projektu Jasi i Grzegorza Kluczk\u00f3w.<\/p>\n<p>&nbsp;<\/p>\n","protected":false},"excerpt":{"rendered":"<p>Min\u0119\u0142o 10 lat w kwietniu, jak 40 os\u00f3b postanowi\u0142o za\u0142o\u017cy\u0107 Ko\u0142o Mi\u0142o\u015bnik\u00f3w Las\u00f3w i Militari\u00f3w LOK przy Akademii Trzeciego Wieku w Olsztynie.\u00a0 Pod koniec grudnia 2009 roku by\u0142o nas ju\u017c 96 os\u00f3b. Podczas maj\u00f3wki w Le\u015bnictwie Stary Dw\u00f3r Nadle\u015bnictwa Kudypy zastanawiali\u015bmy si\u0119 jak szybko p\u0142ynie czas. Aktualnie Ko\u0142o liczy 122 os\u00f3b, z kt\u00f3rych wi\u0119kszo\u015b\u0107 przyby\u0142a [&hellip;]<\/p>\n","protected":false},"author":2,"featured_media":0,"comment_status":"open","ping_status":"open","sticky":false,"template":"","format":"standard","meta":{"footnotes":""},"categories":[1,9,13,8,3],"tags":[],"class_list":["post-4784","post","type-post","status-publish","format-standard","hentry","category-bez-kategorii","category-ciekawostki","category-konkursy","category-zawody-strzeleckie","category-zebrania"],"_links":{"self":[{"href":"https:\/\/www.milosnicylasu.olsztyn.pl\/index.php?rest_route=\/wp\/v2\/posts\/4784","targetHints":{"allow":["GET"]}}],"collection":[{"href":"https:\/\/www.milosnicylasu.olsztyn.pl\/index.php?rest_route=\/wp\/v2\/posts"}],"about":[{"href":"https:\/\/www.milosnicylasu.olsztyn.pl\/index.php?rest_route=\/wp\/v2\/types\/post"}],"author":[{"embeddable":true,"href":"https:\/\/www.milosnicylasu.olsztyn.pl\/index.php?rest_route=\/wp\/v2\/users\/2"}],"replies":[{"embeddable":true,"href":"https:\/\/www.milosnicylasu.olsztyn.pl\/index.php?rest_route=%2Fwp%2Fv2%2Fcomments&post=4784"}],"version-history":[{"count":9,"href":"https:\/\/www.milosnicylasu.olsztyn.pl\/index.php?rest_route=\/wp\/v2\/posts\/4784\/revisions"}],"predecessor-version":[{"id":4802,"href":"https:\/\/www.milosnicylasu.olsztyn.pl\/index.php?rest_route=\/wp\/v2\/posts\/4784\/revisions\/4802"}],"wp:attachment":[{"href":"https:\/\/www.milosnicylasu.olsztyn.pl\/index.php?rest_route=%2Fwp%2Fv2%2Fmedia&parent=4784"}],"wp:term":[{"taxonomy":"category","embeddable":true,"href":"https:\/\/www.milosnicylasu.olsztyn.pl\/index.php?rest_route=%2Fwp%2Fv2%2Fcategories&post=4784"},{"taxonomy":"post_tag","embeddable":true,"href":"https:\/\/www.milosnicylasu.olsztyn.pl\/index.php?rest_route=%2Fwp%2Fv2%2Ftags&post=4784"}],"curies":[{"name":"wp","href":"https:\/\/api.w.org\/{rel}","templated":true}]}}