{"id":4803,"date":"2019-05-27T06:15:19","date_gmt":"2019-05-27T04:15:19","guid":{"rendered":"http:\/\/www.milosnicylasu.olsztyn.pl\/?p=4803"},"modified":"2019-05-27T06:15:19","modified_gmt":"2019-05-27T04:15:19","slug":"malowanie-na-kamieniach-2","status":"publish","type":"post","link":"https:\/\/www.milosnicylasu.olsztyn.pl\/?p=4803","title":{"rendered":"Malowanie na kamieniach"},"content":{"rendered":"<p><a href=\"http:\/\/www.milosnicylasu.olsztyn.pl\/wp-content\/uploads\/2019\/05\/DSCN3155-www.jpg\" data-rel=\"lightbox-image-0\" data-magnific_type=\"image\" data-rl_title=\"\" data-rl_caption=\"\" title=\"\"><img loading=\"lazy\" decoding=\"async\" class=\"size-medium wp-image-4804 alignleft\" src=\"http:\/\/www.milosnicylasu.olsztyn.pl\/wp-content\/uploads\/2019\/05\/DSCN3155-www-300x225.jpg\" alt=\"\" width=\"300\" height=\"225\" srcset=\"https:\/\/www.milosnicylasu.olsztyn.pl\/wp-content\/uploads\/2019\/05\/DSCN3155-www-300x225.jpg 300w, https:\/\/www.milosnicylasu.olsztyn.pl\/wp-content\/uploads\/2019\/05\/DSCN3155-www-768x576.jpg 768w, https:\/\/www.milosnicylasu.olsztyn.pl\/wp-content\/uploads\/2019\/05\/DSCN3155-www.jpg 1024w, https:\/\/www.milosnicylasu.olsztyn.pl\/wp-content\/uploads\/2019\/05\/DSCN3155-www-400x300.jpg 400w\" sizes=\"auto, (max-width: 300px) 100vw, 300px\" \/><\/a>\u00a016 maja 2019 r. Tolek Leszczy\u0144ski zaprosi\u0142 cz\u0142onk\u00f3w Ko\u0142a do\u00a0 kolejnych warsztat\u00f3w, w czasie kt\u00f3rych powsta\u0142y ozdoby do ogrodu. Poprzednio by\u0142y to wycinane z drewna zaj\u0105czki, tym razem by\u0142o to malowanie na kamieniach.<a href=\"http:\/\/www.milosnicylasu.olsztyn.pl\/wp-content\/uploads\/2019\/05\/DSCN3159-www.jpg\" data-rel=\"lightbox-image-1\" data-magnific_type=\"image\" data-rl_title=\"\" data-rl_caption=\"\" title=\"\"><img loading=\"lazy\" decoding=\"async\" class=\"size-medium wp-image-4805 alignright\" src=\"http:\/\/www.milosnicylasu.olsztyn.pl\/wp-content\/uploads\/2019\/05\/DSCN3159-www-300x225.jpg\" alt=\"\" width=\"300\" height=\"225\" srcset=\"https:\/\/www.milosnicylasu.olsztyn.pl\/wp-content\/uploads\/2019\/05\/DSCN3159-www-300x225.jpg 300w, https:\/\/www.milosnicylasu.olsztyn.pl\/wp-content\/uploads\/2019\/05\/DSCN3159-www-768x576.jpg 768w, https:\/\/www.milosnicylasu.olsztyn.pl\/wp-content\/uploads\/2019\/05\/DSCN3159-www.jpg 1024w, https:\/\/www.milosnicylasu.olsztyn.pl\/wp-content\/uploads\/2019\/05\/DSCN3159-www-400x300.jpg 400w\" sizes=\"auto, (max-width: 300px) 100vw, 300px\" \/><\/a><\/p>\n<p>W\u0142asnor\u0119cznie pomalowane kamienie stanowi\u0105 znakomity pomys\u0142 na o\u017cywienie architektury przydomowego ogrodu, ale swoj\u0105 dekoracyjn\u0105 funkcj\u0119 doskonale spe\u0142ni\u0105 r\u00f3wnie\u017c na tarasie. Ta forma sztuki\u00a0 zachwyci\u0142a uczestnik\u00f3w warsztat\u00f3w, w czasie kt\u00f3rych powsta\u0142y imponuj\u0105ce kamienne ozdoby\u00a0 stworzone przy wykorzystaniu si\u0142y w\u0142asnej wyobra\u017ani!\u00a0 \u00a0Z pewno\u015bci\u0105 malunki\u00a0 b\u0119d\u0105 wygl\u0105da\u0142y interesuj\u0105co w naszym ogrodzie.<a href=\"http:\/\/www.milosnicylasu.olsztyn.pl\/wp-content\/uploads\/2019\/05\/DSCN3161-www.jpg\" data-rel=\"lightbox-image-2\" data-magnific_type=\"image\" data-rl_title=\"\" data-rl_caption=\"\" title=\"\"><img loading=\"lazy\" decoding=\"async\" class=\"alignnone size-medium wp-image-4806\" src=\"http:\/\/www.milosnicylasu.olsztyn.pl\/wp-content\/uploads\/2019\/05\/DSCN3161-www-300x225.jpg\" alt=\"\" width=\"300\" height=\"225\" srcset=\"https:\/\/www.milosnicylasu.olsztyn.pl\/wp-content\/uploads\/2019\/05\/DSCN3161-www-300x225.jpg 300w, https:\/\/www.milosnicylasu.olsztyn.pl\/wp-content\/uploads\/2019\/05\/DSCN3161-www-768x576.jpg 768w, https:\/\/www.milosnicylasu.olsztyn.pl\/wp-content\/uploads\/2019\/05\/DSCN3161-www.jpg 1024w, https:\/\/www.milosnicylasu.olsztyn.pl\/wp-content\/uploads\/2019\/05\/DSCN3161-www-400x300.jpg 400w\" sizes=\"auto, (max-width: 300px) 100vw, 300px\" \/><\/a><\/p>\n<p>&nbsp;<\/p>\n<p>&nbsp;<\/p>\n","protected":false},"excerpt":{"rendered":"<p>\u00a016 maja 2019 r. Tolek Leszczy\u0144ski zaprosi\u0142 cz\u0142onk\u00f3w Ko\u0142a do\u00a0 kolejnych warsztat\u00f3w, w czasie kt\u00f3rych powsta\u0142y ozdoby do ogrodu. Poprzednio by\u0142y to wycinane z drewna zaj\u0105czki, tym razem by\u0142o to malowanie na kamieniach. W\u0142asnor\u0119cznie pomalowane kamienie stanowi\u0105 znakomity pomys\u0142 na o\u017cywienie architektury przydomowego ogrodu, ale swoj\u0105 dekoracyjn\u0105 funkcj\u0119 doskonale spe\u0142ni\u0105 r\u00f3wnie\u017c na tarasie. Ta forma [&hellip;]<\/p>\n","protected":false},"author":2,"featured_media":0,"comment_status":"open","ping_status":"open","sticky":false,"template":"","format":"standard","meta":{"footnotes":""},"categories":[1,9,11],"tags":[],"class_list":["post-4803","post","type-post","status-publish","format-standard","hentry","category-bez-kategorii","category-ciekawostki","category-spotkania-artystyczne"],"_links":{"self":[{"href":"https:\/\/www.milosnicylasu.olsztyn.pl\/index.php?rest_route=\/wp\/v2\/posts\/4803","targetHints":{"allow":["GET"]}}],"collection":[{"href":"https:\/\/www.milosnicylasu.olsztyn.pl\/index.php?rest_route=\/wp\/v2\/posts"}],"about":[{"href":"https:\/\/www.milosnicylasu.olsztyn.pl\/index.php?rest_route=\/wp\/v2\/types\/post"}],"author":[{"embeddable":true,"href":"https:\/\/www.milosnicylasu.olsztyn.pl\/index.php?rest_route=\/wp\/v2\/users\/2"}],"replies":[{"embeddable":true,"href":"https:\/\/www.milosnicylasu.olsztyn.pl\/index.php?rest_route=%2Fwp%2Fv2%2Fcomments&post=4803"}],"version-history":[{"count":1,"href":"https:\/\/www.milosnicylasu.olsztyn.pl\/index.php?rest_route=\/wp\/v2\/posts\/4803\/revisions"}],"predecessor-version":[{"id":4807,"href":"https:\/\/www.milosnicylasu.olsztyn.pl\/index.php?rest_route=\/wp\/v2\/posts\/4803\/revisions\/4807"}],"wp:attachment":[{"href":"https:\/\/www.milosnicylasu.olsztyn.pl\/index.php?rest_route=%2Fwp%2Fv2%2Fmedia&parent=4803"}],"wp:term":[{"taxonomy":"category","embeddable":true,"href":"https:\/\/www.milosnicylasu.olsztyn.pl\/index.php?rest_route=%2Fwp%2Fv2%2Fcategories&post=4803"},{"taxonomy":"post_tag","embeddable":true,"href":"https:\/\/www.milosnicylasu.olsztyn.pl\/index.php?rest_route=%2Fwp%2Fv2%2Ftags&post=4803"}],"curies":[{"name":"wp","href":"https:\/\/api.w.org\/{rel}","templated":true}]}}