{"id":4816,"date":"2019-06-12T10:52:30","date_gmt":"2019-06-12T08:52:30","guid":{"rendered":"http:\/\/www.milosnicylasu.olsztyn.pl\/?p=4816"},"modified":"2019-06-12T10:57:21","modified_gmt":"2019-06-12T08:57:21","slug":"4816","status":"publish","type":"post","link":"https:\/\/www.milosnicylasu.olsztyn.pl\/?p=4816","title":{"rendered":"Rodzinne Zawody Strzeleckie"},"content":{"rendered":"<p><a href=\"http:\/\/www.milosnicylasu.olsztyn.pl\/wp-content\/uploads\/2019\/06\/DSCN3257-www.jpg\" data-rel=\"lightbox-image-0\" data-magnific_type=\"image\" data-rl_title=\"\" data-rl_caption=\"\" title=\"\"><img loading=\"lazy\" decoding=\"async\" class=\"size-medium wp-image-4817 alignleft\" src=\"http:\/\/www.milosnicylasu.olsztyn.pl\/wp-content\/uploads\/2019\/06\/DSCN3257-www-300x225.jpg\" alt=\"\" width=\"300\" height=\"225\" srcset=\"https:\/\/www.milosnicylasu.olsztyn.pl\/wp-content\/uploads\/2019\/06\/DSCN3257-www-300x225.jpg 300w, https:\/\/www.milosnicylasu.olsztyn.pl\/wp-content\/uploads\/2019\/06\/DSCN3257-www-768x576.jpg 768w, https:\/\/www.milosnicylasu.olsztyn.pl\/wp-content\/uploads\/2019\/06\/DSCN3257-www.jpg 1024w, https:\/\/www.milosnicylasu.olsztyn.pl\/wp-content\/uploads\/2019\/06\/DSCN3257-www-400x300.jpg 400w\" sizes=\"auto, (max-width: 300px) 100vw, 300px\" \/><\/a><\/p>\n<p>Z okazji Dnia Dziecka Ko\u0142o Mi\u0142o\u015bnik\u00f3w Lasu i Militari\u00f3w LOK przy ATW w Olsztynie zorganizowa\u0142o &#8221; Rodzinne Zawody Strzeleckie&#8221; . Zawody odby\u0142y si\u0119 na le\u015bnej strzelnicy LOK-u, zlokalizowanej w Lesie Miejskim w Olsztynie, a strzelali\u015bmy z broni sportowej.<a href=\"http:\/\/www.milosnicylasu.olsztyn.pl\/wp-content\/uploads\/2019\/06\/DSCN3260-www.jpg\" data-rel=\"lightbox-image-1\" data-magnific_type=\"image\" data-rl_title=\"\" data-rl_caption=\"\" title=\"\"><img loading=\"lazy\" decoding=\"async\" class=\"size-medium wp-image-4818 alignright\" src=\"http:\/\/www.milosnicylasu.olsztyn.pl\/wp-content\/uploads\/2019\/06\/DSCN3260-www-300x225.jpg\" alt=\"\" width=\"300\" height=\"225\" srcset=\"https:\/\/www.milosnicylasu.olsztyn.pl\/wp-content\/uploads\/2019\/06\/DSCN3260-www-300x225.jpg 300w, https:\/\/www.milosnicylasu.olsztyn.pl\/wp-content\/uploads\/2019\/06\/DSCN3260-www-768x576.jpg 768w, https:\/\/www.milosnicylasu.olsztyn.pl\/wp-content\/uploads\/2019\/06\/DSCN3260-www.jpg 1024w, https:\/\/www.milosnicylasu.olsztyn.pl\/wp-content\/uploads\/2019\/06\/DSCN3260-www-400x300.jpg 400w\" sizes=\"auto, (max-width: 300px) 100vw, 300px\" \/><\/a><\/p>\n<p>&nbsp;<\/p>\n<p>Jako \u017ce zawody w swoim za\u0142o\u017ceniu mia\u0142y integrowa\u0107 pokolenia, strzelali wnucz\u0119ta i dzieci cz\u0142onk\u00f3w Ko\u0142a w towarzystwie rodzic\u00f3w i dziadk\u00f3w.<\/p>\n<p>&nbsp;<\/p>\n<p><a href=\"http:\/\/www.milosnicylasu.olsztyn.pl\/wp-content\/uploads\/2019\/06\/DSCN3262-www.jpg\" data-rel=\"lightbox-image-2\" data-magnific_type=\"image\" data-rl_title=\"\" data-rl_caption=\"\" title=\"\"><img loading=\"lazy\" decoding=\"async\" class=\"size-medium wp-image-4819 alignleft\" src=\"http:\/\/www.milosnicylasu.olsztyn.pl\/wp-content\/uploads\/2019\/06\/DSCN3262-www-300x225.jpg\" alt=\"\" width=\"300\" height=\"225\" srcset=\"https:\/\/www.milosnicylasu.olsztyn.pl\/wp-content\/uploads\/2019\/06\/DSCN3262-www-300x225.jpg 300w, https:\/\/www.milosnicylasu.olsztyn.pl\/wp-content\/uploads\/2019\/06\/DSCN3262-www-768x576.jpg 768w, https:\/\/www.milosnicylasu.olsztyn.pl\/wp-content\/uploads\/2019\/06\/DSCN3262-www.jpg 1024w, https:\/\/www.milosnicylasu.olsztyn.pl\/wp-content\/uploads\/2019\/06\/DSCN3262-www-400x300.jpg 400w\" sizes=\"auto, (max-width: 300px) 100vw, 300px\" \/><\/a><\/p>\n<p><a href=\"http:\/\/www.milosnicylasu.olsztyn.pl\/wp-content\/uploads\/2019\/06\/DSCN3267-www.jpg\" data-rel=\"lightbox-image-3\" data-magnific_type=\"image\" data-rl_title=\"\" data-rl_caption=\"\" title=\"\"><img loading=\"lazy\" decoding=\"async\" class=\"size-medium wp-image-4820 alignright\" src=\"http:\/\/www.milosnicylasu.olsztyn.pl\/wp-content\/uploads\/2019\/06\/DSCN3267-www-300x225.jpg\" alt=\"\" width=\"300\" height=\"225\" srcset=\"https:\/\/www.milosnicylasu.olsztyn.pl\/wp-content\/uploads\/2019\/06\/DSCN3267-www-300x225.jpg 300w, https:\/\/www.milosnicylasu.olsztyn.pl\/wp-content\/uploads\/2019\/06\/DSCN3267-www-768x576.jpg 768w, https:\/\/www.milosnicylasu.olsztyn.pl\/wp-content\/uploads\/2019\/06\/DSCN3267-www.jpg 1024w, https:\/\/www.milosnicylasu.olsztyn.pl\/wp-content\/uploads\/2019\/06\/DSCN3267-www-400x300.jpg 400w\" sizes=\"auto, (max-width: 300px) 100vw, 300px\" \/><\/a>\u00a0A najlepszymi zawodnikami okazali si\u0119 Igor i Krzysztof Siemakowiczowie, kt\u00f3rzy wystrzelali 88 pkt i zdobyli puchar. II miejsce zaj\u0119li Jacek i \u0141ukasz Kuccy \/74 pkt\/, III miejsce Piotr i Ola Taborowie \/65 pkt\/, IV miejsce Mi\u0142osz, Kinga, Hubert Brzostkowie \/46 pkt\/, V miejsce Natalia i Piotr Michalscy \/37 pkt\/.<\/p>\n<p>Na zako\u0144czenie zawod\u00f3w przedstawiciel Zarz\u0105du Powiatowego LOK\u00a0 s\u0119dzia strzelectwa sportowego Pan J\u00f3zef Klucz pogratulowa\u0142 dobrych wynik\u00f3w w strzelaniu i wr\u0119czy\u0142 puchar i dyplomy.<\/p>\n<p>Na pami\u0105tk\u0119 uczestnictwa w zawodach, zarz\u0105d KMLiM ufundowa\u0142 wszystkim juniorkom i juniorom z\u0142ote medale uczestnictwa.<\/p>\n<p>Pi\u0119kna wiosenna pogoda i\u00a0 dobra organizacja\u00a0 sprawi\u0142y, \u017ce ca\u0142e rodziny dobrze si\u0119 bawi\u0142y.<\/p>\n<p>&nbsp;<\/p>\n","protected":false},"excerpt":{"rendered":"<p>Z okazji Dnia Dziecka Ko\u0142o Mi\u0142o\u015bnik\u00f3w Lasu i Militari\u00f3w LOK przy ATW w Olsztynie zorganizowa\u0142o &#8221; Rodzinne Zawody Strzeleckie&#8221; . Zawody odby\u0142y si\u0119 na le\u015bnej strzelnicy LOK-u, zlokalizowanej w Lesie Miejskim w Olsztynie, a strzelali\u015bmy z broni sportowej. &nbsp; Jako \u017ce zawody w swoim za\u0142o\u017ceniu mia\u0142y integrowa\u0107 pokolenia, strzelali wnucz\u0119ta i dzieci cz\u0142onk\u00f3w Ko\u0142a w [&hellip;]<\/p>\n","protected":false},"author":2,"featured_media":0,"comment_status":"open","ping_status":"open","sticky":false,"template":"","format":"standard","meta":{"footnotes":""},"categories":[1,9,17,15,8],"tags":[],"class_list":["post-4816","post","type-post","status-publish","format-standard","hentry","category-bez-kategorii","category-ciekawostki","category-edukacja-w-terenie","category-komkurs","category-zawody-strzeleckie"],"_links":{"self":[{"href":"https:\/\/www.milosnicylasu.olsztyn.pl\/index.php?rest_route=\/wp\/v2\/posts\/4816","targetHints":{"allow":["GET"]}}],"collection":[{"href":"https:\/\/www.milosnicylasu.olsztyn.pl\/index.php?rest_route=\/wp\/v2\/posts"}],"about":[{"href":"https:\/\/www.milosnicylasu.olsztyn.pl\/index.php?rest_route=\/wp\/v2\/types\/post"}],"author":[{"embeddable":true,"href":"https:\/\/www.milosnicylasu.olsztyn.pl\/index.php?rest_route=\/wp\/v2\/users\/2"}],"replies":[{"embeddable":true,"href":"https:\/\/www.milosnicylasu.olsztyn.pl\/index.php?rest_route=%2Fwp%2Fv2%2Fcomments&post=4816"}],"version-history":[{"count":3,"href":"https:\/\/www.milosnicylasu.olsztyn.pl\/index.php?rest_route=\/wp\/v2\/posts\/4816\/revisions"}],"predecessor-version":[{"id":4823,"href":"https:\/\/www.milosnicylasu.olsztyn.pl\/index.php?rest_route=\/wp\/v2\/posts\/4816\/revisions\/4823"}],"wp:attachment":[{"href":"https:\/\/www.milosnicylasu.olsztyn.pl\/index.php?rest_route=%2Fwp%2Fv2%2Fmedia&parent=4816"}],"wp:term":[{"taxonomy":"category","embeddable":true,"href":"https:\/\/www.milosnicylasu.olsztyn.pl\/index.php?rest_route=%2Fwp%2Fv2%2Fcategories&post=4816"},{"taxonomy":"post_tag","embeddable":true,"href":"https:\/\/www.milosnicylasu.olsztyn.pl\/index.php?rest_route=%2Fwp%2Fv2%2Ftags&post=4816"}],"curies":[{"name":"wp","href":"https:\/\/api.w.org\/{rel}","templated":true}]}}