{"id":4837,"date":"2019-06-21T07:37:35","date_gmt":"2019-06-21T05:37:35","guid":{"rendered":"http:\/\/www.milosnicylasu.olsztyn.pl\/?p=4837"},"modified":"2019-06-21T07:51:22","modified_gmt":"2019-06-21T05:51:22","slug":"4837","status":"publish","type":"post","link":"https:\/\/www.milosnicylasu.olsztyn.pl\/?p=4837","title":{"rendered":"Podgl\u0105danie ptak\u00f3w"},"content":{"rendered":"<p><a href=\"http:\/\/www.milosnicylasu.olsztyn.pl\/wp-content\/uploads\/2019\/06\/DSCN3360-www.jpg\" data-rel=\"lightbox-image-0\" data-magnific_type=\"image\" data-rl_title=\"\" data-rl_caption=\"\" title=\"\"><img loading=\"lazy\" decoding=\"async\" class=\"size-medium wp-image-4838 alignleft\" src=\"http:\/\/www.milosnicylasu.olsztyn.pl\/wp-content\/uploads\/2019\/06\/DSCN3360-www-300x225.jpg\" alt=\"\" width=\"300\" height=\"225\" srcset=\"https:\/\/www.milosnicylasu.olsztyn.pl\/wp-content\/uploads\/2019\/06\/DSCN3360-www-300x225.jpg 300w, https:\/\/www.milosnicylasu.olsztyn.pl\/wp-content\/uploads\/2019\/06\/DSCN3360-www-768x576.jpg 768w, https:\/\/www.milosnicylasu.olsztyn.pl\/wp-content\/uploads\/2019\/06\/DSCN3360-www.jpg 1024w, https:\/\/www.milosnicylasu.olsztyn.pl\/wp-content\/uploads\/2019\/06\/DSCN3360-www-400x300.jpg 400w\" sizes=\"auto, (max-width: 300px) 100vw, 300px\" \/><\/a>15 czerwca 2019 roku cz\u0142onkowie i sympatycy Ko\u0142a Mi\u0142o\u015bnik\u00f3w Lasu i Militari\u00f3w LOK przy ATW w Olsztynie, pod fachow\u0105 opiek\u0105 do\u015bwiadczonego przewodnika ornitologa Pana Mariana Szymkiewicza, udali si\u0119 na do Rezerwatu przyrody\u00a0 Polder S\u0105topy- Samulewo.<a href=\"http:\/\/www.milosnicylasu.olsztyn.pl\/wp-content\/uploads\/2019\/06\/DSCN3385-www.jpg\" data-rel=\"lightbox-image-1\" data-magnific_type=\"image\" data-rl_title=\"\" data-rl_caption=\"\" title=\"\"><img loading=\"lazy\" decoding=\"async\" class=\"size-medium wp-image-4840 alignright\" src=\"http:\/\/www.milosnicylasu.olsztyn.pl\/wp-content\/uploads\/2019\/06\/DSCN3385-www-300x225.jpg\" alt=\"\" width=\"300\" height=\"225\" srcset=\"https:\/\/www.milosnicylasu.olsztyn.pl\/wp-content\/uploads\/2019\/06\/DSCN3385-www-300x225.jpg 300w, https:\/\/www.milosnicylasu.olsztyn.pl\/wp-content\/uploads\/2019\/06\/DSCN3385-www-768x576.jpg 768w, https:\/\/www.milosnicylasu.olsztyn.pl\/wp-content\/uploads\/2019\/06\/DSCN3385-www.jpg 1024w, https:\/\/www.milosnicylasu.olsztyn.pl\/wp-content\/uploads\/2019\/06\/DSCN3385-www-400x300.jpg 400w\" sizes=\"auto, (max-width: 300px) 100vw, 300px\" \/><\/a><a href=\"http:\/\/www.milosnicylasu.olsztyn.pl\/wp-content\/uploads\/2019\/06\/DSCN3372-www.jpg\" data-rel=\"lightbox-image-2\" data-magnific_type=\"image\" data-rl_title=\"\" data-rl_caption=\"\" title=\"\"><img loading=\"lazy\" decoding=\"async\" class=\"size-medium wp-image-4839 alignright\" src=\"http:\/\/www.milosnicylasu.olsztyn.pl\/wp-content\/uploads\/2019\/06\/DSCN3372-www-300x225.jpg\" alt=\"\" width=\"300\" height=\"225\" srcset=\"https:\/\/www.milosnicylasu.olsztyn.pl\/wp-content\/uploads\/2019\/06\/DSCN3372-www-300x225.jpg 300w, https:\/\/www.milosnicylasu.olsztyn.pl\/wp-content\/uploads\/2019\/06\/DSCN3372-www-768x576.jpg 768w, https:\/\/www.milosnicylasu.olsztyn.pl\/wp-content\/uploads\/2019\/06\/DSCN3372-www.jpg 1024w, https:\/\/www.milosnicylasu.olsztyn.pl\/wp-content\/uploads\/2019\/06\/DSCN3372-www-400x300.jpg 400w\" sizes=\"auto, (max-width: 300px) 100vw, 300px\" \/><\/a><\/p>\n<p>Uzbrojeni w lunet\u0119 i lornetki penetrowali\u015bmy rozlewisko wypatruj\u0105c ptak\u00f3w. Wszyscy cieszymy si\u0119\u00a0 ze spotka\u0144 z\u00a0ptakami pospolitymi, cho\u0107by z\u00a0parkow\u0105 sikork\u0105 i\u00a0kwiczo\u0142em w\u00a0przydomowym karmniku ale dla wielu z nas by\u0142o to pierwsze takie bardziej profesjonalne spotkanie z ptakami.<\/p>\n<p>Rezerwat przyrody Polder S\u0105topy-Samulewo jest jednym z najm\u0142odszych w wojew\u00f3dztwie warmi\u0144sko-mazurskim. Ten rezerwat faunistyczny powsta\u0142 w 2009 roku, le\u017cy w gminie Bisztynek, w powiecie bartoszyckim.<\/p>\n<p>Zajmuje powierzchni\u0119 333,30 ha z otulin\u0105 o powierzchni 793 ha.<\/p>\n<p>Celem ochrony jest zachowanie rozlewiska w wid\u0142ach rzek Sajna i Ryn, stanowi\u0105cego l\u0119gowisko licznych gatunk\u00f3w ptak\u00f3w wodno-b\u0142otnych oraz miejsca koncentracji ptak\u00f3w w okresie jesiennych i wiosennych migracji. Okolice rozlewiska to falista wysoczyzna morenowa zbudowana g\u0142\u00f3wnie z glin zwa\u0142owych. Polder to dawne Jezioro Sajno, kt\u00f3re zosta\u0142o osuszone w celach rolniczych w XIX wieku, a obecnie po zaniechaniu intensywnego osuszania ponownie wype\u0142nione jest wod\u0105, stwarzaj\u0105c sprzyjaj\u0105ce miejsce odpoczynku dla licznych ptak\u00f3w przelotnych. Liczba ptak\u00f3w wodno-b\u0142otnych, podczas migracji przekracza cz\u0119sto nawet 30000 osobnik\u00f3w. Zobaczy\u0107 tu mo\u017cna \u017curawia, kt\u00f3ry w okresie migracji gromadzi si\u0119 na noclegowisko w liczbie do 3 000 osobnik\u00f3w. Ponadto s\u0105 tu gatunki ptak\u00f3w w\u0119drownych takich jak: g\u0119\u015b zbo\u017cowa, g\u0119\u015b bia\u0142oczelna, g\u0119\u015b g\u0119gawa. Wspaniale prezentuj\u0105 si\u0119 stada krzy\u017c\u00f3wek, \u015bwistun\u00f3w, cyraneczek, \u015bmieszek, g\u0142owienek, czernicy, batalion\u00f3w, g\u0105go\u0142\u00f3w, kulika wielkiego, mew pospolitych, \u0142ab\u0119dzi niemych, \u0142ysek, mew bia\u0142og\u0142owych, siewek z\u0142otych, czajek, kormoran\u00f3w i wielu innych, cz\u0119sto rzadkich ptak\u00f3w.W ca\u0142ej p\u00f3\u0142nocno- wschodniej Polsce nie ma tak du\u017cego skupiska ptak\u00f3w, st\u0105d obszar ten jest bardzo cenny pod wzgl\u0119dem ornitologicznym.\u00a0<a href=\"http:\/\/www.milosnicylasu.olsztyn.pl\/wp-content\/uploads\/2019\/06\/DSCN3378-www.jpg\" data-rel=\"lightbox-image-3\" data-magnific_type=\"image\" data-rl_title=\"\" data-rl_caption=\"\" title=\"\"><img loading=\"lazy\" decoding=\"async\" class=\"size-medium wp-image-4841 alignleft\" src=\"http:\/\/www.milosnicylasu.olsztyn.pl\/wp-content\/uploads\/2019\/06\/DSCN3378-www-300x225.jpg\" alt=\"\" width=\"300\" height=\"225\" srcset=\"https:\/\/www.milosnicylasu.olsztyn.pl\/wp-content\/uploads\/2019\/06\/DSCN3378-www-300x225.jpg 300w, https:\/\/www.milosnicylasu.olsztyn.pl\/wp-content\/uploads\/2019\/06\/DSCN3378-www-768x576.jpg 768w, https:\/\/www.milosnicylasu.olsztyn.pl\/wp-content\/uploads\/2019\/06\/DSCN3378-www.jpg 1024w, https:\/\/www.milosnicylasu.olsztyn.pl\/wp-content\/uploads\/2019\/06\/DSCN3378-www-400x300.jpg 400w\" sizes=\"auto, (max-width: 300px) 100vw, 300px\" \/><\/a><\/p>\n<p>&nbsp;<\/p>\n<p>Cz\u0142onkowie Ko\u0142a Mi\u0142o\u015bnik\u00f3w Lasu i Militari\u00f3w LOK przy ATW w Olsztynie odwiedzili Rezerwat w po\u0142owie czerwca 2019r. <a href=\"http:\/\/www.milosnicylasu.olsztyn.pl\/wp-content\/uploads\/2019\/06\/DSCN3384-www.jpg\" data-rel=\"lightbox-image-4\" data-magnific_type=\"image\" data-rl_title=\"\" data-rl_caption=\"\" title=\"\"><img loading=\"lazy\" decoding=\"async\" class=\"size-medium wp-image-4842 alignright\" src=\"http:\/\/www.milosnicylasu.olsztyn.pl\/wp-content\/uploads\/2019\/06\/DSCN3384-www-300x225.jpg\" alt=\"\" width=\"300\" height=\"225\" srcset=\"https:\/\/www.milosnicylasu.olsztyn.pl\/wp-content\/uploads\/2019\/06\/DSCN3384-www-300x225.jpg 300w, https:\/\/www.milosnicylasu.olsztyn.pl\/wp-content\/uploads\/2019\/06\/DSCN3384-www-768x576.jpg 768w, https:\/\/www.milosnicylasu.olsztyn.pl\/wp-content\/uploads\/2019\/06\/DSCN3384-www.jpg 1024w, https:\/\/www.milosnicylasu.olsztyn.pl\/wp-content\/uploads\/2019\/06\/DSCN3384-www-400x300.jpg 400w\" sizes=\"auto, (max-width: 300px) 100vw, 300px\" \/><\/a><\/p>\n<p>&nbsp;<\/p>\n<p>Nie wida\u0107 jeszcze ptasiej gromady, bo nie jest to czas w\u0119dr\u00f3wek ptak\u00f3w. Polder o\u017cywa dopiero wiosn\u0105 i jesieni\u0105. I mo\u017ce tam niebawem wr\u00f3cimy i zobaczymy te tysi\u0105ce&#8230;&#8230; W czasie sobotniego wypadu widzieli\u015bmy kilkana\u015bcie przedstawicieli ptak\u00f3w a wiele wi\u0119cej s\u0142yszeli\u015bmy.<a href=\"http:\/\/www.milosnicylasu.olsztyn.pl\/wp-content\/uploads\/2019\/06\/DSCN3389-www.jpg\" data-rel=\"lightbox-image-5\" data-magnific_type=\"image\" data-rl_title=\"\" data-rl_caption=\"\" title=\"\"><img loading=\"lazy\" decoding=\"async\" class=\"size-medium wp-image-4843 alignleft\" src=\"http:\/\/www.milosnicylasu.olsztyn.pl\/wp-content\/uploads\/2019\/06\/DSCN3389-www-300x225.jpg\" alt=\"\" width=\"300\" height=\"225\" srcset=\"https:\/\/www.milosnicylasu.olsztyn.pl\/wp-content\/uploads\/2019\/06\/DSCN3389-www-300x225.jpg 300w, https:\/\/www.milosnicylasu.olsztyn.pl\/wp-content\/uploads\/2019\/06\/DSCN3389-www-768x576.jpg 768w, https:\/\/www.milosnicylasu.olsztyn.pl\/wp-content\/uploads\/2019\/06\/DSCN3389-www.jpg 1024w, https:\/\/www.milosnicylasu.olsztyn.pl\/wp-content\/uploads\/2019\/06\/DSCN3389-www-400x300.jpg 400w\" sizes=\"auto, (max-width: 300px) 100vw, 300px\" \/><\/a><\/p>\n<p>&nbsp;<\/p>\n<p>Dzi\u0119kujemy Panu Marianowi za poprowadzenie nas po pi\u0119knym zielonym rezerwacie, za pomoc w rozpoznawaniu g\u0142osu ptak\u00f3w, za pokazanie ptak\u00f3w przy pomocy profesjonalnego sprz\u0119tu. Wielu z nas zauroczonych sobotnim wypadem mo\u017ce zacznie rozwija\u0107 now\u0105 pasj\u0119.<\/p>\n<p>Dzi\u0119kujemy!<\/p>\n<p>Organizatorami wyjazdu byli Basia Bruzgo i Anatol Leszczy\u0144ski.<\/p>\n<p>&nbsp;<\/p>\n","protected":false},"excerpt":{"rendered":"<p>15 czerwca 2019 roku cz\u0142onkowie i sympatycy Ko\u0142a Mi\u0142o\u015bnik\u00f3w Lasu i Militari\u00f3w LOK przy ATW w Olsztynie, pod fachow\u0105 opiek\u0105 do\u015bwiadczonego przewodnika ornitologa Pana Mariana Szymkiewicza, udali si\u0119 na do Rezerwatu przyrody\u00a0 Polder S\u0105topy- Samulewo. Uzbrojeni w lunet\u0119 i lornetki penetrowali\u015bmy rozlewisko wypatruj\u0105c ptak\u00f3w. Wszyscy cieszymy si\u0119\u00a0 ze spotka\u0144 z\u00a0ptakami pospolitymi, cho\u0107by z\u00a0parkow\u0105 sikork\u0105 i\u00a0kwiczo\u0142em [&hellip;]<\/p>\n","protected":false},"author":2,"featured_media":0,"comment_status":"open","ping_status":"open","sticky":false,"template":"","format":"standard","meta":{"footnotes":""},"categories":[1,9,17,5],"tags":[],"class_list":["post-4837","post","type-post","status-publish","format-standard","hentry","category-bez-kategorii","category-ciekawostki","category-edukacja-w-terenie","category-wycieczki"],"_links":{"self":[{"href":"https:\/\/www.milosnicylasu.olsztyn.pl\/index.php?rest_route=\/wp\/v2\/posts\/4837","targetHints":{"allow":["GET"]}}],"collection":[{"href":"https:\/\/www.milosnicylasu.olsztyn.pl\/index.php?rest_route=\/wp\/v2\/posts"}],"about":[{"href":"https:\/\/www.milosnicylasu.olsztyn.pl\/index.php?rest_route=\/wp\/v2\/types\/post"}],"author":[{"embeddable":true,"href":"https:\/\/www.milosnicylasu.olsztyn.pl\/index.php?rest_route=\/wp\/v2\/users\/2"}],"replies":[{"embeddable":true,"href":"https:\/\/www.milosnicylasu.olsztyn.pl\/index.php?rest_route=%2Fwp%2Fv2%2Fcomments&post=4837"}],"version-history":[{"count":2,"href":"https:\/\/www.milosnicylasu.olsztyn.pl\/index.php?rest_route=\/wp\/v2\/posts\/4837\/revisions"}],"predecessor-version":[{"id":4845,"href":"https:\/\/www.milosnicylasu.olsztyn.pl\/index.php?rest_route=\/wp\/v2\/posts\/4837\/revisions\/4845"}],"wp:attachment":[{"href":"https:\/\/www.milosnicylasu.olsztyn.pl\/index.php?rest_route=%2Fwp%2Fv2%2Fmedia&parent=4837"}],"wp:term":[{"taxonomy":"category","embeddable":true,"href":"https:\/\/www.milosnicylasu.olsztyn.pl\/index.php?rest_route=%2Fwp%2Fv2%2Fcategories&post=4837"},{"taxonomy":"post_tag","embeddable":true,"href":"https:\/\/www.milosnicylasu.olsztyn.pl\/index.php?rest_route=%2Fwp%2Fv2%2Ftags&post=4837"}],"curies":[{"name":"wp","href":"https:\/\/api.w.org\/{rel}","templated":true}]}}