{"id":4847,"date":"2019-06-23T14:33:31","date_gmt":"2019-06-23T12:33:31","guid":{"rendered":"http:\/\/www.milosnicylasu.olsztyn.pl\/?p=4847"},"modified":"2019-06-23T14:33:31","modified_gmt":"2019-06-23T12:33:31","slug":"zaproszenie-na-finisaz","status":"publish","type":"post","link":"https:\/\/www.milosnicylasu.olsztyn.pl\/?p=4847","title":{"rendered":"Zaproszenie na finisa\u017c"},"content":{"rendered":"<p>Wielu z nas, mo\u017ce wszyscy uczestniczyli w wernisa\u017cach, ale czy kto\u015b by\u0142 na finisa\u017cu ? Ale jest szansa.<\/p>\n<p><strong>Finisa\u017c to uroczyste zako\u0144czenie i podsumowanie wystawy.<\/strong><\/p>\n<p>Na Finisa\u017c wystawy &#8222;\u0141\u0105czy nas pasja&#8221;, w pi\u0119knych wn\u0119trzach go\u015bcinnej <strong>Biblioteki Uniwersyteckiej,<\/strong> zapraszaj\u0105 malarki z Grupy Plastycznej &#8222;Paleta&#8221; <strong>w \u015brod\u0119 26 czerwca o godzinie 18:00.<\/strong> Organizatorem wystawy jest Stowarzyszenie Absolwent\u00f3w Uniwersytetu Warmi\u0144sko-Mazurskiego.<br \/>\nNa spotkaniu porozmawiamy o sztuce i pos\u0142uchamy muzyki w wykonaniu &#8222;Studia Piosenki&#8221; Gminnego O\u015brodka Kultury w Dywitach pod kierunkiem Krzysztofa W\u0142odarskiego. Wystawa trwa od 4 do 28 czerwca, 28 malarek amatorek prezentuje na niej 60 obraz\u00f3w wykonanych w r\u00f3\u017cnych technikach i o r\u00f3\u017cnorodnej tematyce. Grupa Plastyczna &#8222;Paleta&#8221; ju\u017c od 15 lat dzia\u0142a w Gminnym O\u015brodku Kultury w Dywitach. Jej uczestniczki wielokrotnie by\u0142y nagradzane w konkursach i przegl\u0105dach tw\u00f3rczo\u015bci nieprofesjonalnej. Je\u017celi kto\u015b marzy, aby rozpocz\u0105\u0107 swoja przygod\u0119 z malarstwem, na pewno na tej wystawie znajdzie inspiracje i cenne rady do\u015bwiadczonych artystek.<\/p>\n","protected":false},"excerpt":{"rendered":"<p>Wielu z nas, mo\u017ce wszyscy uczestniczyli w wernisa\u017cach, ale czy kto\u015b by\u0142 na finisa\u017cu ? Ale jest szansa. Finisa\u017c to uroczyste zako\u0144czenie i podsumowanie wystawy. Na Finisa\u017c wystawy &#8222;\u0141\u0105czy nas pasja&#8221;, w pi\u0119knych wn\u0119trzach go\u015bcinnej Biblioteki Uniwersyteckiej, zapraszaj\u0105 malarki z Grupy Plastycznej &#8222;Paleta&#8221; w \u015brod\u0119 26 czerwca o godzinie 18:00. Organizatorem wystawy jest Stowarzyszenie Absolwent\u00f3w [&hellip;]<\/p>\n","protected":false},"author":2,"featured_media":0,"comment_status":"open","ping_status":"open","sticky":false,"template":"","format":"standard","meta":{"footnotes":""},"categories":[1,9],"tags":[],"class_list":["post-4847","post","type-post","status-publish","format-standard","hentry","category-bez-kategorii","category-ciekawostki"],"_links":{"self":[{"href":"https:\/\/www.milosnicylasu.olsztyn.pl\/index.php?rest_route=\/wp\/v2\/posts\/4847","targetHints":{"allow":["GET"]}}],"collection":[{"href":"https:\/\/www.milosnicylasu.olsztyn.pl\/index.php?rest_route=\/wp\/v2\/posts"}],"about":[{"href":"https:\/\/www.milosnicylasu.olsztyn.pl\/index.php?rest_route=\/wp\/v2\/types\/post"}],"author":[{"embeddable":true,"href":"https:\/\/www.milosnicylasu.olsztyn.pl\/index.php?rest_route=\/wp\/v2\/users\/2"}],"replies":[{"embeddable":true,"href":"https:\/\/www.milosnicylasu.olsztyn.pl\/index.php?rest_route=%2Fwp%2Fv2%2Fcomments&post=4847"}],"version-history":[{"count":1,"href":"https:\/\/www.milosnicylasu.olsztyn.pl\/index.php?rest_route=\/wp\/v2\/posts\/4847\/revisions"}],"predecessor-version":[{"id":4848,"href":"https:\/\/www.milosnicylasu.olsztyn.pl\/index.php?rest_route=\/wp\/v2\/posts\/4847\/revisions\/4848"}],"wp:attachment":[{"href":"https:\/\/www.milosnicylasu.olsztyn.pl\/index.php?rest_route=%2Fwp%2Fv2%2Fmedia&parent=4847"}],"wp:term":[{"taxonomy":"category","embeddable":true,"href":"https:\/\/www.milosnicylasu.olsztyn.pl\/index.php?rest_route=%2Fwp%2Fv2%2Fcategories&post=4847"},{"taxonomy":"post_tag","embeddable":true,"href":"https:\/\/www.milosnicylasu.olsztyn.pl\/index.php?rest_route=%2Fwp%2Fv2%2Ftags&post=4847"}],"curies":[{"name":"wp","href":"https:\/\/api.w.org\/{rel}","templated":true}]}}