{"id":4981,"date":"2019-09-19T07:42:06","date_gmt":"2019-09-19T05:42:06","guid":{"rendered":"http:\/\/www.milosnicylasu.olsztyn.pl\/?p=4981"},"modified":"2019-09-19T07:42:45","modified_gmt":"2019-09-19T05:42:45","slug":"lifting-na-10-lecie","status":"publish","type":"post","link":"https:\/\/www.milosnicylasu.olsztyn.pl\/?p=4981","title":{"rendered":"Lifting na 10-lecie"},"content":{"rendered":"<p>Mamy nadziej\u0119, \u017ce wakacje si\u0119 uda\u0142y, \u017ce wszyscy cz\u0142onkowie Ko\u0142a Mi\u0142o\u015bnik\u00f3w Lasu i Militari\u00f3w LOK przy ATW w Olsztynie wypocz\u0119li, a teraz do &#8222;roboty&#8221;. Zaj\u0119cia zaczynamy tradycyjnie w pierwszy czwartek miesi\u0105ca tj. 3 pa\u017adziernika 2019 r, na spotkaniu w RDLP w Olsztynie o godzinie 15.00.<\/p>\n<p><a href=\"http:\/\/www.milosnicylasu.olsztyn.pl\/wp-content\/uploads\/2018\/08\/P7190026-www.jpg\" data-rel=\"lightbox-image-0\" data-magnific_type=\"image\" data-rl_title=\"\" data-rl_caption=\"\" title=\"\"><img loading=\"lazy\" decoding=\"async\" class=\"size-medium wp-image-4236 alignleft\" src=\"http:\/\/www.milosnicylasu.olsztyn.pl\/wp-content\/uploads\/2018\/08\/P7190026-www-300x225.jpg\" alt=\"\" width=\"300\" height=\"225\" srcset=\"https:\/\/www.milosnicylasu.olsztyn.pl\/wp-content\/uploads\/2018\/08\/P7190026-www-300x225.jpg 300w, https:\/\/www.milosnicylasu.olsztyn.pl\/wp-content\/uploads\/2018\/08\/P7190026-www-768x576.jpg 768w, https:\/\/www.milosnicylasu.olsztyn.pl\/wp-content\/uploads\/2018\/08\/P7190026-www.jpg 1024w, https:\/\/www.milosnicylasu.olsztyn.pl\/wp-content\/uploads\/2018\/08\/P7190026-www-400x300.jpg 400w\" sizes=\"auto, (max-width: 300px) 100vw, 300px\" \/><\/a><\/p>\n<p>My wypoczywali\u015bmy, a w tym czasie\u00a0 nasza strona internetowa przesz\u0142a ma\u0142y lifting.\u00a0 Uaktualniony zosta\u0142 program Word Press, na kt\u00f3rym pracuje nasza strona. Zosta\u0142y uaktualnione wszystkie dodatki i pojawi\u0142 si\u0119 nowy wygl\u0105d strony. Strona poprawnie wy\u015bwietla si\u0119 tak\u017ce na kom\u00f3rkach i tabletach. Samo si\u0119 nie zrobi\u0142o. Napracowali si\u0119 pracownicy Firmy Kappa, kt\u00f3rej w\u0142a\u015bcicielami s\u0105 Tomasz Kicowski i Beata Staro\u0144 Kicowska.\u00a0 Serdecznie dzi\u0119kujemy Firmie z \u0141odzi za wieloletni sponsoring na rzecz Ko\u0142a. Przypomn\u0119, \u017ce strona internetowa dzia\u0142a od 31 marca 2013 roku. W\u0142a\u015bnie dzi\u0119ki\u00a0 Tomkowi, kt\u00f3ry podj\u0105\u0142 si\u0119 zainstalowania koniecznych program\u00f3w, za\u0142o\u017cenia strony, przeszkolenia&#8230;. i utrzymywania strony na serwerach swojej Firmy &#8211; nieodp\u0142atnie. Na bie\u017c\u0105co s\u0142u\u017cy te\u017c pomoc\u0105\u00a0 w razie jakichkolwiek problem\u00f3w, a wiadomo w ci\u0105gu 6 lat zdarza\u0142y si\u0119.<\/p>\n<p>Dzi\u0119kujemy !<\/p>\n<p>&nbsp;<\/p>\n","protected":false},"excerpt":{"rendered":"<p>Mamy nadziej\u0119, \u017ce wakacje si\u0119 uda\u0142y, \u017ce wszyscy cz\u0142onkowie Ko\u0142a Mi\u0142o\u015bnik\u00f3w Lasu i Militari\u00f3w LOK przy ATW w Olsztynie wypocz\u0119li, a teraz do &#8222;roboty&#8221;. Zaj\u0119cia zaczynamy tradycyjnie w pierwszy czwartek miesi\u0105ca tj. 3 pa\u017adziernika 2019 r, na spotkaniu w RDLP w Olsztynie o godzinie 15.00. My wypoczywali\u015bmy, a w tym czasie\u00a0 nasza strona internetowa przesz\u0142a [&hellip;]<\/p>\n","protected":false},"author":2,"featured_media":0,"comment_status":"open","ping_status":"open","sticky":false,"template":"","format":"standard","meta":{"footnotes":""},"categories":[1,9],"tags":[],"class_list":["post-4981","post","type-post","status-publish","format-standard","hentry","category-bez-kategorii","category-ciekawostki"],"_links":{"self":[{"href":"https:\/\/www.milosnicylasu.olsztyn.pl\/index.php?rest_route=\/wp\/v2\/posts\/4981","targetHints":{"allow":["GET"]}}],"collection":[{"href":"https:\/\/www.milosnicylasu.olsztyn.pl\/index.php?rest_route=\/wp\/v2\/posts"}],"about":[{"href":"https:\/\/www.milosnicylasu.olsztyn.pl\/index.php?rest_route=\/wp\/v2\/types\/post"}],"author":[{"embeddable":true,"href":"https:\/\/www.milosnicylasu.olsztyn.pl\/index.php?rest_route=\/wp\/v2\/users\/2"}],"replies":[{"embeddable":true,"href":"https:\/\/www.milosnicylasu.olsztyn.pl\/index.php?rest_route=%2Fwp%2Fv2%2Fcomments&post=4981"}],"version-history":[{"count":2,"href":"https:\/\/www.milosnicylasu.olsztyn.pl\/index.php?rest_route=\/wp\/v2\/posts\/4981\/revisions"}],"predecessor-version":[{"id":4983,"href":"https:\/\/www.milosnicylasu.olsztyn.pl\/index.php?rest_route=\/wp\/v2\/posts\/4981\/revisions\/4983"}],"wp:attachment":[{"href":"https:\/\/www.milosnicylasu.olsztyn.pl\/index.php?rest_route=%2Fwp%2Fv2%2Fmedia&parent=4981"}],"wp:term":[{"taxonomy":"category","embeddable":true,"href":"https:\/\/www.milosnicylasu.olsztyn.pl\/index.php?rest_route=%2Fwp%2Fv2%2Fcategories&post=4981"},{"taxonomy":"post_tag","embeddable":true,"href":"https:\/\/www.milosnicylasu.olsztyn.pl\/index.php?rest_route=%2Fwp%2Fv2%2Ftags&post=4981"}],"curies":[{"name":"wp","href":"https:\/\/api.w.org\/{rel}","templated":true}]}}