{"id":5002,"date":"2019-10-09T07:58:52","date_gmt":"2019-10-09T05:58:52","guid":{"rendered":"http:\/\/www.milosnicylasu.olsztyn.pl\/?p=5002"},"modified":"2019-10-09T20:43:32","modified_gmt":"2019-10-09T18:43:32","slug":"to-juz-26-lat","status":"publish","type":"post","link":"https:\/\/www.milosnicylasu.olsztyn.pl\/?p=5002","title":{"rendered":"To ju\u017c 26 lat"},"content":{"rendered":"<p><a href=\"http:\/\/www.milosnicylasu.olsztyn.pl\/wp-content\/uploads\/2019\/10\/DSCN4060-www.jpg\" data-rel=\"lightbox-image-0\" data-magnific_type=\"image\" data-rl_title=\"\" data-rl_caption=\"\" title=\"\"><img loading=\"lazy\" decoding=\"async\" class=\"size-medium wp-image-5003 alignleft\" src=\"http:\/\/www.milosnicylasu.olsztyn.pl\/wp-content\/uploads\/2019\/10\/DSCN4060-www-300x225.jpg\" alt=\"\" width=\"300\" height=\"225\" srcset=\"https:\/\/www.milosnicylasu.olsztyn.pl\/wp-content\/uploads\/2019\/10\/DSCN4060-www-300x225.jpg 300w, https:\/\/www.milosnicylasu.olsztyn.pl\/wp-content\/uploads\/2019\/10\/DSCN4060-www-768x576.jpg 768w, https:\/\/www.milosnicylasu.olsztyn.pl\/wp-content\/uploads\/2019\/10\/DSCN4060-www.jpg 1024w\" sizes=\"auto, (max-width: 300px) 100vw, 300px\" \/><\/a>Wydaje si\u0119, \u017ce to tak nie dawno, a w tym roku min\u0119\u0142o 26\u00a0 lat jak zgin\u0105\u0142 nie daleko L\u0105dka Zdroju Marian Bublewicz.\u00a0 Jad\u0105c do sanatorium, zatrzymali\u015bmy si\u0119 na chwil\u0119, porozmawiali\u015bmy z m\u0142odym kierowc\u0105 rajdowym, kt\u00f3ry zapala\u0142 znicz.\u00a0 Jak powiedzia\u0142 nie zna\u0142 Mariana, ale go podziwia za dokonania sportowe i jakim by\u0142 cz\u0142owiekiem. Okazuje si\u0119, \u017ce w \u015brodowisku rajdowc\u00f3w\u00a0 pami\u0119taj\u0105 o zmar\u0142ym koledze. Jak m\u00f3wili nam mieszka\u0144cy L\u0105dka Zdroju znicze pal\u0105 si\u0119\u00a0 ca\u0142y rok.<\/p>\n<p>Pomnik ustawiono w miejscu gdzie w dniu 20 lutego 1993 roku zdarzy\u0142 si\u0119 wypadek samochodowy, w wyniku kt\u00f3rego zgin\u0105\u0142 wybitny kierowca rajdowy Marian Bublewicz. W czasie rozgrywanego IX Zimowego Rajdu Dolno\u015bl\u0105skiego, na pi\u0105tym odcinku specjalnym Or\u0142owiec- Z\u0142oty Stok, oko\u0142o 2 kilometr\u00f3w po starcie Ford Sierra Cosworth prowadzony przez \u00f3wczesnego mistrza Polski i wicemistrza Europy wpad\u0142 z szybko\u015bci\u0105 oko\u0142o 120 km\/h na przydro\u017cne drzewo. Samoch\u00f3d zawin\u0105\u0142 si\u0119 wok\u00f3\u0142 pnia. Personel z karetki pogotowia, podobnie jak i stra\u017cacy bez specjalistycznego sprz\u0119tu nie byli w stanie wydoby\u0107 ci\u0119\u017cko rannego kierowcy z wraku. Niestety obra\u017cenia kierowcy okaza\u0142y si\u0119 \u015bmiertelne, po kilkugodzinnej operacji Marian Bublewicz zmar\u0142 w szpitalu w L\u0105dku Zdroju.<\/p>\n<p><strong>Marian Bublewicz urodzi\u0142 si\u0119 25 sierpnia 1950 w Olsztynie. By\u0142 kierowc\u0105 wy\u015bcigowym i rajdowym. To wicemistrz Europy z 1992 roku i Mistrz Polski w latach: 1975, 1983, 1987, 1989, 1990, 1991, 1992. W 1993 roku znalaz\u0142 si\u0119 na li\u015bcie FIA w\u015br\u00f3d 31 najlepszych kierowc\u00f3w rajdowych \u015bwiata.<\/strong><\/p>\n<p>Olszty\u0144ski Klub Motorowy im. Mariana Bublewicza ka\u017cdego roku, w rocznic\u0119 \u015bmierci rajdowca organizuje przejazd pami\u0119ci. Kibice rajdowca, jego fani oraz pasjonaci motorsportu spotykaj\u0105\u00a0 si\u0119 20 lutego tu\u017c przed po\u0142udniem przed Starym Ratuszem. Dok\u0142adnie o godz. 12:00 repliki rajd\u00f3wek, kt\u00f3rymi Marian Bublewicz \u015bciga\u0142 si\u0119, wyruszaj\u0105\u00a0 w stron\u0119 ulicy Poprzecznej na cmentarz komunalny, gdzie pochowany zosta\u0142 jeden z najlepszych sportowc\u00f3w Warmii i Mazur.<\/p>\n<p>zdj\u0119cie Anatol Leszczy\u0144ski<\/p>\n","protected":false},"excerpt":{"rendered":"<p>Wydaje si\u0119, \u017ce to tak nie dawno, a w tym roku min\u0119\u0142o 26\u00a0 lat jak zgin\u0105\u0142 nie daleko L\u0105dka Zdroju Marian Bublewicz.\u00a0 Jad\u0105c do sanatorium, zatrzymali\u015bmy si\u0119 na chwil\u0119, porozmawiali\u015bmy z m\u0142odym kierowc\u0105 rajdowym, kt\u00f3ry zapala\u0142 znicz.\u00a0 Jak powiedzia\u0142 nie zna\u0142 Mariana, ale go podziwia za dokonania sportowe i jakim by\u0142 cz\u0142owiekiem. Okazuje si\u0119, \u017ce [&hellip;]<\/p>\n","protected":false},"author":2,"featured_media":0,"comment_status":"open","ping_status":"open","sticky":false,"template":"","format":"standard","meta":{"footnotes":""},"categories":[1,9],"tags":[],"class_list":["post-5002","post","type-post","status-publish","format-standard","hentry","category-bez-kategorii","category-ciekawostki"],"_links":{"self":[{"href":"https:\/\/www.milosnicylasu.olsztyn.pl\/index.php?rest_route=\/wp\/v2\/posts\/5002","targetHints":{"allow":["GET"]}}],"collection":[{"href":"https:\/\/www.milosnicylasu.olsztyn.pl\/index.php?rest_route=\/wp\/v2\/posts"}],"about":[{"href":"https:\/\/www.milosnicylasu.olsztyn.pl\/index.php?rest_route=\/wp\/v2\/types\/post"}],"author":[{"embeddable":true,"href":"https:\/\/www.milosnicylasu.olsztyn.pl\/index.php?rest_route=\/wp\/v2\/users\/2"}],"replies":[{"embeddable":true,"href":"https:\/\/www.milosnicylasu.olsztyn.pl\/index.php?rest_route=%2Fwp%2Fv2%2Fcomments&post=5002"}],"version-history":[{"count":4,"href":"https:\/\/www.milosnicylasu.olsztyn.pl\/index.php?rest_route=\/wp\/v2\/posts\/5002\/revisions"}],"predecessor-version":[{"id":5007,"href":"https:\/\/www.milosnicylasu.olsztyn.pl\/index.php?rest_route=\/wp\/v2\/posts\/5002\/revisions\/5007"}],"wp:attachment":[{"href":"https:\/\/www.milosnicylasu.olsztyn.pl\/index.php?rest_route=%2Fwp%2Fv2%2Fmedia&parent=5002"}],"wp:term":[{"taxonomy":"category","embeddable":true,"href":"https:\/\/www.milosnicylasu.olsztyn.pl\/index.php?rest_route=%2Fwp%2Fv2%2Fcategories&post=5002"},{"taxonomy":"post_tag","embeddable":true,"href":"https:\/\/www.milosnicylasu.olsztyn.pl\/index.php?rest_route=%2Fwp%2Fv2%2Ftags&post=5002"}],"curies":[{"name":"wp","href":"https:\/\/api.w.org\/{rel}","templated":true}]}}