{"id":5009,"date":"2019-10-17T18:39:54","date_gmt":"2019-10-17T16:39:54","guid":{"rendered":"http:\/\/www.milosnicylasu.olsztyn.pl\/?p=5009"},"modified":"2019-10-17T18:40:00","modified_gmt":"2019-10-17T16:40:00","slug":"muzeum-przyrody-w-olsztynie-zaprasza","status":"publish","type":"post","link":"https:\/\/www.milosnicylasu.olsztyn.pl\/?p=5009","title":{"rendered":"Muzeum Przyrody w Olsztynie zaprasza"},"content":{"rendered":"<p><strong>Muzeum Przyrody w Olsztynie<\/strong> serdecznie zaprasza na kolejn\u0105 seri\u0119 wyk\u0142ad\u00f3w z cyklu: &#8222;Spotkania z przyrod\u0105&#8221;<\/p>\n<p>23.10.2019 r. \u2013 \u201eRok z \u017cycia zimorodk\u00f3w\u201d \u2013 Piotr P\u0142aczkowski (Olsztyn)<br \/>\n06.11.2019 r. \u2013 \u201eBlaski i cienie ratowania zwierz\u0105t, czyli 23 lata pracy w O\u015brodku<br \/>\nRehabilitacji Dzikich Zwierz\u0105t przy zespole Park\u00f3w Krajobrazowych<br \/>\nw Jerzwa\u0142dzie\u201d \u2013 Tadeusz Markos (ZPK w Jerzwa\u0142dzie)<br \/>\n20.11.2019 r. \u2013 \u201eAktualna sytuacja du\u017cych ssak\u00f3w \u0142ownych i chronionych na Warmii<br \/>\ni Mazurach\u201d \u2013 prof. dr hab. Dariusz Zalewski (UWM w Olsztynie)<br \/>\n11.12.2019 r. \u2013 \u201ePrzyroda Warmii i Mazur\u201d \u2013 wernisa\u017c wystawy fotograficznej<br \/>\noraz wyk\u0142ad z cyklu \u201eSpotkania z przyrod\u0105\u201d pt. \u201ePrzyroda pogranicza mazursko \u2013 kurpiowskiego\u201d \u2013 Marian Szymkiewicz (Muzeum Przyrody w Olsztynie)<\/p>\n<p>Na spotkania zapraszamy na godzin\u0119 17:30, do sali edukacji przyrodniczej Muzeum Przyrody w Olsztynie, przy ul. Metalowej 8 (tel. \/89 5334780). Wst\u0119p wolny.<\/p>\n","protected":false},"excerpt":{"rendered":"<p>Muzeum Przyrody w Olsztynie serdecznie zaprasza na kolejn\u0105 seri\u0119 wyk\u0142ad\u00f3w z cyklu: &#8222;Spotkania z przyrod\u0105&#8221; 23.10.2019 r. \u2013 \u201eRok z \u017cycia zimorodk\u00f3w\u201d \u2013 Piotr P\u0142aczkowski (Olsztyn) 06.11.2019 r. \u2013 \u201eBlaski i cienie ratowania zwierz\u0105t, czyli 23 lata pracy w O\u015brodku Rehabilitacji Dzikich Zwierz\u0105t przy zespole Park\u00f3w Krajobrazowych w Jerzwa\u0142dzie\u201d \u2013 Tadeusz Markos (ZPK w Jerzwa\u0142dzie) [&hellip;]<\/p>\n","protected":false},"author":2,"featured_media":0,"comment_status":"open","ping_status":"open","sticky":false,"template":"","format":"standard","meta":{"footnotes":""},"categories":[1,9,17],"tags":[],"class_list":["post-5009","post","type-post","status-publish","format-standard","hentry","category-bez-kategorii","category-ciekawostki","category-edukacja-w-terenie"],"_links":{"self":[{"href":"https:\/\/www.milosnicylasu.olsztyn.pl\/index.php?rest_route=\/wp\/v2\/posts\/5009","targetHints":{"allow":["GET"]}}],"collection":[{"href":"https:\/\/www.milosnicylasu.olsztyn.pl\/index.php?rest_route=\/wp\/v2\/posts"}],"about":[{"href":"https:\/\/www.milosnicylasu.olsztyn.pl\/index.php?rest_route=\/wp\/v2\/types\/post"}],"author":[{"embeddable":true,"href":"https:\/\/www.milosnicylasu.olsztyn.pl\/index.php?rest_route=\/wp\/v2\/users\/2"}],"replies":[{"embeddable":true,"href":"https:\/\/www.milosnicylasu.olsztyn.pl\/index.php?rest_route=%2Fwp%2Fv2%2Fcomments&post=5009"}],"version-history":[{"count":1,"href":"https:\/\/www.milosnicylasu.olsztyn.pl\/index.php?rest_route=\/wp\/v2\/posts\/5009\/revisions"}],"predecessor-version":[{"id":5010,"href":"https:\/\/www.milosnicylasu.olsztyn.pl\/index.php?rest_route=\/wp\/v2\/posts\/5009\/revisions\/5010"}],"wp:attachment":[{"href":"https:\/\/www.milosnicylasu.olsztyn.pl\/index.php?rest_route=%2Fwp%2Fv2%2Fmedia&parent=5009"}],"wp:term":[{"taxonomy":"category","embeddable":true,"href":"https:\/\/www.milosnicylasu.olsztyn.pl\/index.php?rest_route=%2Fwp%2Fv2%2Fcategories&post=5009"},{"taxonomy":"post_tag","embeddable":true,"href":"https:\/\/www.milosnicylasu.olsztyn.pl\/index.php?rest_route=%2Fwp%2Fv2%2Ftags&post=5009"}],"curies":[{"name":"wp","href":"https:\/\/api.w.org\/{rel}","templated":true}]}}