{"id":5012,"date":"2019-10-23T08:05:22","date_gmt":"2019-10-23T06:05:22","guid":{"rendered":"http:\/\/www.milosnicylasu.olsztyn.pl\/?p=5012"},"modified":"2019-10-23T08:09:22","modified_gmt":"2019-10-23T06:09:22","slug":"pierwsze-zebranie-po-wakacjach-rajdy","status":"publish","type":"post","link":"https:\/\/www.milosnicylasu.olsztyn.pl\/?p=5012","title":{"rendered":"Pierwsze zebranie po wakacjach, rajdy"},"content":{"rendered":"<p><a href=\"http:\/\/www.milosnicylasu.olsztyn.pl\/wp-content\/uploads\/2015\/10\/DSCN4232-www.jpg\" data-rel=\"lightbox-image-0\" data-magnific_type=\"image\" data-rl_title=\"\" data-rl_caption=\"\" title=\"\"><img loading=\"lazy\" decoding=\"async\" class=\"size-medium wp-image-2199 alignleft\" src=\"http:\/\/www.milosnicylasu.olsztyn.pl\/wp-content\/uploads\/2015\/10\/DSCN4232-www-300x225.jpg\" alt=\"\" width=\"300\" height=\"225\" srcset=\"https:\/\/www.milosnicylasu.olsztyn.pl\/wp-content\/uploads\/2015\/10\/DSCN4232-www-300x225.jpg 300w, https:\/\/www.milosnicylasu.olsztyn.pl\/wp-content\/uploads\/2015\/10\/DSCN4232-www-400x300.jpg 400w, https:\/\/www.milosnicylasu.olsztyn.pl\/wp-content\/uploads\/2015\/10\/DSCN4232-www.jpg 1024w\" sizes=\"auto, (max-width: 300px) 100vw, 300px\" \/><\/a> \u00a0\u00a0\u00a0\u00a0\u00a0\u00a0\u00a0\u00a0\u00a0\u00a0\u00a0\u00a0\u00a0\u00a0\u00a0\u00a0\u00a0\u00a0 Min\u0119\u0142y wakacje, pracowicie zacz\u0119li\u015bmy nowy rok akademicki, tak jak wszyscy studenci &#8211; w pa\u017adzierniku. Chyba troch\u0119 st\u0119sknili\u015bmy si\u0119 za sob\u0105 i za wiedz\u0105, bo 3 pa\u017adziernika 2019 roku, na &#8222;czwartku ekologicznym&#8221; w Regionalnej Dyrekcji Las\u00f3w Pa\u0144stwowych w Olsztynie by\u0142o wielu cz\u0142onk\u00f3w Ko\u0142a.\u00a0 A by\u0142o warto. Podczas zebrania Adam Siemakowicz\u00a0 zaprezentowa\u0142 i przedstawi\u0142 trzy wa\u017cne zagadnienia: zasady udost\u0119pniania lasu, rozpoznawanie drewna i elementy topografii le\u015bnej.<\/p>\n<p>W czasie cz\u0119\u015bci pierwszej uczestnicy spotkania dowiedzieli na jakich zasadach udost\u0119pniane s\u0105 lasy dla spo\u0142ecze\u0144stwa, jakie miejsca s\u0105 obj\u0119te sta\u0142ym zakazem wst\u0119pu do lasu, na czym polega okresowy zakaz wst\u0119pu, na jakich zadach w\u0142a\u015bciwy miejscowo nadle\u015bniczy wprowadza takie ograniczenie. Ponadto zasady zbioru owoc\u00f3w runa le\u015bnego, zar\u00f3wno do cel\u00f3w prywatnych jak i przemys\u0142owych, zasady lokalizowania pasiek w lesie, kto mo\u017ce porusza\u0107 si\u0119 po lesie pojazdem silnikowym, dlaczego inwalidzi musz\u0105 zatrzymywa\u0107 si\u0119 w miejscach do tego wyznaczonych oraz kogo przepisy te nie dotycz\u0105.<\/p>\n<p>W drugim podtemacie dotycz\u0105cym rozpoznawania drewna\u00a0 Pan Adam om\u00f3wi\u0142 podstawowe zasady budowy drewna &#8211; g\u0142\u00f3wne cechy, po kt\u00f3rych mo\u017cemy rozpozna\u0107 sosn\u0119, \u015bwierk, modrzew, jod\u0142\u0119, daglezj\u0119, brzoz\u0119, d\u0105b, olch\u0119, buka, klona, lip\u0119, graba, osik\u0119, topol\u0119, jesiona, akacj\u0119 i wi\u0105za. Przedstawi\u0142 tak\u017ce jak w nomenklaturze Las\u00f3w Pa\u0144stwowych u\u017cywane s\u0105 skr\u00f3ty literowe wspomnianych gatunk\u00f3w, dlaczego drewno stosowe mierzymy w metrach przestrzennych, zasady oznaczania (cechowania) surowca drzewnego, co oznaczaj\u0105 kolorowe p\u0142ytki oraz liczby na drewnie w lesie i jak wygl\u0105daj\u0105 podstawowe dokumenty obrotu surowcem drzewnym w Lasach Pa\u0144stwowych (kwit wywozowy, asygnata).<\/p>\n<p>Cz\u0119\u015b\u0107 trzecia dotyczy\u0142a topografii le\u015bnej, kt\u00f3ra mo\u017ce by\u0107 wykorzystana do niezb\u0119dnej orientacji na terenach le\u015bnych. Przestawi\u0142 zasady podzia\u0142u powierzchniowego w Lasach Pa\u0144stwowych, jak numeruje si\u0119 i jak przebiegaj\u0105 oddzia\u0142y le\u015bne, w jaki spos\u00f3b ustali\u0107 kierunki \u015bwiata dzi\u0119ki s\u0142upkom oddzia\u0142owym, zaprezentowa\u0142 r\u00f3\u017cne rodzaje map le\u015bnych z jakich korzystaj\u0105 le\u015bnicy, oznakowanie dojazd\u00f3w po\u017carowych i punkt\u00f3w czerpania wody. Na zako\u0144czenie przypomnia\u0142, \u017ce podczas pobytu w lesie wskazane by\u0142oby posiadanie przy sobie telefon\u00f3w, najlepiej z dost\u0119pnym internetem, kt\u00f3re u\u0142atwi\u0105 kontakt, gdy si\u0119 zgubimy, a tak\u017ce o mo\u017cliwo\u015bci wykorzystania bezp\u0142atnych dost\u0119pnych aplikacji (miniLAS, mBDL), kt\u00f3re (je\u017celi b\u0119dzie dost\u0119pna \u0142\u0105czno\u015b\u0107) pozwoli ustali\u0107 swoje po\u0142o\u017cenie, czy te\u017c rozwia\u0107 w\u0105tpliwo\u015bci, czy jeste\u015bmy na drodze publicznej, czy le\u015bnej &#8211; na tej drugiej parkowa\u0107 nie mo\u017cna.<\/p>\n<p>Dzi\u0119kujemy za bardzo ciekawy wyk\u0142ad.<a href=\"http:\/\/www.milosnicylasu.olsztyn.pl\/wp-content\/uploads\/2016\/10\/DSCN9309-www.jpg\" data-rel=\"lightbox-image-1\" data-magnific_type=\"image\" data-rl_title=\"\" data-rl_caption=\"\" title=\"\"><img loading=\"lazy\" decoding=\"async\" class=\"size-medium wp-image-3145 alignright\" src=\"http:\/\/www.milosnicylasu.olsztyn.pl\/wp-content\/uploads\/2016\/10\/DSCN9309-www-300x225.jpg\" alt=\"\" width=\"300\" height=\"225\" srcset=\"https:\/\/www.milosnicylasu.olsztyn.pl\/wp-content\/uploads\/2016\/10\/DSCN9309-www-300x225.jpg 300w, https:\/\/www.milosnicylasu.olsztyn.pl\/wp-content\/uploads\/2016\/10\/DSCN9309-www-768x576.jpg 768w, https:\/\/www.milosnicylasu.olsztyn.pl\/wp-content\/uploads\/2016\/10\/DSCN9309-www.jpg 1024w, https:\/\/www.milosnicylasu.olsztyn.pl\/wp-content\/uploads\/2016\/10\/DSCN9309-www-400x300.jpg 400w\" sizes=\"auto, (max-width: 300px) 100vw, 300px\" \/><\/a><\/p>\n<p>Od pocz\u0105tku pa\u017adziernika zacz\u0119\u0142y si\u0119 sobotnie rajdy. Spotykamy si\u0119 na ko\u0144cowym przystanku MPK w Kortowie, o godzinie 10.00 i w\u0119drujemy po kudypskich lasach. W\u0119drujemy, zbieramy grzyby, kt\u00f3re w tym roku obrodzi\u0142y. podziwiamy kolory jesieni&#8230;&#8230;&#8230;..<a href=\"http:\/\/www.milosnicylasu.olsztyn.pl\/wp-content\/uploads\/2015\/09\/DSCN4043-www.jpg\" data-rel=\"lightbox-image-2\" data-magnific_type=\"image\" data-rl_title=\"\" data-rl_caption=\"\" title=\"\"><img loading=\"lazy\" decoding=\"async\" class=\"size-medium wp-image-2154 alignleft\" src=\"http:\/\/www.milosnicylasu.olsztyn.pl\/wp-content\/uploads\/2015\/09\/DSCN4043-www-300x225.jpg\" alt=\"\" width=\"300\" height=\"225\" srcset=\"https:\/\/www.milosnicylasu.olsztyn.pl\/wp-content\/uploads\/2015\/09\/DSCN4043-www-300x225.jpg 300w, https:\/\/www.milosnicylasu.olsztyn.pl\/wp-content\/uploads\/2015\/09\/DSCN4043-www-400x300.jpg 400w, https:\/\/www.milosnicylasu.olsztyn.pl\/wp-content\/uploads\/2015\/09\/DSCN4043-www.jpg 1024w\" sizes=\"auto, (max-width: 300px) 100vw, 300px\" \/><\/a><\/p>\n<p>&nbsp;<\/p>\n<p>&nbsp;<\/p>\n<p>&nbsp;<\/p>\n<p>&nbsp;<\/p>\n","protected":false},"excerpt":{"rendered":"<p>\u00a0\u00a0\u00a0\u00a0\u00a0\u00a0\u00a0\u00a0\u00a0\u00a0\u00a0\u00a0\u00a0\u00a0\u00a0\u00a0\u00a0\u00a0 Min\u0119\u0142y wakacje, pracowicie zacz\u0119li\u015bmy nowy rok akademicki, tak jak wszyscy studenci &#8211; w pa\u017adzierniku. Chyba troch\u0119 st\u0119sknili\u015bmy si\u0119 za sob\u0105 i za wiedz\u0105, bo 3 pa\u017adziernika 2019 roku, na &#8222;czwartku ekologicznym&#8221; w Regionalnej Dyrekcji Las\u00f3w Pa\u0144stwowych w Olsztynie by\u0142o wielu cz\u0142onk\u00f3w Ko\u0142a.\u00a0 A by\u0142o warto. Podczas zebrania Adam Siemakowicz\u00a0 zaprezentowa\u0142 i przedstawi\u0142 trzy wa\u017cne [&hellip;]<\/p>\n","protected":false},"author":2,"featured_media":0,"comment_status":"open","ping_status":"open","sticky":false,"template":"","format":"standard","meta":{"footnotes":""},"categories":[1,9,2,3],"tags":[],"class_list":["post-5012","post","type-post","status-publish","format-standard","hentry","category-bez-kategorii","category-ciekawostki","category-rajdy","category-zebrania"],"_links":{"self":[{"href":"https:\/\/www.milosnicylasu.olsztyn.pl\/index.php?rest_route=\/wp\/v2\/posts\/5012","targetHints":{"allow":["GET"]}}],"collection":[{"href":"https:\/\/www.milosnicylasu.olsztyn.pl\/index.php?rest_route=\/wp\/v2\/posts"}],"about":[{"href":"https:\/\/www.milosnicylasu.olsztyn.pl\/index.php?rest_route=\/wp\/v2\/types\/post"}],"author":[{"embeddable":true,"href":"https:\/\/www.milosnicylasu.olsztyn.pl\/index.php?rest_route=\/wp\/v2\/users\/2"}],"replies":[{"embeddable":true,"href":"https:\/\/www.milosnicylasu.olsztyn.pl\/index.php?rest_route=%2Fwp%2Fv2%2Fcomments&post=5012"}],"version-history":[{"count":4,"href":"https:\/\/www.milosnicylasu.olsztyn.pl\/index.php?rest_route=\/wp\/v2\/posts\/5012\/revisions"}],"predecessor-version":[{"id":5016,"href":"https:\/\/www.milosnicylasu.olsztyn.pl\/index.php?rest_route=\/wp\/v2\/posts\/5012\/revisions\/5016"}],"wp:attachment":[{"href":"https:\/\/www.milosnicylasu.olsztyn.pl\/index.php?rest_route=%2Fwp%2Fv2%2Fmedia&parent=5012"}],"wp:term":[{"taxonomy":"category","embeddable":true,"href":"https:\/\/www.milosnicylasu.olsztyn.pl\/index.php?rest_route=%2Fwp%2Fv2%2Fcategories&post=5012"},{"taxonomy":"post_tag","embeddable":true,"href":"https:\/\/www.milosnicylasu.olsztyn.pl\/index.php?rest_route=%2Fwp%2Fv2%2Ftags&post=5012"}],"curies":[{"name":"wp","href":"https:\/\/api.w.org\/{rel}","templated":true}]}}