{"id":5017,"date":"2019-10-23T22:31:07","date_gmt":"2019-10-23T20:31:07","guid":{"rendered":"http:\/\/www.milosnicylasu.olsztyn.pl\/?p=5017"},"modified":"2019-11-08T19:33:51","modified_gmt":"2019-11-08T18:33:51","slug":"5017","status":"publish","type":"post","link":"https:\/\/www.milosnicylasu.olsztyn.pl\/?p=5017","title":{"rendered":"Edukacja w terenie &#8211; Stare Jab\u0142onki"},"content":{"rendered":"<p><a href=\"http:\/\/www.milosnicylasu.olsztyn.pl\/wp-content\/uploads\/2019\/10\/DSCN4284-www.jpg\" data-rel=\"lightbox-image-0\" data-magnific_type=\"image\" data-rl_title=\"\" data-rl_caption=\"\" title=\"\"><img loading=\"lazy\" decoding=\"async\" class=\" wp-image-5018 alignleft\" src=\"http:\/\/www.milosnicylasu.olsztyn.pl\/wp-content\/uploads\/2019\/10\/DSCN4284-www-300x225.jpg\" alt=\"\" width=\"257\" height=\"193\" srcset=\"https:\/\/www.milosnicylasu.olsztyn.pl\/wp-content\/uploads\/2019\/10\/DSCN4284-www-300x225.jpg 300w, https:\/\/www.milosnicylasu.olsztyn.pl\/wp-content\/uploads\/2019\/10\/DSCN4284-www-768x576.jpg 768w, https:\/\/www.milosnicylasu.olsztyn.pl\/wp-content\/uploads\/2019\/10\/DSCN4284-www.jpg 1024w\" sizes=\"auto, (max-width: 257px) 100vw, 257px\" \/><\/a><\/p>\n<p>18 pa\u017adziernika 2019 r. odwiedzili\u015bmy Nadle\u015bnictwo Stare Jab\u0142onki, gdzie przywita\u0142 nas Z-ca Nadle\u015bniczego Pan Florian Kami\u0144ski. W tym pi\u0119knym jesiennym dniu zajmowali si\u0119 te\u017c nami\u00a0 Pani Anna Paprocka, Pan \u0141ukasz Paprocki, Pan Jaros\u0142aw Neugebauer. Przekazali nam wiele informacji o Nadle\u015bnictwie, pokazali ciekawe obiekty ukryte w &#8222;swoich lasach&#8221;.<a href=\"http:\/\/www.milosnicylasu.olsztyn.pl\/wp-content\/uploads\/2019\/10\/DSCN4237-www.jpg\" data-rel=\"lightbox-image-1\" data-magnific_type=\"image\" data-rl_title=\"\" data-rl_caption=\"\" title=\"\"><img loading=\"lazy\" decoding=\"async\" class=\" wp-image-5021 alignright\" src=\"http:\/\/www.milosnicylasu.olsztyn.pl\/wp-content\/uploads\/2019\/10\/DSCN4237-www-300x225.jpg\" alt=\"\" width=\"280\" height=\"210\" srcset=\"https:\/\/www.milosnicylasu.olsztyn.pl\/wp-content\/uploads\/2019\/10\/DSCN4237-www-300x225.jpg 300w, https:\/\/www.milosnicylasu.olsztyn.pl\/wp-content\/uploads\/2019\/10\/DSCN4237-www-768x576.jpg 768w, https:\/\/www.milosnicylasu.olsztyn.pl\/wp-content\/uploads\/2019\/10\/DSCN4237-www.jpg 1024w\" sizes=\"auto, (max-width: 280px) 100vw, 280px\" \/><\/a><a href=\"http:\/\/www.milosnicylasu.olsztyn.pl\/wp-content\/uploads\/2019\/10\/DSCN4259-www.jpg\" data-rel=\"lightbox-image-2\" data-magnific_type=\"image\" data-rl_title=\"\" data-rl_caption=\"\" title=\"\"><img loading=\"lazy\" decoding=\"async\" class=\" wp-image-5019 alignright\" src=\"http:\/\/www.milosnicylasu.olsztyn.pl\/wp-content\/uploads\/2019\/10\/DSCN4259-www-300x225.jpg\" alt=\"\" width=\"281\" height=\"211\" srcset=\"https:\/\/www.milosnicylasu.olsztyn.pl\/wp-content\/uploads\/2019\/10\/DSCN4259-www-300x225.jpg 300w, https:\/\/www.milosnicylasu.olsztyn.pl\/wp-content\/uploads\/2019\/10\/DSCN4259-www-768x576.jpg 768w, https:\/\/www.milosnicylasu.olsztyn.pl\/wp-content\/uploads\/2019\/10\/DSCN4259-www.jpg 1024w\" sizes=\"auto, (max-width: 281px) 100vw, 281px\" \/><\/a><\/p>\n<p>&nbsp;<\/p>\n<p>Na pocz\u0105tek zwiedzili\u015bmy schron bojowy z czas\u00f3w II wojny \u015bwiatowej. Pan \u0141ukasz opowiedzia\u0142 nam jak przed ca\u0142kowitym zniszczeniem schron uratowa\u0142a grupa pasjonat\u00f3w z Ostr\u00f3dy. Dzi\u0119ki przychylno\u015bci Nadle\u015bnictwa Stare Jab\u0142onki, kilku sponsor\u00f3w, ale przede wszystkim dzi\u0119ki zaanga\u017cowaniu i spo\u0142ecznej pracy cz\u0142onk\u00f3w Ko\u0142a nr 5 Zwi\u0105zku \u017bo\u0142nierzy Wojska Polskiego uda\u0142o si\u0119 wyremontowa\u0107 obiekt. <a href=\"http:\/\/www.milosnicylasu.olsztyn.pl\/wp-content\/uploads\/2019\/10\/DSCN4240-www.jpg\" data-rel=\"lightbox-image-3\" data-magnific_type=\"image\" data-rl_title=\"\" data-rl_caption=\"\" title=\"\"><img loading=\"lazy\" decoding=\"async\" class=\"size-medium wp-image-5020 alignleft\" src=\"http:\/\/www.milosnicylasu.olsztyn.pl\/wp-content\/uploads\/2019\/10\/DSCN4240-www-300x225.jpg\" alt=\"\" width=\"300\" height=\"225\" srcset=\"https:\/\/www.milosnicylasu.olsztyn.pl\/wp-content\/uploads\/2019\/10\/DSCN4240-www-300x225.jpg 300w, https:\/\/www.milosnicylasu.olsztyn.pl\/wp-content\/uploads\/2019\/10\/DSCN4240-www-768x576.jpg 768w, https:\/\/www.milosnicylasu.olsztyn.pl\/wp-content\/uploads\/2019\/10\/DSCN4240-www.jpg 1024w\" sizes=\"auto, (max-width: 300px) 100vw, 300px\" \/><\/a><\/p>\n<p>W 1939 roku Stare Jab\u0142onki, kt\u00f3re w\u00f3wczas nazywa\u0142y si\u0119 Altfinken by\u0142y pocz\u0105tkowym odcinkiem tzw. Pozycji Olsztyneckiej czyli linii schron\u00f3w bojowych oraz schron\u00f3w biernych wzmocnionych lini\u0105 okop\u00f3w.\u00a0 Budow\u0119 tych \u017celbetonowych obiekt\u00f3w, z p\u0142ytami pancernymi grubo\u015bci 10 cm, rozpocz\u0119to w 1938 roku. Za\u0142oga bunkra w Starych Jab\u0142onkach sk\u0142ada\u0142a si\u0119 z 10 os\u00f3b, kt\u00f3re dodatkowo wsparte by\u0142y dru\u017cynami \u017co\u0142nierzy rozlokowanymi w schronach biernych. W samych St. Jab\u0142onkach takich schron\u00f3w biernych by\u0142o a\u017c pi\u0119\u0107: trzy z nich w obr\u0119bie wsi, a dwa w lesie za jeziorem Szel\u0105g Ma\u0142y. Wspomaga\u0142y one obron\u0119 schronu bojowego przy dawnej drodze na Olsztyn.<a href=\"http:\/\/www.milosnicylasu.olsztyn.pl\/wp-content\/uploads\/2019\/10\/DSCN4247-www.jpg\" data-rel=\"lightbox-image-4\" data-magnific_type=\"image\" data-rl_title=\"\" data-rl_caption=\"\" title=\"\"><img loading=\"lazy\" decoding=\"async\" class=\" wp-image-5022 alignright\" src=\"http:\/\/www.milosnicylasu.olsztyn.pl\/wp-content\/uploads\/2019\/10\/DSCN4247-www-300x225.jpg\" alt=\"\" width=\"287\" height=\"215\" srcset=\"https:\/\/www.milosnicylasu.olsztyn.pl\/wp-content\/uploads\/2019\/10\/DSCN4247-www-300x225.jpg 300w, https:\/\/www.milosnicylasu.olsztyn.pl\/wp-content\/uploads\/2019\/10\/DSCN4247-www-768x576.jpg 768w, https:\/\/www.milosnicylasu.olsztyn.pl\/wp-content\/uploads\/2019\/10\/DSCN4247-www.jpg 1024w\" sizes=\"auto, (max-width: 287px) 100vw, 287px\" \/><\/a><\/p>\n<p>Nast\u0119pnie zobaczyli\u015bmy kana\u0142 \u0142\u0105cz\u0105cy dwa rynnowe jeziora Ma\u0142y i Wielki Szel\u0105g, kt\u00f3re w przesz\u0142o\u015bci by\u0142y jednym zbiornikiem wodnym \u2013 zosta\u0142y przedzielone podczas budowania linii kolejowej.<\/p>\n<p><a href=\"http:\/\/www.milosnicylasu.olsztyn.pl\/wp-content\/uploads\/2019\/10\/DSCN4261-www.jpg\" data-rel=\"lightbox-image-5\" data-magnific_type=\"image\" data-rl_title=\"\" data-rl_caption=\"\" title=\"\"><img loading=\"lazy\" decoding=\"async\" class=\"size-medium wp-image-5023 alignleft\" src=\"http:\/\/www.milosnicylasu.olsztyn.pl\/wp-content\/uploads\/2019\/10\/DSCN4261-www-300x225.jpg\" alt=\"\" width=\"300\" height=\"225\" srcset=\"https:\/\/www.milosnicylasu.olsztyn.pl\/wp-content\/uploads\/2019\/10\/DSCN4261-www-300x225.jpg 300w, https:\/\/www.milosnicylasu.olsztyn.pl\/wp-content\/uploads\/2019\/10\/DSCN4261-www-768x576.jpg 768w, https:\/\/www.milosnicylasu.olsztyn.pl\/wp-content\/uploads\/2019\/10\/DSCN4261-www.jpg 1024w\" sizes=\"auto, (max-width: 300px) 100vw, 300px\" \/><\/a><\/p>\n<p>&nbsp;<\/p>\n<p>&nbsp;<\/p>\n<p>Pe\u0142ni historycznych wra\u017ce\u0144 ruszyli\u015bmy lasem do Le\u015bnictwa Bardu\u0144, kt\u00f3rego gospodarzem jest Le\u015bniczy Pan Jaros\u0142aw Neugebauer., kt\u00f3ry wsp\u00f3lnie z\u00a0 Pani\u0105 Ani\u0105 i Panem \u0141ukaszem przekazali nam wiele informacji o Nadle\u015bnictwie. Dowiedzieli\u015bmy si\u0119 m.in., \u017ce\u00a0 zasi\u0119g terytorialny Nadle\u015bnictwa wynosi niespe\u0142na 142 km<sup>2<\/sup>. \u015arednia lesisto\u015b\u0107 wynosz\u0105ca ponad 68%, jest znacznie wy\u017csza od \u015bredniej dla kraju (28,7%), a tak\u017ce \u015bredniej dla wojew\u00f3dztwa Warmi\u0144sko &#8211; Mazurskiego (29,9%). Obszar zasi\u0119gu Nadle\u015bnictwa Stare Jab\u0142onki graniczy od p\u00f3\u0142nocnego-wschodu z Nadle\u015bnictwem Kudypy, od po\u0142udniowego-wschodu, po\u0142udnia i po\u0142udniowego-zachodu z Nadle\u015bnictwem Jagie\u0142ek, a od zachodu i p\u00f3\u0142nocnego \u2013 zachodu z Nadle\u015bnictwem Mi\u0142om\u0142yn.<\/p>\n<p>&nbsp;<\/p>\n<p><a href=\"http:\/\/www.milosnicylasu.olsztyn.pl\/wp-content\/uploads\/2019\/10\/DSCN4285-www.jpg\" data-rel=\"lightbox-image-6\" data-magnific_type=\"image\" data-rl_title=\"\" data-rl_caption=\"\" title=\"\"><img loading=\"lazy\" decoding=\"async\" class=\" wp-image-5025 alignleft\" src=\"http:\/\/www.milosnicylasu.olsztyn.pl\/wp-content\/uploads\/2019\/10\/DSCN4285-www-300x225.jpg\" alt=\"\" width=\"279\" height=\"209\" srcset=\"https:\/\/www.milosnicylasu.olsztyn.pl\/wp-content\/uploads\/2019\/10\/DSCN4285-www-300x225.jpg 300w, https:\/\/www.milosnicylasu.olsztyn.pl\/wp-content\/uploads\/2019\/10\/DSCN4285-www-768x576.jpg 768w, https:\/\/www.milosnicylasu.olsztyn.pl\/wp-content\/uploads\/2019\/10\/DSCN4285-www.jpg 1024w\" sizes=\"auto, (max-width: 279px) 100vw, 279px\" \/><\/a><\/p>\n<p>Troch\u0119 zm\u0119czeni mogli\u015bmy odpocz\u0105\u0107 i posili\u0107 si\u0119 przy ognisku, kt\u00f3re przygotowali le\u015bnicy.<\/p>\n<p>&nbsp;<\/p>\n<p>Czeka\u0142a nas jeszcze jedna ciekawostka tego lasu- cmentarz ewangelicki, na kt\u00f3rym do dnia dzisiejszego s\u0105 chowani wyznawcy tej religii.<\/p>\n<p>&nbsp;<\/p>\n<p>&nbsp;<\/p>\n<p>&nbsp;<\/p>\n<p><a href=\"http:\/\/www.milosnicylasu.olsztyn.pl\/wp-content\/uploads\/2019\/10\/DSCN4291-www.jpg\" data-rel=\"lightbox-image-7\" data-magnific_type=\"image\" data-rl_title=\"\" data-rl_caption=\"\" title=\"\"><img loading=\"lazy\" decoding=\"async\" class=\" wp-image-5026 alignleft\" src=\"http:\/\/www.milosnicylasu.olsztyn.pl\/wp-content\/uploads\/2019\/10\/DSCN4291-www-300x225.jpg\" alt=\"\" width=\"289\" height=\"217\" srcset=\"https:\/\/www.milosnicylasu.olsztyn.pl\/wp-content\/uploads\/2019\/10\/DSCN4291-www-300x225.jpg 300w, https:\/\/www.milosnicylasu.olsztyn.pl\/wp-content\/uploads\/2019\/10\/DSCN4291-www-768x576.jpg 768w, https:\/\/www.milosnicylasu.olsztyn.pl\/wp-content\/uploads\/2019\/10\/DSCN4291-www.jpg 1024w\" sizes=\"auto, (max-width: 289px) 100vw, 289px\" \/><\/a><\/p>\n<p>&nbsp;<\/p>\n<p>Na zako\u0144czenie naszej le\u015bnej edukacji podzi\u0119kowali\u015bmy naszym gospodarzom, prezes Ko\u0142a Anatol Leszczy\u0144ski wr\u0119czy\u0142 pami\u0105tkowy puchar.<a href=\"http:\/\/www.milosnicylasu.olsztyn.pl\/wp-content\/uploads\/2019\/10\/DSCN4295-www.jpg\" data-rel=\"lightbox-image-8\" data-magnific_type=\"image\" data-rl_title=\"\" data-rl_caption=\"\" title=\"\"><img loading=\"lazy\" decoding=\"async\" class=\" wp-image-5028 alignright\" src=\"http:\/\/www.milosnicylasu.olsztyn.pl\/wp-content\/uploads\/2019\/10\/DSCN4295-www-300x225.jpg\" alt=\"\" width=\"292\" height=\"219\" srcset=\"https:\/\/www.milosnicylasu.olsztyn.pl\/wp-content\/uploads\/2019\/10\/DSCN4295-www-300x225.jpg 300w, https:\/\/www.milosnicylasu.olsztyn.pl\/wp-content\/uploads\/2019\/10\/DSCN4295-www-768x576.jpg 768w, https:\/\/www.milosnicylasu.olsztyn.pl\/wp-content\/uploads\/2019\/10\/DSCN4295-www.jpg 1024w\" sizes=\"auto, (max-width: 292px) 100vw, 292px\" \/><\/a><\/p>\n<p>A panu \u0141ukaszowi, kt\u00f3ry w tym dniu mia\u0142 imieniny od\u015bpiewali\u015bmy 100 lat.<\/p>\n<p>Dzi\u0119kujemy\u00a0 Nadle\u015bniczemu Nadle\u015bnictwa Stare Jab\u0142onki Panu Ryszardowi Grzywi\u0144skiemu za zaproszenie, osobom oprowadzaj\u0105cym za po\u015bwi\u0119cony czas, za serdeczne przyj\u0119cie, za ciekawie przeprowadzon\u0105 edukacj\u0119 le\u015bno-przyrodnicz\u0105 w terenie, za upominki, kt\u00f3re by\u0142y nagrodami w opracowanym i przeprowadzonym przez Anatola Leszczy\u0144skiego konkursie z wiedzy o Nadle\u015bnictwie. Serdecznie dzi\u0119kujemy za zaproszenie na nast\u0119pne spotkanie w Starych Jab\u0142onkach. \u00a0 A wi\u0119c do zobaczenia&#8230;&#8230;&#8230;<\/p>\n<p>Organizatorem wyjazdu by\u0142 Anatol Leszczy\u0144ski, stron\u0105 finansow\u0105 zaj\u0119\u0142a si\u0119 Basia Bruzgo. Dzi\u0119kujemy !<\/p>\n","protected":false},"excerpt":{"rendered":"<p>18 pa\u017adziernika 2019 r. odwiedzili\u015bmy Nadle\u015bnictwo Stare Jab\u0142onki, gdzie przywita\u0142 nas Z-ca Nadle\u015bniczego Pan Florian Kami\u0144ski. W tym pi\u0119knym jesiennym dniu zajmowali si\u0119 te\u017c nami\u00a0 Pani Anna Paprocka, Pan \u0141ukasz Paprocki, Pan Jaros\u0142aw Neugebauer. Przekazali nam wiele informacji o Nadle\u015bnictwie, pokazali ciekawe obiekty ukryte w &#8222;swoich lasach&#8221;. &nbsp; Na pocz\u0105tek zwiedzili\u015bmy schron bojowy z czas\u00f3w [&hellip;]<\/p>\n","protected":false},"author":2,"featured_media":0,"comment_status":"open","ping_status":"open","sticky":false,"template":"","format":"standard","meta":{"footnotes":""},"categories":[1,9,17,13],"tags":[],"class_list":["post-5017","post","type-post","status-publish","format-standard","hentry","category-bez-kategorii","category-ciekawostki","category-edukacja-w-terenie","category-konkursy"],"_links":{"self":[{"href":"https:\/\/www.milosnicylasu.olsztyn.pl\/index.php?rest_route=\/wp\/v2\/posts\/5017","targetHints":{"allow":["GET"]}}],"collection":[{"href":"https:\/\/www.milosnicylasu.olsztyn.pl\/index.php?rest_route=\/wp\/v2\/posts"}],"about":[{"href":"https:\/\/www.milosnicylasu.olsztyn.pl\/index.php?rest_route=\/wp\/v2\/types\/post"}],"author":[{"embeddable":true,"href":"https:\/\/www.milosnicylasu.olsztyn.pl\/index.php?rest_route=\/wp\/v2\/users\/2"}],"replies":[{"embeddable":true,"href":"https:\/\/www.milosnicylasu.olsztyn.pl\/index.php?rest_route=%2Fwp%2Fv2%2Fcomments&post=5017"}],"version-history":[{"count":8,"href":"https:\/\/www.milosnicylasu.olsztyn.pl\/index.php?rest_route=\/wp\/v2\/posts\/5017\/revisions"}],"predecessor-version":[{"id":5055,"href":"https:\/\/www.milosnicylasu.olsztyn.pl\/index.php?rest_route=\/wp\/v2\/posts\/5017\/revisions\/5055"}],"wp:attachment":[{"href":"https:\/\/www.milosnicylasu.olsztyn.pl\/index.php?rest_route=%2Fwp%2Fv2%2Fmedia&parent=5017"}],"wp:term":[{"taxonomy":"category","embeddable":true,"href":"https:\/\/www.milosnicylasu.olsztyn.pl\/index.php?rest_route=%2Fwp%2Fv2%2Fcategories&post=5017"},{"taxonomy":"post_tag","embeddable":true,"href":"https:\/\/www.milosnicylasu.olsztyn.pl\/index.php?rest_route=%2Fwp%2Fv2%2Ftags&post=5017"}],"curies":[{"name":"wp","href":"https:\/\/api.w.org\/{rel}","templated":true}]}}