{"id":5034,"date":"2019-10-28T06:03:29","date_gmt":"2019-10-28T05:03:29","guid":{"rendered":"http:\/\/www.milosnicylasu.olsztyn.pl\/?p=5034"},"modified":"2019-10-28T06:06:04","modified_gmt":"2019-10-28T05:06:04","slug":"75-lecie-lok-na-warmii-i-mazurach","status":"publish","type":"post","link":"https:\/\/www.milosnicylasu.olsztyn.pl\/?p=5034","title":{"rendered":"75 lecie LOK na Warmii i Mazurach"},"content":{"rendered":"<p>W dniu 13 09 2019 w siedzibie LOK w Gi\u017cycku odby\u0142y si\u0119 uroczyste Wojew\u00f3dzkie Obchody 75 lecia Ligi Obrony Kraju.\u00a0 Pocz\u0105tkowo padaj\u0105cy deszcz uniemo\u017cliwia\u0142 rozpocz\u0119cie uroczysto\u015bci jednak imprez\u0119 doko\u0144czono w promieniach zachodz\u0105cego s\u0142o\u0144ca. W czasie tej uroczysto\u015bci kilkadziesi\u0105t os\u00f3b odebra\u0142o pami\u0105tkowe medale i odznaczenia. Jubileusz 75 lecia LOK by\u0142 okazj\u0105 do przyznania odznacze\u0144 wyr\u00f3\u017cniaj\u0105cym si\u0119 dzia\u0142aczom Naszego Ko\u0142a.<\/p>\n<p>Medal\u00a0 75 \u2013 lecia\u00a0 Ligi Obrony Kraju \u201e Za Zas\u0142ugi dla LOK\u201d otrzyma\u0142y :<\/p>\n<ol>\n<li>Bo\u017cena Przes\u0142aw<\/li>\n<li>Teresa Tabor<\/li>\n<li>Marzena Kicowska \u2013 Jaro\u0144<\/li>\n<li>Krystyna Leszczy\u0144ska<\/li>\n<li>Stefania Jarczyk<\/li>\n<li>Wac\u0142awa Bruzgo<\/li>\n<li>Mariusz Orzechowski<\/li>\n<li>Pawe\u0142 Tabor<\/li>\n<li>Sebastian Smoluk<\/li>\n<li>Pawe\u0142 Artych<\/li>\n<li>Adam Siemakowicz<\/li>\n<li>Tomasz Kicowski<\/li>\n<li>J\u00f3zef Gazda<\/li>\n<li>Bogus\u0142aw Szut<\/li>\n<li>Zdzis\u0142aw Stoli\u0144ski<\/li>\n<li>Arkadiusz Pielak<\/li>\n<li>Anatol Leszczy\u0144ski<\/li>\n<\/ol>\n<p>&nbsp;<\/p>\n<p>\u201e Za Wybitne Zas\u0142ugi Dla Ligi Obrony Kraju\u201d<\/p>\n<ol>\n<li>Mariusz Orzechowski<\/li>\n<li>Adam Siemakowicz<\/li>\n<\/ol>\n<p>Srebrny\u00a0 Krzy\u017c \u201e Za Zas\u0142ugi Dla K\u017bR\u201d przyznano<\/p>\n<ol>\n<li>Teresie Tabor<\/li>\n<\/ol>\n<p><strong>Gratulujemy wszystkim odznaczonym !<\/strong><\/p>\n<pre class=\"moz-quote-pre\">\r\n<\/pre>\n","protected":false},"excerpt":{"rendered":"<p>W dniu 13 09 2019 w siedzibie LOK w Gi\u017cycku odby\u0142y si\u0119 uroczyste Wojew\u00f3dzkie Obchody 75 lecia Ligi Obrony Kraju.\u00a0 Pocz\u0105tkowo padaj\u0105cy deszcz uniemo\u017cliwia\u0142 rozpocz\u0119cie uroczysto\u015bci jednak imprez\u0119 doko\u0144czono w promieniach zachodz\u0105cego s\u0142o\u0144ca. W czasie tej uroczysto\u015bci kilkadziesi\u0105t os\u00f3b odebra\u0142o pami\u0105tkowe medale i odznaczenia. Jubileusz 75 lecia LOK by\u0142 okazj\u0105 do przyznania odznacze\u0144 wyr\u00f3\u017cniaj\u0105cym si\u0119 [&hellip;]<\/p>\n","protected":false},"author":2,"featured_media":0,"comment_status":"open","ping_status":"open","sticky":false,"template":"","format":"standard","meta":{"footnotes":""},"categories":[1,9,6],"tags":[],"class_list":["post-5034","post","type-post","status-publish","format-standard","hentry","category-bez-kategorii","category-ciekawostki","category-odznaczenia"],"_links":{"self":[{"href":"https:\/\/www.milosnicylasu.olsztyn.pl\/index.php?rest_route=\/wp\/v2\/posts\/5034","targetHints":{"allow":["GET"]}}],"collection":[{"href":"https:\/\/www.milosnicylasu.olsztyn.pl\/index.php?rest_route=\/wp\/v2\/posts"}],"about":[{"href":"https:\/\/www.milosnicylasu.olsztyn.pl\/index.php?rest_route=\/wp\/v2\/types\/post"}],"author":[{"embeddable":true,"href":"https:\/\/www.milosnicylasu.olsztyn.pl\/index.php?rest_route=\/wp\/v2\/users\/2"}],"replies":[{"embeddable":true,"href":"https:\/\/www.milosnicylasu.olsztyn.pl\/index.php?rest_route=%2Fwp%2Fv2%2Fcomments&post=5034"}],"version-history":[{"count":3,"href":"https:\/\/www.milosnicylasu.olsztyn.pl\/index.php?rest_route=\/wp\/v2\/posts\/5034\/revisions"}],"predecessor-version":[{"id":5037,"href":"https:\/\/www.milosnicylasu.olsztyn.pl\/index.php?rest_route=\/wp\/v2\/posts\/5034\/revisions\/5037"}],"wp:attachment":[{"href":"https:\/\/www.milosnicylasu.olsztyn.pl\/index.php?rest_route=%2Fwp%2Fv2%2Fmedia&parent=5034"}],"wp:term":[{"taxonomy":"category","embeddable":true,"href":"https:\/\/www.milosnicylasu.olsztyn.pl\/index.php?rest_route=%2Fwp%2Fv2%2Fcategories&post=5034"},{"taxonomy":"post_tag","embeddable":true,"href":"https:\/\/www.milosnicylasu.olsztyn.pl\/index.php?rest_route=%2Fwp%2Fv2%2Ftags&post=5034"}],"curies":[{"name":"wp","href":"https:\/\/api.w.org\/{rel}","templated":true}]}}