{"id":5038,"date":"2019-10-30T17:40:11","date_gmt":"2019-10-30T16:40:11","guid":{"rendered":"http:\/\/www.milosnicylasu.olsztyn.pl\/?p=5038"},"modified":"2019-10-30T17:40:11","modified_gmt":"2019-10-30T16:40:11","slug":"odwolane-zebranie-listopadowe","status":"publish","type":"post","link":"https:\/\/www.milosnicylasu.olsztyn.pl\/?p=5038","title":{"rendered":"Odwo\u0142ane zebranie listopadowe"},"content":{"rendered":"<p>Informuj\u0119, \u017ce planowane zebranie na dzie\u0144 07 listopada 2019r. nie odb\u0119dzie si\u0119 ze wzgl\u0119du na prace remontowe odbywaj\u0105ce si\u0119 w sali konferencyjnej RDLP w Olsztynie.<\/p>\n<p>Przepraszamy, z tego powodu cz\u0142onk\u00f3w i sympatyk\u00f3w Naszego Ko\u0142a. Zapraszamy na grudniowy czwartek ekologiczny 5 grudnia 2019r.<\/p>\n<p>Pozosta\u0142e spotkania zgodnie z planem pracy Ko\u0142a.<\/p>\n<p>&nbsp;<\/p>\n<p>Prezes Ko\u0142a Anatol\u00a0 Leszczy\u0144ski<\/p>\n","protected":false},"excerpt":{"rendered":"<p>Informuj\u0119, \u017ce planowane zebranie na dzie\u0144 07 listopada 2019r. nie odb\u0119dzie si\u0119 ze wzgl\u0119du na prace remontowe odbywaj\u0105ce si\u0119 w sali konferencyjnej RDLP w Olsztynie. Przepraszamy, z tego powodu cz\u0142onk\u00f3w i sympatyk\u00f3w Naszego Ko\u0142a. Zapraszamy na grudniowy czwartek ekologiczny 5 grudnia 2019r. Pozosta\u0142e spotkania zgodnie z planem pracy Ko\u0142a. &nbsp; Prezes Ko\u0142a Anatol\u00a0 Leszczy\u0144ski<\/p>\n","protected":false},"author":2,"featured_media":0,"comment_status":"open","ping_status":"open","sticky":false,"template":"","format":"standard","meta":{"footnotes":""},"categories":[1,3],"tags":[],"class_list":["post-5038","post","type-post","status-publish","format-standard","hentry","category-bez-kategorii","category-zebrania"],"_links":{"self":[{"href":"https:\/\/www.milosnicylasu.olsztyn.pl\/index.php?rest_route=\/wp\/v2\/posts\/5038","targetHints":{"allow":["GET"]}}],"collection":[{"href":"https:\/\/www.milosnicylasu.olsztyn.pl\/index.php?rest_route=\/wp\/v2\/posts"}],"about":[{"href":"https:\/\/www.milosnicylasu.olsztyn.pl\/index.php?rest_route=\/wp\/v2\/types\/post"}],"author":[{"embeddable":true,"href":"https:\/\/www.milosnicylasu.olsztyn.pl\/index.php?rest_route=\/wp\/v2\/users\/2"}],"replies":[{"embeddable":true,"href":"https:\/\/www.milosnicylasu.olsztyn.pl\/index.php?rest_route=%2Fwp%2Fv2%2Fcomments&post=5038"}],"version-history":[{"count":1,"href":"https:\/\/www.milosnicylasu.olsztyn.pl\/index.php?rest_route=\/wp\/v2\/posts\/5038\/revisions"}],"predecessor-version":[{"id":5039,"href":"https:\/\/www.milosnicylasu.olsztyn.pl\/index.php?rest_route=\/wp\/v2\/posts\/5038\/revisions\/5039"}],"wp:attachment":[{"href":"https:\/\/www.milosnicylasu.olsztyn.pl\/index.php?rest_route=%2Fwp%2Fv2%2Fmedia&parent=5038"}],"wp:term":[{"taxonomy":"category","embeddable":true,"href":"https:\/\/www.milosnicylasu.olsztyn.pl\/index.php?rest_route=%2Fwp%2Fv2%2Fcategories&post=5038"},{"taxonomy":"post_tag","embeddable":true,"href":"https:\/\/www.milosnicylasu.olsztyn.pl\/index.php?rest_route=%2Fwp%2Fv2%2Ftags&post=5038"}],"curies":[{"name":"wp","href":"https:\/\/api.w.org\/{rel}","templated":true}]}}