{"id":5040,"date":"2019-10-30T17:44:04","date_gmt":"2019-10-30T16:44:04","guid":{"rendered":"http:\/\/www.milosnicylasu.olsztyn.pl\/?p=5040"},"modified":"2019-10-30T17:44:04","modified_gmt":"2019-10-30T16:44:04","slug":"wspolne-spiewanie-piesni-patriotycznych","status":"publish","type":"post","link":"https:\/\/www.milosnicylasu.olsztyn.pl\/?p=5040","title":{"rendered":"&#8222;Wsp\u00f3lne \u015apiewanie Pie\u015bni Patriotycznych&#8221;"},"content":{"rendered":"<p>&nbsp;<\/p>\n<p><strong>Zapraszamy na \u201e Wsp\u00f3lne \u015apiewanie Pie\u015bni Patriotycznych&#8221;<\/strong><\/p>\n<p>&nbsp;<\/p>\n<p>Narodowe \u015awi\u0119to Niepodleg\u0142o\u015bci \u2013 \u015bwi\u0119to pa\u0144stwowe w Polsce obchodzone jest corocznie 11 listopada dla upami\u0119tnienia odzyskania niepodleg\u0142o\u015bci przez Polsk\u0119 w 1918, po 123 latach zabor\u00f3w.<\/p>\n<p>Cz\u0142onkowie Ko\u0142a Mi\u0142o\u015bnik\u00f3w Lasu i Militari\u00f3w LOK przy ATW w Olsztynie to wielkie \u015awi\u0119to b\u0119d\u0105 obchodzi\u0107 troch\u0119 wcze\u015bniej, bo ju\u017c w <strong>pi\u0105tek 8 listopada 2019 roku<\/strong> w zaprzyja\u017anionym Nadle\u015bnictwie\u00a0 Jagie\u0142ek, do kt\u00f3rego zaprosi\u0142a nas Pani Bo\u017cena Przes\u0142aw \u2013Nadle\u015bniczy Nadle\u015bnictwa.<\/p>\n<p>Udamy si\u0119 tam autobusem MPK linii nr 129\u00a0 trasa Olsztyn- Olsztynek, \u00a0z przystanku pocz\u0105tkowego przy ul. Mochnackiego r\u00f3g \u015aliwy przed stacj\u0105 paliw o godz. 7.35.<\/p>\n<p>Do plecaka zabieramy pieczywo i kie\u0142bask\u0119\u00a0 do ogniska, oraz inne artyku\u0142y spo\u017cywcze wed\u0142ug uznania. Nadle\u015bnictwo zapewnia nam ognisko i akompaniament do naszego wsp\u00f3lnego \u015bpiewania a \u015bpiewniki b\u0119d\u0105 przygotowane przez Rysi\u0119 i Micha\u0142a K\u0142\u0119bukowskich. Organizatorem wyjazdu jest Anatol Leszczy\u0144ski\u00a0 tel. kom. 731722095<\/p>\n<p>Mamy nadziej\u0119 na kolejne sympatyczne spotkanie w gronie cz\u0142onk\u00f3w i sympatyk\u00f3w KMLiM.<\/p>\n","protected":false},"excerpt":{"rendered":"<p>&nbsp; Zapraszamy na \u201e Wsp\u00f3lne \u015apiewanie Pie\u015bni Patriotycznych&#8221; &nbsp; Narodowe \u015awi\u0119to Niepodleg\u0142o\u015bci \u2013 \u015bwi\u0119to pa\u0144stwowe w Polsce obchodzone jest corocznie 11 listopada dla upami\u0119tnienia odzyskania niepodleg\u0142o\u015bci przez Polsk\u0119 w 1918, po 123 latach zabor\u00f3w. Cz\u0142onkowie Ko\u0142a Mi\u0142o\u015bnik\u00f3w Lasu i Militari\u00f3w LOK przy ATW w Olsztynie to wielkie \u015awi\u0119to b\u0119d\u0105 obchodzi\u0107 troch\u0119 wcze\u015bniej, bo ju\u017c w [&hellip;]<\/p>\n","protected":false},"author":2,"featured_media":0,"comment_status":"open","ping_status":"open","sticky":false,"template":"","format":"standard","meta":{"footnotes":""},"categories":[1,9,17,2,11,5],"tags":[],"class_list":["post-5040","post","type-post","status-publish","format-standard","hentry","category-bez-kategorii","category-ciekawostki","category-edukacja-w-terenie","category-rajdy","category-spotkania-artystyczne","category-wycieczki"],"_links":{"self":[{"href":"https:\/\/www.milosnicylasu.olsztyn.pl\/index.php?rest_route=\/wp\/v2\/posts\/5040","targetHints":{"allow":["GET"]}}],"collection":[{"href":"https:\/\/www.milosnicylasu.olsztyn.pl\/index.php?rest_route=\/wp\/v2\/posts"}],"about":[{"href":"https:\/\/www.milosnicylasu.olsztyn.pl\/index.php?rest_route=\/wp\/v2\/types\/post"}],"author":[{"embeddable":true,"href":"https:\/\/www.milosnicylasu.olsztyn.pl\/index.php?rest_route=\/wp\/v2\/users\/2"}],"replies":[{"embeddable":true,"href":"https:\/\/www.milosnicylasu.olsztyn.pl\/index.php?rest_route=%2Fwp%2Fv2%2Fcomments&post=5040"}],"version-history":[{"count":1,"href":"https:\/\/www.milosnicylasu.olsztyn.pl\/index.php?rest_route=\/wp\/v2\/posts\/5040\/revisions"}],"predecessor-version":[{"id":5041,"href":"https:\/\/www.milosnicylasu.olsztyn.pl\/index.php?rest_route=\/wp\/v2\/posts\/5040\/revisions\/5041"}],"wp:attachment":[{"href":"https:\/\/www.milosnicylasu.olsztyn.pl\/index.php?rest_route=%2Fwp%2Fv2%2Fmedia&parent=5040"}],"wp:term":[{"taxonomy":"category","embeddable":true,"href":"https:\/\/www.milosnicylasu.olsztyn.pl\/index.php?rest_route=%2Fwp%2Fv2%2Fcategories&post=5040"},{"taxonomy":"post_tag","embeddable":true,"href":"https:\/\/www.milosnicylasu.olsztyn.pl\/index.php?rest_route=%2Fwp%2Fv2%2Ftags&post=5040"}],"curies":[{"name":"wp","href":"https:\/\/api.w.org\/{rel}","templated":true}]}}