{"id":5047,"date":"2019-11-05T10:58:32","date_gmt":"2019-11-05T09:58:32","guid":{"rendered":"http:\/\/www.milosnicylasu.olsztyn.pl\/?p=5047"},"modified":"2019-11-05T11:03:41","modified_gmt":"2019-11-05T10:03:41","slug":"zaproszenie-do-muzeum-przyrody-3","status":"publish","type":"post","link":"https:\/\/www.milosnicylasu.olsztyn.pl\/?p=5047","title":{"rendered":"Zaproszenie do Muzeum Przyrody"},"content":{"rendered":"<div class=\"moz-text-html\" lang=\"x-unicode\">\n<p><strong>Otrzymali\u015bmy zaproszenie do Muzeum Przyrody<br \/>\n<\/strong><\/p>\n<p>&nbsp;<\/p>\n<p><em><span style=\"font-family: Times New Roman, Times, serif;\">\u00a0\u00a0\u00a0\u00a0\u00a0\u00a0\u00a0\u00a0\u00a0\u00a0\u00a0\u00a0\u00a0\u00a0\u00a0\u00a0\u00a0\u00a0\u00a0\u00a0\u00a0\u00a0\u00a0\u00a0\u00a0\u00a0\u00a0\u00a0\u00a0\u00a0\u00a0\u00a0\u00a0\u00a0\u00a0\u00a0\u00a0\u00a0\u00a0\u00a0\u00a0\u00a0\u00a0\u00a0\u00a0\u00a0\u00a0\u00a0\u00a0\u00a0\u00a0\u00a0\u00a0\u00a0\u00a0\u00a0\u00a0\u00a0\u00a0\u00a0\u00a0\u00a0\u00a0\u00a0\u00a0\u00a0\u00a0\u00a0\u00a0\u00a0\u00a0\u00a0\u00a0\u00a0\u00a0\u00a0\u00a0\u00a0\u00a0\u00a0\u00a0\u00a0 \u00a0 \u00a0 \u00a0 \u00a0 \u00a0 \u00a0 \u00a0 \u00a0 \u00a0 \u00a0 \u00a0 \u00a0 \u00a0\u00a0 Anatolu,<br \/>\n<\/span><\/em><\/p>\n<p><em><span style=\"font-family: Times New Roman, Times, serif;\">Uprzejmie przypominam o kolejnym wyk\u0142adzie z cyklu &#8222;Spotkania z przyrod\u0105&#8221;.<br \/>\n<\/span> <span style=\"font-family: Times New Roman, Times, serif;\">Jutro, 06.11.2019, wyk\u0142ad pt.: &#8222;Blaski i cienie ratowania zwierz\u0105t, czyli 23 lata pracy w O\u015brodku Rehabilitacji Dzikich Zwierz\u0105t przy Zespole Park\u00f3w Krajobrazowych Pojezierza I\u0142awskiego i Wzg\u00f3rz Dylewskich w Jerzwa\u0142dzie&#8221; wyg\u0142osi Tadeusz Markos.<br \/>\n<\/span> <span style=\"font-family: Times New Roman, Times, serif;\"><br \/>\n<\/span> <span style=\"font-family: Times New Roman, Times, serif;\">Pozdrawiam<br \/>\n<\/span> <span style=\"font-family: Times New Roman, Times, serif;\">Marian Szymkiewicz<\/span><\/em><\/p>\n<\/div>\n","protected":false},"excerpt":{"rendered":"<p>Otrzymali\u015bmy zaproszenie do Muzeum Przyrody &nbsp; \u00a0\u00a0\u00a0\u00a0\u00a0\u00a0\u00a0\u00a0\u00a0\u00a0\u00a0\u00a0\u00a0\u00a0\u00a0\u00a0\u00a0\u00a0\u00a0\u00a0\u00a0\u00a0\u00a0\u00a0\u00a0\u00a0\u00a0\u00a0\u00a0\u00a0\u00a0\u00a0\u00a0\u00a0\u00a0\u00a0\u00a0\u00a0\u00a0\u00a0\u00a0\u00a0\u00a0\u00a0\u00a0\u00a0\u00a0\u00a0\u00a0\u00a0\u00a0\u00a0\u00a0\u00a0\u00a0\u00a0\u00a0\u00a0\u00a0\u00a0\u00a0\u00a0\u00a0\u00a0\u00a0\u00a0\u00a0\u00a0\u00a0\u00a0\u00a0\u00a0\u00a0\u00a0\u00a0\u00a0\u00a0\u00a0\u00a0\u00a0\u00a0\u00a0 \u00a0 \u00a0 \u00a0 \u00a0 \u00a0 \u00a0 \u00a0 \u00a0 \u00a0 \u00a0 \u00a0 \u00a0 \u00a0\u00a0 Anatolu, Uprzejmie przypominam o kolejnym wyk\u0142adzie z cyklu &#8222;Spotkania z przyrod\u0105&#8221;. Jutro, 06.11.2019, wyk\u0142ad pt.: &#8222;Blaski i cienie ratowania zwierz\u0105t, czyli 23 lata pracy w O\u015brodku Rehabilitacji Dzikich Zwierz\u0105t przy Zespole Park\u00f3w Krajobrazowych Pojezierza I\u0142awskiego [&hellip;]<\/p>\n","protected":false},"author":2,"featured_media":0,"comment_status":"open","ping_status":"open","sticky":false,"template":"","format":"standard","meta":{"footnotes":""},"categories":[1,9,17],"tags":[],"class_list":["post-5047","post","type-post","status-publish","format-standard","hentry","category-bez-kategorii","category-ciekawostki","category-edukacja-w-terenie"],"_links":{"self":[{"href":"https:\/\/www.milosnicylasu.olsztyn.pl\/index.php?rest_route=\/wp\/v2\/posts\/5047","targetHints":{"allow":["GET"]}}],"collection":[{"href":"https:\/\/www.milosnicylasu.olsztyn.pl\/index.php?rest_route=\/wp\/v2\/posts"}],"about":[{"href":"https:\/\/www.milosnicylasu.olsztyn.pl\/index.php?rest_route=\/wp\/v2\/types\/post"}],"author":[{"embeddable":true,"href":"https:\/\/www.milosnicylasu.olsztyn.pl\/index.php?rest_route=\/wp\/v2\/users\/2"}],"replies":[{"embeddable":true,"href":"https:\/\/www.milosnicylasu.olsztyn.pl\/index.php?rest_route=%2Fwp%2Fv2%2Fcomments&post=5047"}],"version-history":[{"count":6,"href":"https:\/\/www.milosnicylasu.olsztyn.pl\/index.php?rest_route=\/wp\/v2\/posts\/5047\/revisions"}],"predecessor-version":[{"id":5053,"href":"https:\/\/www.milosnicylasu.olsztyn.pl\/index.php?rest_route=\/wp\/v2\/posts\/5047\/revisions\/5053"}],"wp:attachment":[{"href":"https:\/\/www.milosnicylasu.olsztyn.pl\/index.php?rest_route=%2Fwp%2Fv2%2Fmedia&parent=5047"}],"wp:term":[{"taxonomy":"category","embeddable":true,"href":"https:\/\/www.milosnicylasu.olsztyn.pl\/index.php?rest_route=%2Fwp%2Fv2%2Fcategories&post=5047"},{"taxonomy":"post_tag","embeddable":true,"href":"https:\/\/www.milosnicylasu.olsztyn.pl\/index.php?rest_route=%2Fwp%2Fv2%2Ftags&post=5047"}],"curies":[{"name":"wp","href":"https:\/\/api.w.org\/{rel}","templated":true}]}}