{"id":5081,"date":"2019-11-19T08:34:00","date_gmt":"2019-11-19T07:34:00","guid":{"rendered":"http:\/\/www.milosnicylasu.olsztyn.pl\/?p=5081"},"modified":"2019-11-19T08:39:06","modified_gmt":"2019-11-19T07:39:06","slug":"puchar-prezesa-zdobyty","status":"publish","type":"post","link":"https:\/\/www.milosnicylasu.olsztyn.pl\/?p=5081","title":{"rendered":"Puchar prezesa zdobyty"},"content":{"rendered":"<p><a href=\"http:\/\/www.milosnicylasu.olsztyn.pl\/wp-content\/uploads\/2019\/11\/DSCN4445-www.jpg\" data-rel=\"lightbox-image-0\" data-magnific_type=\"image\" data-rl_title=\"\" data-rl_caption=\"\" title=\"\"><img loading=\"lazy\" decoding=\"async\" class=\"size-medium wp-image-5083 alignleft\" src=\"http:\/\/www.milosnicylasu.olsztyn.pl\/wp-content\/uploads\/2019\/11\/DSCN4445-www-300x225.jpg\" alt=\"\" width=\"300\" height=\"225\" srcset=\"https:\/\/www.milosnicylasu.olsztyn.pl\/wp-content\/uploads\/2019\/11\/DSCN4445-www-300x225.jpg 300w, https:\/\/www.milosnicylasu.olsztyn.pl\/wp-content\/uploads\/2019\/11\/DSCN4445-www-768x576.jpg 768w, https:\/\/www.milosnicylasu.olsztyn.pl\/wp-content\/uploads\/2019\/11\/DSCN4445-www.jpg 1024w\" sizes=\"auto, (max-width: 300px) 100vw, 300px\" \/><\/a>W <strong>\u201eListopadowych Zawodach Strzeleckich o Puchar Prezesa Ko\u0142a\u201d najlepszym strzelcem okaza\u0142a si\u0119 nasza kole\u017canka Ania Kukli\u0144ska, <\/strong>kt\u00f3rej na grudniowym zebraniu zostanie uroczy\u015bcie wr\u0119czony puchar. Serdecznie gratulujemy. Poza podium znale\u017ali si\u0119\u00a0 J\u00f3zek Gazda, Ryszard Chodziakiewicz i Jan Filipek. Jak wida\u0107 pokona\u0142a zawodnik\u00f3w, kt\u00f3rzy dotychczas zdobywali puchary. Brawo Aniu!\u00a0 Mamy nadziej\u0119, \u017ce Tw\u00f3j wyczyn zach\u0119ci do trening\u00f3w i zawod\u00f3w inne kole\u017canki z naszego Ko\u0142a. Oczywi\u015bcie gratulujemy pozosta\u0142ym zawodnikom i \u017cyczymy im lepszych wynik\u00f3w w nast\u0119pnych zmaganiach.<a href=\"http:\/\/www.milosnicylasu.olsztyn.pl\/wp-content\/uploads\/2019\/11\/DSCN4446-www.jpg\" data-rel=\"lightbox-image-1\" data-magnific_type=\"image\" data-rl_title=\"\" data-rl_caption=\"\" title=\"\"><img loading=\"lazy\" decoding=\"async\" class=\"size-medium wp-image-5084 alignright\" src=\"http:\/\/www.milosnicylasu.olsztyn.pl\/wp-content\/uploads\/2019\/11\/DSCN4446-www-300x225.jpg\" alt=\"\" width=\"300\" height=\"225\" \/><\/a><\/p>\n<p>&nbsp;<\/p>\n<p>Organizatorem zawod\u00f3w by\u0142 Prezes Ko\u0142a Anatol Leszczy\u0144ski, kt\u00f3ry ufundowa\u0142 puchar.<\/p>\n","protected":false},"excerpt":{"rendered":"<p>W \u201eListopadowych Zawodach Strzeleckich o Puchar Prezesa Ko\u0142a\u201d najlepszym strzelcem okaza\u0142a si\u0119 nasza kole\u017canka Ania Kukli\u0144ska, kt\u00f3rej na grudniowym zebraniu zostanie uroczy\u015bcie wr\u0119czony puchar. Serdecznie gratulujemy. Poza podium znale\u017ali si\u0119\u00a0 J\u00f3zek Gazda, Ryszard Chodziakiewicz i Jan Filipek. Jak wida\u0107 pokona\u0142a zawodnik\u00f3w, kt\u00f3rzy dotychczas zdobywali puchary. Brawo Aniu!\u00a0 Mamy nadziej\u0119, \u017ce Tw\u00f3j wyczyn zach\u0119ci do trening\u00f3w [&hellip;]<\/p>\n","protected":false},"author":2,"featured_media":0,"comment_status":"open","ping_status":"open","sticky":false,"template":"","format":"standard","meta":{"footnotes":""},"categories":[1,9,8],"tags":[],"class_list":["post-5081","post","type-post","status-publish","format-standard","hentry","category-bez-kategorii","category-ciekawostki","category-zawody-strzeleckie"],"_links":{"self":[{"href":"https:\/\/www.milosnicylasu.olsztyn.pl\/index.php?rest_route=\/wp\/v2\/posts\/5081","targetHints":{"allow":["GET"]}}],"collection":[{"href":"https:\/\/www.milosnicylasu.olsztyn.pl\/index.php?rest_route=\/wp\/v2\/posts"}],"about":[{"href":"https:\/\/www.milosnicylasu.olsztyn.pl\/index.php?rest_route=\/wp\/v2\/types\/post"}],"author":[{"embeddable":true,"href":"https:\/\/www.milosnicylasu.olsztyn.pl\/index.php?rest_route=\/wp\/v2\/users\/2"}],"replies":[{"embeddable":true,"href":"https:\/\/www.milosnicylasu.olsztyn.pl\/index.php?rest_route=%2Fwp%2Fv2%2Fcomments&post=5081"}],"version-history":[{"count":2,"href":"https:\/\/www.milosnicylasu.olsztyn.pl\/index.php?rest_route=\/wp\/v2\/posts\/5081\/revisions"}],"predecessor-version":[{"id":5085,"href":"https:\/\/www.milosnicylasu.olsztyn.pl\/index.php?rest_route=\/wp\/v2\/posts\/5081\/revisions\/5085"}],"wp:attachment":[{"href":"https:\/\/www.milosnicylasu.olsztyn.pl\/index.php?rest_route=%2Fwp%2Fv2%2Fmedia&parent=5081"}],"wp:term":[{"taxonomy":"category","embeddable":true,"href":"https:\/\/www.milosnicylasu.olsztyn.pl\/index.php?rest_route=%2Fwp%2Fv2%2Fcategories&post=5081"},{"taxonomy":"post_tag","embeddable":true,"href":"https:\/\/www.milosnicylasu.olsztyn.pl\/index.php?rest_route=%2Fwp%2Fv2%2Ftags&post=5081"}],"curies":[{"name":"wp","href":"https:\/\/api.w.org\/{rel}","templated":true}]}}