{"id":5088,"date":"2019-12-07T07:56:22","date_gmt":"2019-12-07T06:56:22","guid":{"rendered":"http:\/\/www.milosnicylasu.olsztyn.pl\/?p=5088"},"modified":"2019-12-07T14:34:26","modified_gmt":"2019-12-07T13:34:26","slug":"mikolajkowo-swiatecznie-i-bardzo-kolorowo","status":"publish","type":"post","link":"https:\/\/www.milosnicylasu.olsztyn.pl\/?p=5088","title":{"rendered":"Miko\u0142ajkowo, \u015bwi\u0105tecznie i bardzo kolorowo ale te\u017c powa\u017cnie"},"content":{"rendered":"<p><a href=\"http:\/\/www.milosnicylasu.olsztyn.pl\/wp-content\/uploads\/2019\/12\/DSCN4505-www.jpg\" data-rel=\"lightbox-image-0\" data-magnific_type=\"image\" data-rl_title=\"\" data-rl_caption=\"\" title=\"\"><img loading=\"lazy\" decoding=\"async\" class=\"size-medium wp-image-5089 alignleft\" src=\"http:\/\/www.milosnicylasu.olsztyn.pl\/wp-content\/uploads\/2019\/12\/DSCN4505-www-300x225.jpg\" alt=\"\" width=\"300\" height=\"225\" srcset=\"https:\/\/www.milosnicylasu.olsztyn.pl\/wp-content\/uploads\/2019\/12\/DSCN4505-www-300x225.jpg 300w, https:\/\/www.milosnicylasu.olsztyn.pl\/wp-content\/uploads\/2019\/12\/DSCN4505-www-768x576.jpg 768w, https:\/\/www.milosnicylasu.olsztyn.pl\/wp-content\/uploads\/2019\/12\/DSCN4505-www.jpg 1024w\" sizes=\"auto, (max-width: 300px) 100vw, 300px\" \/><\/a>Grudniowe spotkanie Ko\u0142a Mi\u0142o\u015bnik\u00f3w Lasu i Militari\u00f3w LOK przy ATW w Olsztynie mia\u0142o bardzo uroczysty, radosny charakter.<\/p>\n<p>Odbywa\u0142o si\u0119 5 grudnia 2019 roku, a wi\u0119c w wigili\u0119 \u015awi\u0119tego Miko\u0142aja. Z tej okazji odby\u0142a si\u0119 wystawa bo\u017conarodzeniowych prac wykonanych przez kole\u017canki z Ko\u0142a.\u00a0 To ju\u017c taka nasza tradycja, \u017ce przed \u015bwi\u0119tami prezentujemy nasze ma\u0142e &#8222;cude\u0144ka&#8221; pracownikom Regionalnej Dyrekcji Las\u00f3w Pa\u0144stwowych w Olsztynie\u00a0 i oczywi\u015bcie naszym kole\u017cankom i kolegom. Cieszy nas du\u017ce zainteresowanie wystaw\u0105 i &#8230; s\u0142owa podziwu dla umiej\u0119tno\u015bci pa\u0144 i &#8230;&#8230;<\/p>\n<p>W tym roku po raz pierwszy w akcj\u0119 miko\u0142ajkow\u0105, jeszcze nie\u015bmia\u0142o w\u0142\u0105czy\u0142o si\u0119 kilku pan\u00f3w, a wi\u0119c kochane kole\u017canki konkurencja nam ro\u015bnie. No c\u00f3\u017c\u00a0 w zawodach strzeleckich zwyci\u0119\u017caj\u0105 panie, czego przyk\u0142adem jest Ania Kukli\u0144ska, kt\u00f3ra zdoby\u0142a puchar prezesa Ko\u0142a, to mo\u017ce panowie w nast\u0119pnym roku poka\u017c\u0105 swoje umiej\u0119tno\u015bci artystyczno- r\u0119kodzielnicze. <a href=\"http:\/\/www.milosnicylasu.olsztyn.pl\/wp-content\/uploads\/2019\/12\/DSCN4526-www.jpg\" data-rel=\"lightbox-image-1\" data-magnific_type=\"image\" data-rl_title=\"\" data-rl_caption=\"\" title=\"\"><img loading=\"lazy\" decoding=\"async\" class=\"size-medium wp-image-5090 alignright\" src=\"http:\/\/www.milosnicylasu.olsztyn.pl\/wp-content\/uploads\/2019\/12\/DSCN4526-www-300x225.jpg\" alt=\"\" width=\"300\" height=\"225\" srcset=\"https:\/\/www.milosnicylasu.olsztyn.pl\/wp-content\/uploads\/2019\/12\/DSCN4526-www-300x225.jpg 300w, https:\/\/www.milosnicylasu.olsztyn.pl\/wp-content\/uploads\/2019\/12\/DSCN4526-www-768x576.jpg 768w, https:\/\/www.milosnicylasu.olsztyn.pl\/wp-content\/uploads\/2019\/12\/DSCN4526-www.jpg 1024w\" sizes=\"auto, (max-width: 300px) 100vw, 300px\" \/><\/a><\/p>\n<p><a href=\"http:\/\/www.milosnicylasu.olsztyn.pl\/wp-content\/uploads\/2019\/12\/DSCN4527-www.jpg\" data-rel=\"lightbox-image-2\" data-magnific_type=\"image\" data-rl_title=\"\" data-rl_caption=\"\" title=\"\"><img loading=\"lazy\" decoding=\"async\" class=\"size-medium wp-image-5091 alignleft\" src=\"http:\/\/www.milosnicylasu.olsztyn.pl\/wp-content\/uploads\/2019\/12\/DSCN4527-www-300x225.jpg\" alt=\"\" width=\"300\" height=\"225\" srcset=\"https:\/\/www.milosnicylasu.olsztyn.pl\/wp-content\/uploads\/2019\/12\/DSCN4527-www-300x225.jpg 300w, https:\/\/www.milosnicylasu.olsztyn.pl\/wp-content\/uploads\/2019\/12\/DSCN4527-www-768x576.jpg 768w, https:\/\/www.milosnicylasu.olsztyn.pl\/wp-content\/uploads\/2019\/12\/DSCN4527-www.jpg 1024w\" sizes=\"auto, (max-width: 300px) 100vw, 300px\" \/><\/a>A \u017ceby by\u0142o tak ju\u017c naprawd\u0119 \u015bwi\u0105tecznie, od \u015awi\u0119tego Miko\u0142aja\u00a0 wszyscy otrzymali pi\u0119kne bombki, w czwartek cz\u0142onkowie Ko\u0142a,\u00a0 a w pi\u0105tek\u00a0 zaprzyja\u017anieni, wsp\u00f3\u0142pracuj\u0105cy, wspieraj\u0105cy Ko\u0142o pracownicy RDLP w Olsztynie.\u00a0 <a href=\"http:\/\/www.milosnicylasu.olsztyn.pl\/wp-content\/uploads\/2019\/12\/DSCN4532-www.jpg\" data-rel=\"lightbox-image-3\" data-magnific_type=\"image\" data-rl_title=\"\" data-rl_caption=\"\" title=\"\"><img loading=\"lazy\" decoding=\"async\" class=\"size-medium wp-image-5099 alignright\" src=\"http:\/\/www.milosnicylasu.olsztyn.pl\/wp-content\/uploads\/2019\/12\/DSCN4532-www-300x225.jpg\" alt=\"\" width=\"300\" height=\"225\" \/><\/a><a href=\"http:\/\/www.milosnicylasu.olsztyn.pl\/wp-content\/uploads\/2019\/12\/DSCN4535-www.jpg\" data-rel=\"lightbox-image-4\" data-magnific_type=\"image\" data-rl_title=\"\" data-rl_caption=\"\" title=\"\"><img loading=\"lazy\" decoding=\"async\" class=\"size-medium wp-image-5092 alignright\" src=\"http:\/\/www.milosnicylasu.olsztyn.pl\/wp-content\/uploads\/2019\/12\/DSCN4535-www-300x225.jpg\" alt=\"\" width=\"300\" height=\"225\" srcset=\"https:\/\/www.milosnicylasu.olsztyn.pl\/wp-content\/uploads\/2019\/12\/DSCN4535-www-300x225.jpg 300w, https:\/\/www.milosnicylasu.olsztyn.pl\/wp-content\/uploads\/2019\/12\/DSCN4535-www-768x576.jpg 768w, https:\/\/www.milosnicylasu.olsztyn.pl\/wp-content\/uploads\/2019\/12\/DSCN4535-www.jpg 1024w\" sizes=\"auto, (max-width: 300px) 100vw, 300px\" \/><\/a><\/p>\n<p>&nbsp;<\/p>\n<p>&nbsp;<\/p>\n<p>&nbsp;<\/p>\n<p>&nbsp;<\/p>\n<p>&nbsp;<\/p>\n<p>&nbsp;<\/p>\n<p>&nbsp;<\/p>\n<p>&nbsp;<\/p>\n<p>W czasie czwartkowego spotkania im dalej tym by\u0142o &#8222;bogaciej&#8221;. Ju\u017c nie dla wszystkich a dla szczeg\u00f3lnie aktywnych prezes wr\u0119cza\u0142 medale, nagrody.<\/p>\n<p><a href=\"http:\/\/www.milosnicylasu.olsztyn.pl\/wp-content\/uploads\/2019\/12\/DSCN4524-www.jpg\" data-rel=\"lightbox-image-5\" data-magnific_type=\"image\" data-rl_title=\"\" data-rl_caption=\"\" title=\"\"><img loading=\"lazy\" decoding=\"async\" class=\"size-medium wp-image-5095 alignleft\" src=\"http:\/\/www.milosnicylasu.olsztyn.pl\/wp-content\/uploads\/2019\/12\/DSCN4524-www-300x225.jpg\" alt=\"\" width=\"300\" height=\"225\" srcset=\"https:\/\/www.milosnicylasu.olsztyn.pl\/wp-content\/uploads\/2019\/12\/DSCN4524-www-300x225.jpg 300w, https:\/\/www.milosnicylasu.olsztyn.pl\/wp-content\/uploads\/2019\/12\/DSCN4524-www-768x576.jpg 768w, https:\/\/www.milosnicylasu.olsztyn.pl\/wp-content\/uploads\/2019\/12\/DSCN4524-www.jpg 1024w\" sizes=\"auto, (max-width: 300px) 100vw, 300px\" \/><\/a>I tak nagrody otrzymali zwyci\u0119scy\u00a0 dw\u00f3ch konkurs\u00f3w :&#8221;Z wiedzy o listopadowym \u015bwi\u0119cie&#8217;\u00a0 oraz\u00a0 &#8222;Wipasz bez tajemnic&#8221;.\u00a0 Medale z\u0142ote wr\u0119czono dla 12 os\u00f3b, kt\u00f3re dotar\u0142y do mety &#8222;Jesiennego rajdu na azymut&#8221;, medale okoliczno\u015bciowe otrzyma\u0142o 20 os\u00f3b, kt\u00f3re uczestniczy\u0142y w obchodach &#8222;101 Rocznicy Niepodleg\u0142ej&#8221; w Jagie\u0142ku oraz organizatorzy tego patriotycznego spotkania.<\/p>\n<p>&nbsp;<\/p>\n<p><a href=\"http:\/\/www.milosnicylasu.olsztyn.pl\/wp-content\/uploads\/2019\/12\/DSCN4516-www.jpg\" data-rel=\"lightbox-image-6\" data-magnific_type=\"image\" data-rl_title=\"\" data-rl_caption=\"\" title=\"\"><img loading=\"lazy\" decoding=\"async\" class=\"size-medium wp-image-5097 alignright\" src=\"http:\/\/www.milosnicylasu.olsztyn.pl\/wp-content\/uploads\/2019\/12\/DSCN4516-www-300x225.jpg\" alt=\"\" width=\"300\" height=\"225\" srcset=\"https:\/\/www.milosnicylasu.olsztyn.pl\/wp-content\/uploads\/2019\/12\/DSCN4516-www-300x225.jpg 300w, https:\/\/www.milosnicylasu.olsztyn.pl\/wp-content\/uploads\/2019\/12\/DSCN4516-www-768x576.jpg 768w, https:\/\/www.milosnicylasu.olsztyn.pl\/wp-content\/uploads\/2019\/12\/DSCN4516-www.jpg 1024w\" sizes=\"auto, (max-width: 300px) 100vw, 300px\" \/><\/a>By\u0142o weso\u0142o, ale te\u017c na powa\u017cnie. Odwiedzi\u0142a nas Pani El\u017cbieta Szwa\u0142kiewicz, kt\u00f3ra ju\u017c po raz drugi uczy\u0142a nas jak zaopiekowa\u0107 si\u0119 osobami niepe\u0142nosprawnymi w rodzinie. Tym razem skupi\u0142a si\u0119 na om\u00f3wieniu zalet i wad r\u00f3\u017cnego rodzaju sprz\u0119t\u00f3w potrzebnych naszym bliskim, wymagaj\u0105cych opieki. Dzi\u0119kujemy!<\/p>\n<p>&nbsp;<\/p>\n","protected":false},"excerpt":{"rendered":"<p>Grudniowe spotkanie Ko\u0142a Mi\u0142o\u015bnik\u00f3w Lasu i Militari\u00f3w LOK przy ATW w Olsztynie mia\u0142o bardzo uroczysty, radosny charakter. Odbywa\u0142o si\u0119 5 grudnia 2019 roku, a wi\u0119c w wigili\u0119 \u015awi\u0119tego Miko\u0142aja. Z tej okazji odby\u0142a si\u0119 wystawa bo\u017conarodzeniowych prac wykonanych przez kole\u017canki z Ko\u0142a.\u00a0 To ju\u017c taka nasza tradycja, \u017ce przed \u015bwi\u0119tami prezentujemy nasze ma\u0142e &#8222;cude\u0144ka&#8221; pracownikom [&hellip;]<\/p>\n","protected":false},"author":2,"featured_media":0,"comment_status":"open","ping_status":"open","sticky":false,"template":"","format":"standard","meta":{"footnotes":""},"categories":[1,9,4,3],"tags":[],"class_list":["post-5088","post","type-post","status-publish","format-standard","hentry","category-bez-kategorii","category-ciekawostki","category-wystawy","category-zebrania"],"_links":{"self":[{"href":"https:\/\/www.milosnicylasu.olsztyn.pl\/index.php?rest_route=\/wp\/v2\/posts\/5088","targetHints":{"allow":["GET"]}}],"collection":[{"href":"https:\/\/www.milosnicylasu.olsztyn.pl\/index.php?rest_route=\/wp\/v2\/posts"}],"about":[{"href":"https:\/\/www.milosnicylasu.olsztyn.pl\/index.php?rest_route=\/wp\/v2\/types\/post"}],"author":[{"embeddable":true,"href":"https:\/\/www.milosnicylasu.olsztyn.pl\/index.php?rest_route=\/wp\/v2\/users\/2"}],"replies":[{"embeddable":true,"href":"https:\/\/www.milosnicylasu.olsztyn.pl\/index.php?rest_route=%2Fwp%2Fv2%2Fcomments&post=5088"}],"version-history":[{"count":10,"href":"https:\/\/www.milosnicylasu.olsztyn.pl\/index.php?rest_route=\/wp\/v2\/posts\/5088\/revisions"}],"predecessor-version":[{"id":5105,"href":"https:\/\/www.milosnicylasu.olsztyn.pl\/index.php?rest_route=\/wp\/v2\/posts\/5088\/revisions\/5105"}],"wp:attachment":[{"href":"https:\/\/www.milosnicylasu.olsztyn.pl\/index.php?rest_route=%2Fwp%2Fv2%2Fmedia&parent=5088"}],"wp:term":[{"taxonomy":"category","embeddable":true,"href":"https:\/\/www.milosnicylasu.olsztyn.pl\/index.php?rest_route=%2Fwp%2Fv2%2Fcategories&post=5088"},{"taxonomy":"post_tag","embeddable":true,"href":"https:\/\/www.milosnicylasu.olsztyn.pl\/index.php?rest_route=%2Fwp%2Fv2%2Ftags&post=5088"}],"curies":[{"name":"wp","href":"https:\/\/api.w.org\/{rel}","templated":true}]}}