{"id":5106,"date":"2019-12-07T18:06:39","date_gmt":"2019-12-07T17:06:39","guid":{"rendered":"http:\/\/www.milosnicylasu.olsztyn.pl\/?p=5106"},"modified":"2020-01-31T12:18:42","modified_gmt":"2020-01-31T11:18:42","slug":"co-jeszcze-czeka-nas-w-grudniu","status":"publish","type":"post","link":"https:\/\/www.milosnicylasu.olsztyn.pl\/?p=5106","title":{"rendered":"Co jeszcze czeka nas w grudniu?"},"content":{"rendered":"<p><strong>Propozycje\u00a0 dla cz\u0142onk\u00f3w Ko\u0142a na grudzie\u0144 2019r.<\/strong><\/p>\n<p><span style=\"color: #333399;\"><strong><u>Rajdy z kijkami<\/u><\/strong><\/span><\/p>\n<p><strong>Soboty-14,28 spotykamy si\u0119 o godzinie 10.00 na p\u0119tli MPK\u00a0 Kortowo- Stary Dw\u00f3r<\/strong>.<\/p>\n<p><strong><a href=\"http:\/\/www.milosnicylasu.olsztyn.pl\/wp-content\/uploads\/2017\/12\/DSCN0411-www.jpg\" data-rel=\"lightbox-image-0\" data-magnific_type=\"image\" data-rl_title=\"\" data-rl_caption=\"\" title=\"\"><img loading=\"lazy\" decoding=\"async\" class=\"size-medium wp-image-3942 alignleft\" src=\"http:\/\/www.milosnicylasu.olsztyn.pl\/wp-content\/uploads\/2017\/12\/DSCN0411-www-300x225.jpg\" alt=\"\" width=\"300\" height=\"225\" srcset=\"https:\/\/www.milosnicylasu.olsztyn.pl\/wp-content\/uploads\/2017\/12\/DSCN0411-www-300x225.jpg 300w, https:\/\/www.milosnicylasu.olsztyn.pl\/wp-content\/uploads\/2017\/12\/DSCN0411-www-768x576.jpg 768w, https:\/\/www.milosnicylasu.olsztyn.pl\/wp-content\/uploads\/2017\/12\/DSCN0411-www.jpg 1024w, https:\/\/www.milosnicylasu.olsztyn.pl\/wp-content\/uploads\/2017\/12\/DSCN0411-www-400x300.jpg 400w\" sizes=\"auto, (max-width: 300px) 100vw, 300px\" \/><\/a>Sobota 14 grudnia- ubieranie le\u015bnej choinki<\/strong><\/p>\n<p>Zapraszamy cz\u0142onk\u00f3w i sympatyk\u00f3w Naszego Ko\u0142a\u00a0 na otwarty marsz\u00a0 \u015bwi\u0119tych Miko\u0142aj\u00f3w. Dla najm\u0142odszych mi\u0142o\u015bnik\u00f3w lasu przygotujemy upominki. Oczekujemy jak najwi\u0119cej Miko\u0142aj\u00f3w i\u00a0 Miko\u0142ajowych, \u015anie\u017cynek. Za najciekawszy str\u00f3j \u2013 nagroda. Do plecaka zabieramy ozdoby choinkowe: marchewki, jab\u0142ka, s\u0142onink\u0119 i inne smako\u0142yki dla naszych le\u015bnych przyjaci\u00f3\u0142 . Przy ubranej le\u015bnej choince za\u015bpiewamy kol\u0119dy, z\u0142o\u017cymy \u015bwi\u0105teczne \u017cyczenia. B\u0119dzie le\u015bne ognisko przy kt\u00f3rym b\u0119dzie mo\u017cna si\u0119 ogrza\u0107, koszyk z \u0142akociami we w\u0142asnym zakresie.\/ zdj\u0119cie z ubieg\u0142ego roku\/<\/p>\n<p><strong>Sobota dnia 28<\/strong> grudnia ko\u0144czymy w tym roku sobotnie rajdy. Zostanie og\u0142oszony kto zosta\u0142 \u00a0kr\u00f3low\u0105 i kr\u00f3lem\u00a0 sobotnich\u00a0 spotka\u0144 w 2019r.<\/p>\n<p><strong>Wtorek dnia 31 grudnia godz. 10.00 na p\u0119tli MPK Kortowo- Stary Dw\u00f3r<\/strong>.<\/p>\n<p>Spotykamy si\u0119 by po\u017cegna\u0107 Stary Rok w pi\u0119knej le\u015bnej scenerii przy ognisku z lampk\u0105 szampana, w towarzystwie przyjaci\u00f3\u0142 z Ko\u0142a. Uczestnicy wp\u0142acaj\u0105 po 10 z\u0142.\/ szampan, kieliszki, obrusy na sto\u0142y, podpa\u0142ka do ogniska\u00a0 b\u0119d\u0105 zakupione przez organizator\u00f3w spotkania\/ \u00a0\u00a0Do ogniska w\u0142asny koszyk wed\u0142ug uznania..<\/p>\n<p>Planowany powr\u00f3t ok. godziny 14.00.<\/p>\n<p><span style=\"color: #333399;\"><strong><em>\u00a0Strzelanie<\/em> <\/strong><\/span><\/p>\n<p><strong>Poniedzia\u0142ki \u2013 09, 30 grudnia godz. 10,00 na strzelnicy ZW LOK przy ul. Westerplatte 1 A<\/strong><\/p>\n<p>9 grudnia odb\u0119dzie si\u0119 trening strzelecki. 30 grudnia spotkamy si\u0119 na \u201dSylwestrowych zawodach strzeleckich\u201d\u00a0 w konkurencji Pa\u0144 i Pan\u00f3w. Obowi\u0105zuje\u00a0 czapka \u015bwi\u0119tego Miko\u0142aja.<\/p>\n<p><strong>\u015arody w Muzeum Przyrody<\/strong><\/p>\n<p><strong>11 grudnia o godz. 17.30\u00a0<\/strong><\/p>\n<p><strong> \u201ePrzyroda Warmii i Mazur\u201d \u2013 wernisa\u017c wystawy fotograficznej<br \/>\noraz wyk\u0142ad z cyklu \u201eSpotkania z przyrod\u0105\u201d pt. \u201ePrzyroda pogranicza mazursko \u2013 kurpiowskiego\u201d \u2013 Marian Szymkiewicz (Muzeum Przyrody w Olsztynie)<br \/>\n<\/strong><\/p>\n<p>&nbsp;<\/p>\n<p><strong><u>Kolejne spotkanie w dniu 09 stycznia 2020r. godz. 15.00 w RDLP w Olsztynie.<\/u><\/strong><\/p>\n<p>&nbsp;<\/p>\n","protected":false},"excerpt":{"rendered":"<p>Propozycje\u00a0 dla cz\u0142onk\u00f3w Ko\u0142a na grudzie\u0144 2019r. Rajdy z kijkami Soboty-14,28 spotykamy si\u0119 o godzinie 10.00 na p\u0119tli MPK\u00a0 Kortowo- Stary Dw\u00f3r. Sobota 14 grudnia- ubieranie le\u015bnej choinki Zapraszamy cz\u0142onk\u00f3w i sympatyk\u00f3w Naszego Ko\u0142a\u00a0 na otwarty marsz\u00a0 \u015bwi\u0119tych Miko\u0142aj\u00f3w. Dla najm\u0142odszych mi\u0142o\u015bnik\u00f3w lasu przygotujemy upominki. Oczekujemy jak najwi\u0119cej Miko\u0142aj\u00f3w i\u00a0 Miko\u0142ajowych, \u015anie\u017cynek. Za najciekawszy str\u00f3j [&hellip;]<\/p>\n","protected":false},"author":2,"featured_media":0,"comment_status":"open","ping_status":"open","sticky":false,"template":"","format":"standard","meta":{"footnotes":""},"categories":[1,9,17,15,8,3],"tags":[],"class_list":["post-5106","post","type-post","status-publish","format-standard","hentry","category-bez-kategorii","category-ciekawostki","category-edukacja-w-terenie","category-komkurs","category-zawody-strzeleckie","category-zebrania"],"_links":{"self":[{"href":"https:\/\/www.milosnicylasu.olsztyn.pl\/index.php?rest_route=\/wp\/v2\/posts\/5106","targetHints":{"allow":["GET"]}}],"collection":[{"href":"https:\/\/www.milosnicylasu.olsztyn.pl\/index.php?rest_route=\/wp\/v2\/posts"}],"about":[{"href":"https:\/\/www.milosnicylasu.olsztyn.pl\/index.php?rest_route=\/wp\/v2\/types\/post"}],"author":[{"embeddable":true,"href":"https:\/\/www.milosnicylasu.olsztyn.pl\/index.php?rest_route=\/wp\/v2\/users\/2"}],"replies":[{"embeddable":true,"href":"https:\/\/www.milosnicylasu.olsztyn.pl\/index.php?rest_route=%2Fwp%2Fv2%2Fcomments&post=5106"}],"version-history":[{"count":2,"href":"https:\/\/www.milosnicylasu.olsztyn.pl\/index.php?rest_route=\/wp\/v2\/posts\/5106\/revisions"}],"predecessor-version":[{"id":5108,"href":"https:\/\/www.milosnicylasu.olsztyn.pl\/index.php?rest_route=\/wp\/v2\/posts\/5106\/revisions\/5108"}],"wp:attachment":[{"href":"https:\/\/www.milosnicylasu.olsztyn.pl\/index.php?rest_route=%2Fwp%2Fv2%2Fmedia&parent=5106"}],"wp:term":[{"taxonomy":"category","embeddable":true,"href":"https:\/\/www.milosnicylasu.olsztyn.pl\/index.php?rest_route=%2Fwp%2Fv2%2Fcategories&post=5106"},{"taxonomy":"post_tag","embeddable":true,"href":"https:\/\/www.milosnicylasu.olsztyn.pl\/index.php?rest_route=%2Fwp%2Fv2%2Ftags&post=5106"}],"curies":[{"name":"wp","href":"https:\/\/api.w.org\/{rel}","templated":true}]}}