{"id":5109,"date":"2019-12-08T09:17:13","date_gmt":"2019-12-08T08:17:13","guid":{"rendered":"http:\/\/www.milosnicylasu.olsztyn.pl\/?p=5109"},"modified":"2019-12-08T09:17:13","modified_gmt":"2019-12-08T08:17:13","slug":"zyczenia-swiateczne-9","status":"publish","type":"post","link":"https:\/\/www.milosnicylasu.olsztyn.pl\/?p=5109","title":{"rendered":"\u017byczenia \u015bwi\u0105teczne"},"content":{"rendered":"<p><a href=\"http:\/\/www.milosnicylasu.olsztyn.pl\/wp-content\/uploads\/2016\/01\/DSCN5322-www.jpg\" data-rel=\"lightbox-image-0\" data-magnific_type=\"image\" data-rl_title=\"\" data-rl_caption=\"\" title=\"\"><img loading=\"lazy\" decoding=\"async\" class=\"size-medium wp-image-2479 alignleft\" src=\"http:\/\/www.milosnicylasu.olsztyn.pl\/wp-content\/uploads\/2016\/01\/DSCN5322-www-300x225.jpg\" alt=\"\" width=\"300\" height=\"225\" srcset=\"https:\/\/www.milosnicylasu.olsztyn.pl\/wp-content\/uploads\/2016\/01\/DSCN5322-www-300x225.jpg 300w, https:\/\/www.milosnicylasu.olsztyn.pl\/wp-content\/uploads\/2016\/01\/DSCN5322-www-768x576.jpg 768w, https:\/\/www.milosnicylasu.olsztyn.pl\/wp-content\/uploads\/2016\/01\/DSCN5322-www.jpg 1024w, https:\/\/www.milosnicylasu.olsztyn.pl\/wp-content\/uploads\/2016\/01\/DSCN5322-www-400x300.jpg 400w\" sizes=\"auto, (max-width: 300px) 100vw, 300px\" \/><\/a><em><strong>\u015awi\u0105t prawdziwie \u015bwi\u0105tecznych, ciep\u0142ych w sercu, zimowych na zewn\u0105trz, ja\u015bniej\u0105cych pierwsz\u0105 gwiazdk\u0105. Niech z nut \u015bwi\u0105tecznych zapach\u00f3w powstanie najpi\u0119kniejsza kol\u0119da i czarem swej melodii spe\u0142ni wszystkie \u00a0marzenia.<\/strong><\/em><\/p>\n<p><em><strong>Szcz\u0119\u015bliwych, koj\u0105cych, prze\u017cytych w zgodzie ze \u015bwiatem i z sob\u0105 samym, pe\u0142nych \u017cycia i mi\u0142o\u015bci \u015bwi\u0105t Bo\u017cego Narodzenia oraz wszystkiego najlepszego w Nowym Roku <\/strong><\/em><\/p>\n<p><em><strong>\u017cyczy Zarz\u0105d Ko\u0142a<\/strong><\/em><\/p>\n<p><a href=\"http:\/\/www.milosnicylasu.olsztyn.pl\/wp-content\/uploads\/2019\/12\/DSCN4466-www.jpg\" data-rel=\"lightbox-image-1\" data-magnific_type=\"image\" data-rl_title=\"\" data-rl_caption=\"\" title=\"\"><img loading=\"lazy\" decoding=\"async\" class=\"alignnone size-medium wp-image-5110\" src=\"http:\/\/www.milosnicylasu.olsztyn.pl\/wp-content\/uploads\/2019\/12\/DSCN4466-www-225x300.jpg\" alt=\"\" width=\"225\" height=\"300\" srcset=\"https:\/\/www.milosnicylasu.olsztyn.pl\/wp-content\/uploads\/2019\/12\/DSCN4466-www-225x300.jpg 225w, https:\/\/www.milosnicylasu.olsztyn.pl\/wp-content\/uploads\/2019\/12\/DSCN4466-www.jpg 768w\" sizes=\"auto, (max-width: 225px) 100vw, 225px\" \/><\/a><\/p>\n","protected":false},"excerpt":{"rendered":"<p>\u015awi\u0105t prawdziwie \u015bwi\u0105tecznych, ciep\u0142ych w sercu, zimowych na zewn\u0105trz, ja\u015bniej\u0105cych pierwsz\u0105 gwiazdk\u0105. Niech z nut \u015bwi\u0105tecznych zapach\u00f3w powstanie najpi\u0119kniejsza kol\u0119da i czarem swej melodii spe\u0142ni wszystkie \u00a0marzenia. Szcz\u0119\u015bliwych, koj\u0105cych, prze\u017cytych w zgodzie ze \u015bwiatem i z sob\u0105 samym, pe\u0142nych \u017cycia i mi\u0142o\u015bci \u015bwi\u0105t Bo\u017cego Narodzenia oraz wszystkiego najlepszego w Nowym Roku \u017cyczy Zarz\u0105d Ko\u0142a<\/p>\n","protected":false},"author":2,"featured_media":0,"comment_status":"open","ping_status":"open","sticky":false,"template":"","format":"standard","meta":{"footnotes":""},"categories":[1,9],"tags":[],"class_list":["post-5109","post","type-post","status-publish","format-standard","hentry","category-bez-kategorii","category-ciekawostki"],"_links":{"self":[{"href":"https:\/\/www.milosnicylasu.olsztyn.pl\/index.php?rest_route=\/wp\/v2\/posts\/5109","targetHints":{"allow":["GET"]}}],"collection":[{"href":"https:\/\/www.milosnicylasu.olsztyn.pl\/index.php?rest_route=\/wp\/v2\/posts"}],"about":[{"href":"https:\/\/www.milosnicylasu.olsztyn.pl\/index.php?rest_route=\/wp\/v2\/types\/post"}],"author":[{"embeddable":true,"href":"https:\/\/www.milosnicylasu.olsztyn.pl\/index.php?rest_route=\/wp\/v2\/users\/2"}],"replies":[{"embeddable":true,"href":"https:\/\/www.milosnicylasu.olsztyn.pl\/index.php?rest_route=%2Fwp%2Fv2%2Fcomments&post=5109"}],"version-history":[{"count":1,"href":"https:\/\/www.milosnicylasu.olsztyn.pl\/index.php?rest_route=\/wp\/v2\/posts\/5109\/revisions"}],"predecessor-version":[{"id":5111,"href":"https:\/\/www.milosnicylasu.olsztyn.pl\/index.php?rest_route=\/wp\/v2\/posts\/5109\/revisions\/5111"}],"wp:attachment":[{"href":"https:\/\/www.milosnicylasu.olsztyn.pl\/index.php?rest_route=%2Fwp%2Fv2%2Fmedia&parent=5109"}],"wp:term":[{"taxonomy":"category","embeddable":true,"href":"https:\/\/www.milosnicylasu.olsztyn.pl\/index.php?rest_route=%2Fwp%2Fv2%2Fcategories&post=5109"},{"taxonomy":"post_tag","embeddable":true,"href":"https:\/\/www.milosnicylasu.olsztyn.pl\/index.php?rest_route=%2Fwp%2Fv2%2Ftags&post=5109"}],"curies":[{"name":"wp","href":"https:\/\/api.w.org\/{rel}","templated":true}]}}