{"id":5138,"date":"2019-12-14T22:51:43","date_gmt":"2019-12-14T21:51:43","guid":{"rendered":"http:\/\/www.milosnicylasu.olsztyn.pl\/?p=5138"},"modified":"2019-12-14T22:53:11","modified_gmt":"2019-12-14T21:53:11","slug":"ubieranie-lesnej-choinki-z-mikolajem-prezentami-lakociami-koledy","status":"publish","type":"post","link":"https:\/\/www.milosnicylasu.olsztyn.pl\/?p=5138","title":{"rendered":"Ubieranie le\u015bnej choinki z Miko\u0142ajem, prezentami, \u0142akociami, kol\u0119dy&#8230;&#8230;.."},"content":{"rendered":"<p><a href=\"http:\/\/www.milosnicylasu.olsztyn.pl\/wp-content\/uploads\/2019\/12\/DSCN4594-www.jpg\" data-rel=\"lightbox-image-0\" data-magnific_type=\"image\" data-rl_title=\"\" data-rl_caption=\"\" title=\"\"><img loading=\"lazy\" decoding=\"async\" class=\"size-medium wp-image-5139 alignleft\" src=\"http:\/\/www.milosnicylasu.olsztyn.pl\/wp-content\/uploads\/2019\/12\/DSCN4594-www-300x225.jpg\" alt=\"\" width=\"300\" height=\"225\" srcset=\"https:\/\/www.milosnicylasu.olsztyn.pl\/wp-content\/uploads\/2019\/12\/DSCN4594-www-300x225.jpg 300w, https:\/\/www.milosnicylasu.olsztyn.pl\/wp-content\/uploads\/2019\/12\/DSCN4594-www-768x576.jpg 768w, https:\/\/www.milosnicylasu.olsztyn.pl\/wp-content\/uploads\/2019\/12\/DSCN4594-www.jpg 1024w\" sizes=\"auto, (max-width: 300px) 100vw, 300px\" \/><\/a>14 grudnia 2019 roku cz\u0142onkowie Ko\u0142a Mi\u0142o\u015bnik\u00f3w Lasu i Militari\u00f3w LOK przy ATW w Olsztynie spotkali si\u0119 w zaprzyja\u017anionym\u00a0 Le\u015bnictwie Stary Dw\u00f3r aby jak ka\u017cdego roku ubra\u0107 le\u015bna choink\u0119. Wystroili\u015bmy j\u0105 prezentami dla naszych le\u015bnych braci w jab\u0142uszka, marchewki, li\u015bcie kapusty, ciasteczka i w tym roku po raz pierwszy orzeszkami laskowymi zatopionymi w smalcu.<\/p>\n<p>W Polsce ubieranie choinki jest o jedn\u0105 z najnowszych tradycji wigilijnych, bo pojawi\u0142a si\u0119 u nas dopiero na prze\u0142omie XVIII i XIX wieku, a przyw\u0119drowa\u0142a z Niemiec<\/p>\n<p>Tradycyjnie ubiera si\u0119 sosn\u0119 lub jod\u0142\u0119. Wed\u0142ug ludowych wierze\u0144 drzewo, zw\u0142aszcza iglaste, jest uwa\u017cane za symbol \u017cycia, odradzania si\u0119, trwania i p\u0142odno\u015bci. Wed\u0142ug wierze\u0144 ko\u015bcielnych ziele\u0144 choinki \u015bwi\u0105tecznej symbolizuje nadziej\u0119. W drzewku bo\u017conarodzeniowym kryje si\u0119 zar\u00f3wno \u015bwiecka, jak i ko\u015bcielna symbolika. Jego zielony kolor oznacza witalno\u015b\u0107 i\u00a0narodziny \u017cycia.<\/p>\n<p>Choinkowe ozdoby \u015bwi\u0105teczne nigdy nie by\u0142y przypadkowe. Dawniej na drzewku \u015bwi\u0105tecznym wieszano ciastka, orzechy, jab\u0142ka, kawa\u0142ki op\u0142atka, tak\u017ce ozdoby z papieru, czy s\u0142omy. Zawsze na ga\u0142\u0105zkach choinki umieszczano zapalone \u015bwieczki i zimne ognie. Niekt\u00f3re z tych dekoracji \u015bwi\u0105tecznych wieszane s\u0105 na drzewkach do dnia dzisiejszego. Ka\u017cda z ozd\u00f3b ma swoj\u0105 w\u0142asn\u0105 symbolik\u0119:<\/p>\n<ul>\n<li><strong>Jab\u0142ka<\/strong>: maj\u0105 zapewni\u0107 zdrowie i urod\u0119, wed\u0142ug wierze\u0144 ko\u015bcielnych symbolizuj\u0105 rajsk\u0105 jab\u0142o\u0144.<\/li>\n<li><strong>Orzechy<\/strong> <strong>na choince<\/strong>: zawijane w sreberka przynosz\u0105 dobrobyt i si\u0142\u0119.<\/li>\n<li><strong>\u0141a\u0144cuchy choinkowe<\/strong>: wzmacniaj\u0105 rodzinne wi\u0119zi.<\/li>\n<li><strong>\u015awiate\u0142ka<\/strong>: to \u015bwiat\u0142o broni\u0105ce przed ciemno\u015bciami i z\u0142em.<\/li>\n<li><strong>Gwiazda<\/strong> <strong>betlejemska<\/strong>: ma pomaga\u0107 w powrotach do domu.<\/li>\n<li><strong>Dzwoneczki<\/strong>: oznaczaj\u0105 dobr\u0105 nowin\u0119 i rado\u015b\u0107.<\/li>\n<\/ul>\n<p>Wiele z tych ozd\u00f3b zago\u015bci\u0142o na naszej choince, niekt\u00f3re takie jak \u0142a\u0144cuchy \u015bwietlne zdobi\u0142y j\u0105 na chwil\u0119, inne zosta\u0142y &#8211; mamy nadziej\u0119 b\u0119d\u0105 niespodziank\u0105 dla ptaszk\u00f3w, mo\u017ce sarenek. A my&#8230;.\u015bpiewali\u015bmy kol\u0119dy, sk\u0142adali\u015bmy \u017cyczenia \u015bwi\u0105teczne, a &#8222;Nasz Miko\u0142aj&#8221;\u00a0 na zaproszenie Szymka D\u0105browskiego odwiedzi\u0142 Rodzin\u0119 Wojciecha D\u0105browskiego Le\u015bniczego Le\u015bnictwa Stary Dw\u00f3r, gdzie z\u0142o\u017cy\u0142 \u017cyczenia \u015bwi\u0105teczne, pocz\u0119stowa\u0142 s\u0142odyczami. <a href=\"http:\/\/www.milosnicylasu.olsztyn.pl\/wp-content\/uploads\/2019\/12\/DSCN4621-www.jpg\" data-rel=\"lightbox-image-1\" data-magnific_type=\"image\" data-rl_title=\"\" data-rl_caption=\"\" title=\"\"><img loading=\"lazy\" decoding=\"async\" class=\"size-medium wp-image-5144 aligncenter\" src=\"http:\/\/www.milosnicylasu.olsztyn.pl\/wp-content\/uploads\/2019\/12\/DSCN4621-www-300x225.jpg\" alt=\"\" width=\"300\" height=\"225\" srcset=\"https:\/\/www.milosnicylasu.olsztyn.pl\/wp-content\/uploads\/2019\/12\/DSCN4621-www-300x225.jpg 300w, https:\/\/www.milosnicylasu.olsztyn.pl\/wp-content\/uploads\/2019\/12\/DSCN4621-www-768x576.jpg 768w, https:\/\/www.milosnicylasu.olsztyn.pl\/wp-content\/uploads\/2019\/12\/DSCN4621-www.jpg 1024w\" sizes=\"auto, (max-width: 300px) 100vw, 300px\" \/><\/a><\/p>\n","protected":false},"excerpt":{"rendered":"<p>14 grudnia 2019 roku cz\u0142onkowie Ko\u0142a Mi\u0142o\u015bnik\u00f3w Lasu i Militari\u00f3w LOK przy ATW w Olsztynie spotkali si\u0119 w zaprzyja\u017anionym\u00a0 Le\u015bnictwie Stary Dw\u00f3r aby jak ka\u017cdego roku ubra\u0107 le\u015bna choink\u0119. Wystroili\u015bmy j\u0105 prezentami dla naszych le\u015bnych braci w jab\u0142uszka, marchewki, li\u015bcie kapusty, ciasteczka i w tym roku po raz pierwszy orzeszkami laskowymi zatopionymi w smalcu. W [&hellip;]<\/p>\n","protected":false},"author":2,"featured_media":0,"comment_status":"open","ping_status":"open","sticky":false,"template":"","format":"standard","meta":{"footnotes":""},"categories":[1,9,2],"tags":[],"class_list":["post-5138","post","type-post","status-publish","format-standard","hentry","category-bez-kategorii","category-ciekawostki","category-rajdy"],"_links":{"self":[{"href":"https:\/\/www.milosnicylasu.olsztyn.pl\/index.php?rest_route=\/wp\/v2\/posts\/5138","targetHints":{"allow":["GET"]}}],"collection":[{"href":"https:\/\/www.milosnicylasu.olsztyn.pl\/index.php?rest_route=\/wp\/v2\/posts"}],"about":[{"href":"https:\/\/www.milosnicylasu.olsztyn.pl\/index.php?rest_route=\/wp\/v2\/types\/post"}],"author":[{"embeddable":true,"href":"https:\/\/www.milosnicylasu.olsztyn.pl\/index.php?rest_route=\/wp\/v2\/users\/2"}],"replies":[{"embeddable":true,"href":"https:\/\/www.milosnicylasu.olsztyn.pl\/index.php?rest_route=%2Fwp%2Fv2%2Fcomments&post=5138"}],"version-history":[{"count":2,"href":"https:\/\/www.milosnicylasu.olsztyn.pl\/index.php?rest_route=\/wp\/v2\/posts\/5138\/revisions"}],"predecessor-version":[{"id":5146,"href":"https:\/\/www.milosnicylasu.olsztyn.pl\/index.php?rest_route=\/wp\/v2\/posts\/5138\/revisions\/5146"}],"wp:attachment":[{"href":"https:\/\/www.milosnicylasu.olsztyn.pl\/index.php?rest_route=%2Fwp%2Fv2%2Fmedia&parent=5138"}],"wp:term":[{"taxonomy":"category","embeddable":true,"href":"https:\/\/www.milosnicylasu.olsztyn.pl\/index.php?rest_route=%2Fwp%2Fv2%2Fcategories&post=5138"},{"taxonomy":"post_tag","embeddable":true,"href":"https:\/\/www.milosnicylasu.olsztyn.pl\/index.php?rest_route=%2Fwp%2Fv2%2Ftags&post=5138"}],"curies":[{"name":"wp","href":"https:\/\/api.w.org\/{rel}","templated":true}]}}