{"id":5162,"date":"2020-01-06T20:34:09","date_gmt":"2020-01-06T19:34:09","guid":{"rendered":"http:\/\/www.milosnicylasu.olsztyn.pl\/?p=5162"},"modified":"2020-01-06T20:38:59","modified_gmt":"2020-01-06T19:38:59","slug":"sylwestrowe-zawody-strzeleckie-3","status":"publish","type":"post","link":"https:\/\/www.milosnicylasu.olsztyn.pl\/?p=5162","title":{"rendered":"Sylwestrowe Zawody Strzeleckie"},"content":{"rendered":"<p><a href=\"http:\/\/www.milosnicylasu.olsztyn.pl\/wp-content\/uploads\/2020\/01\/DSCN4668-www.jpg\" data-rel=\"lightbox-image-0\" data-magnific_type=\"image\" data-rl_title=\"\" data-rl_caption=\"\" title=\"\"><img loading=\"lazy\" decoding=\"async\" class=\"size-medium wp-image-5164 alignleft\" src=\"http:\/\/www.milosnicylasu.olsztyn.pl\/wp-content\/uploads\/2020\/01\/DSCN4668-www-300x225.jpg\" alt=\"\" width=\"300\" height=\"225\" srcset=\"https:\/\/www.milosnicylasu.olsztyn.pl\/wp-content\/uploads\/2020\/01\/DSCN4668-www-300x225.jpg 300w, https:\/\/www.milosnicylasu.olsztyn.pl\/wp-content\/uploads\/2020\/01\/DSCN4668-www-768x576.jpg 768w, https:\/\/www.milosnicylasu.olsztyn.pl\/wp-content\/uploads\/2020\/01\/DSCN4668-www.jpg 1024w\" sizes=\"auto, (max-width: 300px) 100vw, 300px\" \/><\/a>30 grudnia 2019 roku, na strzelnicy LOK przy ulicy Westerplatte w Olsztynie, odby\u0142y si\u0119 <strong> Sylwestrowe Zawody Strzeleckie,\u00a0 <\/strong>w kt\u00f3rych wzi\u0119li udzia\u0142 cz\u0142onkowie Ko\u0142a Mi\u0142o\u015bnik\u00f3w Lasu i Militari\u00f3w LOK przy ATW w Olsztynie. Okaza\u0142o si\u0119, \u017ce strzelamy coraz lepiej. Przeprowadzone co dwa tygodnie treningi pozwalaj\u0105 na coraz lepsz\u0105 form\u0119 czo\u0142owych zawodnik\u00f3w. Wyniki s\u0105 imponuj\u0105ce.<\/p>\n<p><strong>Najlepszymi strzelcami okazali si\u0119:w\u00a0 kategorii Pa\u0144:<\/strong><\/p>\n<p>1 miejsce\u00a0 Teresa Go\u0142\u0119biewska\u00a0 101 pkt.\u00a0\u00a0\u00a0 \/ na 120 mo\u017cliwych\/<\/p>\n<p>2 miejsce\u00a0 Ewa Szwejk 101 pkt.<\/p>\n<p>3 miejsce Anna Kukli\u0144ska 94 pkt.<\/p>\n<p><strong>w kategorii Pan\u00f3w:<\/strong><\/p>\n<p>1 miejsce Anatol Leszczy\u0144ski\u00a0 114 pkt.\u00a0\u00a0 \/na 120 mo\u017cliwych\/<\/p>\n<p>2 miejsce J\u00f3zef Gazda 109 pkt.<\/p>\n<p>3 miejsce Henryk B\u0142aszczak 108 pkt.<\/p>\n<p><strong>Serdecznie gratulujemy! Jeste\u015bmy z Was dumni! Oby tak dalej!\u00a0<\/strong><\/p>\n<p>Po odczytaniu wynik\u00f3w zosta\u0142y wr\u0119czone\u00a0 zwyci\u0119zcom\u00a0 sylwestrowe dyplomy przygotowane przez\u00a0 pracownika Zarz\u0105du Powiatowego LOK J\u00f3zefa Klucza<\/p>\n<p>Okaza\u0142o si\u0119, \u017ce &#8222;nie \u015bwi\u0119ci garnki lepi\u0105&#8221; i &#8222;trening czyni mistrza&#8221; A wi\u0119c\u00a0 w 2020 r. zapraszamy na treningi strzeleckie i kolejne zawody wszystkich cz\u0142onk\u00f3w Ko\u0142a. Program dzia\u0142ania KMLiM jest ju\u017c na stronie internetowej, a wi\u0119c wystarczy zapisa\u0107 terminy i do dzie\u0142a.<\/p>\n<p>&nbsp;<\/p>\n","protected":false},"excerpt":{"rendered":"<p>30 grudnia 2019 roku, na strzelnicy LOK przy ulicy Westerplatte w Olsztynie, odby\u0142y si\u0119 Sylwestrowe Zawody Strzeleckie,\u00a0 w kt\u00f3rych wzi\u0119li udzia\u0142 cz\u0142onkowie Ko\u0142a Mi\u0142o\u015bnik\u00f3w Lasu i Militari\u00f3w LOK przy ATW w Olsztynie. Okaza\u0142o si\u0119, \u017ce strzelamy coraz lepiej. Przeprowadzone co dwa tygodnie treningi pozwalaj\u0105 na coraz lepsz\u0105 form\u0119 czo\u0142owych zawodnik\u00f3w. Wyniki s\u0105 imponuj\u0105ce. Najlepszymi strzelcami [&hellip;]<\/p>\n","protected":false},"author":2,"featured_media":0,"comment_status":"open","ping_status":"open","sticky":false,"template":"","format":"standard","meta":{"footnotes":""},"categories":[1,9,8],"tags":[],"class_list":["post-5162","post","type-post","status-publish","format-standard","hentry","category-bez-kategorii","category-ciekawostki","category-zawody-strzeleckie"],"_links":{"self":[{"href":"https:\/\/www.milosnicylasu.olsztyn.pl\/index.php?rest_route=\/wp\/v2\/posts\/5162","targetHints":{"allow":["GET"]}}],"collection":[{"href":"https:\/\/www.milosnicylasu.olsztyn.pl\/index.php?rest_route=\/wp\/v2\/posts"}],"about":[{"href":"https:\/\/www.milosnicylasu.olsztyn.pl\/index.php?rest_route=\/wp\/v2\/types\/post"}],"author":[{"embeddable":true,"href":"https:\/\/www.milosnicylasu.olsztyn.pl\/index.php?rest_route=\/wp\/v2\/users\/2"}],"replies":[{"embeddable":true,"href":"https:\/\/www.milosnicylasu.olsztyn.pl\/index.php?rest_route=%2Fwp%2Fv2%2Fcomments&post=5162"}],"version-history":[{"count":4,"href":"https:\/\/www.milosnicylasu.olsztyn.pl\/index.php?rest_route=\/wp\/v2\/posts\/5162\/revisions"}],"predecessor-version":[{"id":5167,"href":"https:\/\/www.milosnicylasu.olsztyn.pl\/index.php?rest_route=\/wp\/v2\/posts\/5162\/revisions\/5167"}],"wp:attachment":[{"href":"https:\/\/www.milosnicylasu.olsztyn.pl\/index.php?rest_route=%2Fwp%2Fv2%2Fmedia&parent=5162"}],"wp:term":[{"taxonomy":"category","embeddable":true,"href":"https:\/\/www.milosnicylasu.olsztyn.pl\/index.php?rest_route=%2Fwp%2Fv2%2Fcategories&post=5162"},{"taxonomy":"post_tag","embeddable":true,"href":"https:\/\/www.milosnicylasu.olsztyn.pl\/index.php?rest_route=%2Fwp%2Fv2%2Ftags&post=5162"}],"curies":[{"name":"wp","href":"https:\/\/api.w.org\/{rel}","templated":true}]}}