{"id":5176,"date":"2020-01-11T19:38:34","date_gmt":"2020-01-11T18:38:34","guid":{"rendered":"http:\/\/www.milosnicylasu.olsztyn.pl\/?p=5176"},"modified":"2020-01-11T19:38:34","modified_gmt":"2020-01-11T18:38:34","slug":"pierwszy-czwartek-ekologiczny-w-2020-roku","status":"publish","type":"post","link":"https:\/\/www.milosnicylasu.olsztyn.pl\/?p=5176","title":{"rendered":"Pierwszy czwartek ekologiczny w 2020 roku"},"content":{"rendered":"<p><a href=\"http:\/\/www.milosnicylasu.olsztyn.pl\/wp-content\/uploads\/2020\/01\/DSCN4691-www.jpg\" data-rel=\"lightbox-image-0\" data-magnific_type=\"image\" data-rl_title=\"\" data-rl_caption=\"\" title=\"\"><img loading=\"lazy\" decoding=\"async\" class=\"size-medium wp-image-5177 alignleft\" src=\"http:\/\/www.milosnicylasu.olsztyn.pl\/wp-content\/uploads\/2020\/01\/DSCN4691-www-300x225.jpg\" alt=\"\" width=\"300\" height=\"225\" srcset=\"https:\/\/www.milosnicylasu.olsztyn.pl\/wp-content\/uploads\/2020\/01\/DSCN4691-www-300x225.jpg 300w, https:\/\/www.milosnicylasu.olsztyn.pl\/wp-content\/uploads\/2020\/01\/DSCN4691-www-768x576.jpg 768w, https:\/\/www.milosnicylasu.olsztyn.pl\/wp-content\/uploads\/2020\/01\/DSCN4691-www.jpg 1024w\" sizes=\"auto, (max-width: 300px) 100vw, 300px\" \/><\/a>9 stycznia 2020 roku cz\u0142onkowie Ko\u0142a Mi\u0142o\u015bnik\u00f3w Lasu i Militari\u00f3w LOK przy ATW w Olsztynie spotkali si\u0119 w RDLP w Olsztynie na kolejnym czwartku ekologicznym, ale pierwszy raz go\u015bcili\u015bmy Pani\u0105\u00a0 Marlen\u0119 Sikorsk\u0105 z Regionalnej Dyrekcji Las\u00f3w Pa\u0144stwowych, kt\u00f3ra przedstawi\u0142a bardzo ciekawy temat: &#8222;Fakty i mity &#8211; rzecz o tym jak le\u015bnicy prowadz\u0105 gospodark\u0119 le\u015bn\u0105&#8221;. A do jednych z najwa\u017cniejszych rzeczy do zapami\u0119tania to \u017ce lasy dostarczaj\u0105 nie tylko drewna ale:<\/p>\n<ul>\n<li>\u00a0produkuj\u0105 oko\u0142o 27 mln ton tlenu &#8211; ponad po\u0142ow\u0119 rocznego zapasu na Ziemi<\/li>\n<li>\u00a0hektar lasu sosnowego poch\u0142ania 150-200 ton dwutlenku w\u0119gla produkuj\u0105c ok.13 ton masy organicznej rocznie<\/li>\n<li>\u00a01\u00a0 hektar lasu wyparowuje rocznie 1000-3500 m sze\u015bciennych wody<\/li>\n<li>\u00a0w 1 m sze\u015bciennym powietrza le\u015bnego jest 46-79 razy mniej organizm\u00f3w chorobotw\u00f3rczych ni\u017c w powietrzu miejskim<strong> \/wa\u017cny argument do korzystania z &#8222;k\u0105pieli le\u015bnych&#8221;, w czasie sobotnich rajd\u00f3w\/<\/strong><\/li>\n<li>150 metrowej szeroko\u015bci \u015bciana lasu li\u015bciastego obni\u017ca ha\u0142as o 18-25 decybeli<\/li>\n<li>1 hektar lasu \u015bwierkowego zatrzymuje oko\u0142o 30 ton py\u0142\u00f3w w ci\u0105gu sezonu wegetacyjnego, a 1 ha lasu bukowego ponad 65 ton<\/li>\n<\/ul>\n<p><a href=\"http:\/\/www.milosnicylasu.olsztyn.pl\/wp-content\/uploads\/2020\/01\/DSCN4692-www.jpg\" data-rel=\"lightbox-image-1\" data-magnific_type=\"image\" data-rl_title=\"\" data-rl_caption=\"\" title=\"\"><img loading=\"lazy\" decoding=\"async\" class=\"size-medium wp-image-5178 alignleft\" src=\"http:\/\/www.milosnicylasu.olsztyn.pl\/wp-content\/uploads\/2020\/01\/DSCN4692-www-300x225.jpg\" alt=\"\" width=\"300\" height=\"225\" srcset=\"https:\/\/www.milosnicylasu.olsztyn.pl\/wp-content\/uploads\/2020\/01\/DSCN4692-www-300x225.jpg 300w, https:\/\/www.milosnicylasu.olsztyn.pl\/wp-content\/uploads\/2020\/01\/DSCN4692-www-768x576.jpg 768w, https:\/\/www.milosnicylasu.olsztyn.pl\/wp-content\/uploads\/2020\/01\/DSCN4692-www.jpg 1024w\" sizes=\"auto, (max-width: 300px) 100vw, 300px\" \/><\/a><\/p>\n<p>&nbsp;<\/p>\n<p>To tylko male\u0144ki fragment\u00a0 wiadomo\u015bci, kt\u00f3re przekaza\u0142a nam Pani Mariola.\u00a0 Dzi\u0119kujemy za interesuj\u0105ce przedstawienie wa\u017cnych temat\u00f3w. Mamy nadziej\u0119 na nast\u0119pne spotkania.<\/p>\n<p><a href=\"http:\/\/www.milosnicylasu.olsztyn.pl\/wp-content\/uploads\/2020\/01\/DSCN4701-www.jpg\" data-rel=\"lightbox-image-2\" data-magnific_type=\"image\" data-rl_title=\"\" data-rl_caption=\"\" title=\"\"><img loading=\"lazy\" decoding=\"async\" class=\"size-medium wp-image-5179 alignleft\" src=\"http:\/\/www.milosnicylasu.olsztyn.pl\/wp-content\/uploads\/2020\/01\/DSCN4701-www-300x225.jpg\" alt=\"\" width=\"300\" height=\"225\" srcset=\"https:\/\/www.milosnicylasu.olsztyn.pl\/wp-content\/uploads\/2020\/01\/DSCN4701-www-300x225.jpg 300w, https:\/\/www.milosnicylasu.olsztyn.pl\/wp-content\/uploads\/2020\/01\/DSCN4701-www-768x576.jpg 768w, https:\/\/www.milosnicylasu.olsztyn.pl\/wp-content\/uploads\/2020\/01\/DSCN4701-www.jpg 1024w\" sizes=\"auto, (max-width: 300px) 100vw, 300px\" \/><\/a>Czwartkowe spotkanie by\u0142o okazj\u0105 do wr\u0119czenia\u00a0 nagr\u00f3d, medali, odznacze\u0144. I tak Basia Bruzgo uhonorowana zosta\u0142a Medalem 75-lecia\u00a0 Zas\u0142ugi Dla LOK, Ma\u0142gosia Sachnowska otrzyma\u0142a\u00a0 nagrod\u0119 ksi\u0105\u017ckowa, za wygranie konkursu o firmie Wipasz, medale wr\u0119czono\u00a0 zwyci\u0119zcom\u00a0 Sylwestrowych Zawod\u00f3w Strzeleckich oraz cz\u0142onkom Ko\u0142a \/ kt\u00f3rzy nie mogli odebra\u0107 wcze\u015bniej\/ za uko\u0144czenie &#8222;Rajdu na Azymut&#8221; oraz medale 101 Rocznic\u0119 Niepodleg\u0142o\u015bci. <a href=\"http:\/\/www.milosnicylasu.olsztyn.pl\/wp-content\/uploads\/2020\/01\/DSCN4695-www.jpg\" data-rel=\"lightbox-image-3\" data-magnific_type=\"image\" data-rl_title=\"\" data-rl_caption=\"\" title=\"\"><img loading=\"lazy\" decoding=\"async\" class=\"size-medium wp-image-5180 alignright\" src=\"http:\/\/www.milosnicylasu.olsztyn.pl\/wp-content\/uploads\/2020\/01\/DSCN4695-www-300x225.jpg\" alt=\"\" width=\"300\" height=\"225\" srcset=\"https:\/\/www.milosnicylasu.olsztyn.pl\/wp-content\/uploads\/2020\/01\/DSCN4695-www-300x225.jpg 300w, https:\/\/www.milosnicylasu.olsztyn.pl\/wp-content\/uploads\/2020\/01\/DSCN4695-www-768x576.jpg 768w, https:\/\/www.milosnicylasu.olsztyn.pl\/wp-content\/uploads\/2020\/01\/DSCN4695-www.jpg 1024w\" sizes=\"auto, (max-width: 300px) 100vw, 300px\" \/><\/a><\/p>\n<p>Wielka niespodzianka czeka\u0142a\u00a0 Rysia Chudziakiewicza\u00a0 &#8211; nagroda specjalna &#8211; z\u0142ota patelnia dla mistrza wykwintnych specja\u0142\u00f3w na biesiadnych sto\u0142ach Ko\u0142a w 2019 roku.<a href=\"http:\/\/www.milosnicylasu.olsztyn.pl\/wp-content\/uploads\/2020\/01\/DSCN4704-www.jpg\" data-rel=\"lightbox-image-4\" data-magnific_type=\"image\" data-rl_title=\"\" data-rl_caption=\"\" title=\"\"><img loading=\"lazy\" decoding=\"async\" class=\"alignnone size-medium wp-image-5181\" src=\"http:\/\/www.milosnicylasu.olsztyn.pl\/wp-content\/uploads\/2020\/01\/DSCN4704-www-300x225.jpg\" alt=\"\" width=\"300\" height=\"225\" srcset=\"https:\/\/www.milosnicylasu.olsztyn.pl\/wp-content\/uploads\/2020\/01\/DSCN4704-www-300x225.jpg 300w, https:\/\/www.milosnicylasu.olsztyn.pl\/wp-content\/uploads\/2020\/01\/DSCN4704-www-768x576.jpg 768w, https:\/\/www.milosnicylasu.olsztyn.pl\/wp-content\/uploads\/2020\/01\/DSCN4704-www.jpg 1024w\" sizes=\"auto, (max-width: 300px) 100vw, 300px\" \/><\/a><\/p>\n<p>&nbsp;<\/p>\n<p>&nbsp;<\/p>\n","protected":false},"excerpt":{"rendered":"<p>9 stycznia 2020 roku cz\u0142onkowie Ko\u0142a Mi\u0142o\u015bnik\u00f3w Lasu i Militari\u00f3w LOK przy ATW w Olsztynie spotkali si\u0119 w RDLP w Olsztynie na kolejnym czwartku ekologicznym, ale pierwszy raz go\u015bcili\u015bmy Pani\u0105\u00a0 Marlen\u0119 Sikorsk\u0105 z Regionalnej Dyrekcji Las\u00f3w Pa\u0144stwowych, kt\u00f3ra przedstawi\u0142a bardzo ciekawy temat: &#8222;Fakty i mity &#8211; rzecz o tym jak le\u015bnicy prowadz\u0105 gospodark\u0119 le\u015bn\u0105&#8221;. A [&hellip;]<\/p>\n","protected":false},"author":2,"featured_media":0,"comment_status":"open","ping_status":"open","sticky":false,"template":"","format":"standard","meta":{"footnotes":""},"categories":[1,9,3],"tags":[],"class_list":["post-5176","post","type-post","status-publish","format-standard","hentry","category-bez-kategorii","category-ciekawostki","category-zebrania"],"_links":{"self":[{"href":"https:\/\/www.milosnicylasu.olsztyn.pl\/index.php?rest_route=\/wp\/v2\/posts\/5176","targetHints":{"allow":["GET"]}}],"collection":[{"href":"https:\/\/www.milosnicylasu.olsztyn.pl\/index.php?rest_route=\/wp\/v2\/posts"}],"about":[{"href":"https:\/\/www.milosnicylasu.olsztyn.pl\/index.php?rest_route=\/wp\/v2\/types\/post"}],"author":[{"embeddable":true,"href":"https:\/\/www.milosnicylasu.olsztyn.pl\/index.php?rest_route=\/wp\/v2\/users\/2"}],"replies":[{"embeddable":true,"href":"https:\/\/www.milosnicylasu.olsztyn.pl\/index.php?rest_route=%2Fwp%2Fv2%2Fcomments&post=5176"}],"version-history":[{"count":1,"href":"https:\/\/www.milosnicylasu.olsztyn.pl\/index.php?rest_route=\/wp\/v2\/posts\/5176\/revisions"}],"predecessor-version":[{"id":5182,"href":"https:\/\/www.milosnicylasu.olsztyn.pl\/index.php?rest_route=\/wp\/v2\/posts\/5176\/revisions\/5182"}],"wp:attachment":[{"href":"https:\/\/www.milosnicylasu.olsztyn.pl\/index.php?rest_route=%2Fwp%2Fv2%2Fmedia&parent=5176"}],"wp:term":[{"taxonomy":"category","embeddable":true,"href":"https:\/\/www.milosnicylasu.olsztyn.pl\/index.php?rest_route=%2Fwp%2Fv2%2Fcategories&post=5176"},{"taxonomy":"post_tag","embeddable":true,"href":"https:\/\/www.milosnicylasu.olsztyn.pl\/index.php?rest_route=%2Fwp%2Fv2%2Ftags&post=5176"}],"curies":[{"name":"wp","href":"https:\/\/api.w.org\/{rel}","templated":true}]}}