{"id":5183,"date":"2020-01-11T19:56:40","date_gmt":"2020-01-11T18:56:40","guid":{"rendered":"http:\/\/www.milosnicylasu.olsztyn.pl\/?p=5183"},"modified":"2020-01-11T19:56:40","modified_gmt":"2020-01-11T18:56:40","slug":"a-co-nas-czeka-w-najblizszym-czasie","status":"publish","type":"post","link":"https:\/\/www.milosnicylasu.olsztyn.pl\/?p=5183","title":{"rendered":"A co nas czeka w najbli\u017cszym czasie"},"content":{"rendered":"<p>18 stycznia 2020 roku &#8211; wyjazd do Szczytna na 77 rocznic\u0119 Krzysztofa Klenczona. Odwiedzimy gr\u00f3b, zapalimy znicze. Zwiedzimy z przewodnikiem zabytkowy Ko\u015bci\u00f3\u0142 Ewangelicko-Augsburski<\/p>\n<p>25 stycznia 2020 &#8211; sobotni rajd<\/p>\n<p>27 stycznia 2020 &#8211; obchody Dnia Babci i Dnia Dziadka w siedzibie LOK przy Westerplatte \/ zawody strzeleckie, kawa, herbata, ciastka, niespodzianki\/<\/p>\n<p>15 lutego 2020 &#8211; Walentynki Ko\u0142a w O\u015brodku u Kojrysa<\/p>\n","protected":false},"excerpt":{"rendered":"<p>18 stycznia 2020 roku &#8211; wyjazd do Szczytna na 77 rocznic\u0119 Krzysztofa Klenczona. Odwiedzimy gr\u00f3b, zapalimy znicze. Zwiedzimy z przewodnikiem zabytkowy Ko\u015bci\u00f3\u0142 Ewangelicko-Augsburski 25 stycznia 2020 &#8211; sobotni rajd 27 stycznia 2020 &#8211; obchody Dnia Babci i Dnia Dziadka w siedzibie LOK przy Westerplatte \/ zawody strzeleckie, kawa, herbata, ciastka, niespodzianki\/ 15 lutego 2020 &#8211; [&hellip;]<\/p>\n","protected":false},"author":2,"featured_media":0,"comment_status":"open","ping_status":"open","sticky":false,"template":"","format":"standard","meta":{"footnotes":""},"categories":[1,9,15,2,5],"tags":[],"class_list":["post-5183","post","type-post","status-publish","format-standard","hentry","category-bez-kategorii","category-ciekawostki","category-komkurs","category-rajdy","category-wycieczki"],"_links":{"self":[{"href":"https:\/\/www.milosnicylasu.olsztyn.pl\/index.php?rest_route=\/wp\/v2\/posts\/5183","targetHints":{"allow":["GET"]}}],"collection":[{"href":"https:\/\/www.milosnicylasu.olsztyn.pl\/index.php?rest_route=\/wp\/v2\/posts"}],"about":[{"href":"https:\/\/www.milosnicylasu.olsztyn.pl\/index.php?rest_route=\/wp\/v2\/types\/post"}],"author":[{"embeddable":true,"href":"https:\/\/www.milosnicylasu.olsztyn.pl\/index.php?rest_route=\/wp\/v2\/users\/2"}],"replies":[{"embeddable":true,"href":"https:\/\/www.milosnicylasu.olsztyn.pl\/index.php?rest_route=%2Fwp%2Fv2%2Fcomments&post=5183"}],"version-history":[{"count":1,"href":"https:\/\/www.milosnicylasu.olsztyn.pl\/index.php?rest_route=\/wp\/v2\/posts\/5183\/revisions"}],"predecessor-version":[{"id":5184,"href":"https:\/\/www.milosnicylasu.olsztyn.pl\/index.php?rest_route=\/wp\/v2\/posts\/5183\/revisions\/5184"}],"wp:attachment":[{"href":"https:\/\/www.milosnicylasu.olsztyn.pl\/index.php?rest_route=%2Fwp%2Fv2%2Fmedia&parent=5183"}],"wp:term":[{"taxonomy":"category","embeddable":true,"href":"https:\/\/www.milosnicylasu.olsztyn.pl\/index.php?rest_route=%2Fwp%2Fv2%2Fcategories&post=5183"},{"taxonomy":"post_tag","embeddable":true,"href":"https:\/\/www.milosnicylasu.olsztyn.pl\/index.php?rest_route=%2Fwp%2Fv2%2Ftags&post=5183"}],"curies":[{"name":"wp","href":"https:\/\/api.w.org\/{rel}","templated":true}]}}