{"id":519,"date":"2013-06-16T07:11:45","date_gmt":"2013-06-16T05:11:45","guid":{"rendered":"http:\/\/www.milosnicylasu.olsztyn.pl\/?p=519"},"modified":"2013-06-16T07:28:14","modified_gmt":"2013-06-16T05:28:14","slug":"jest-takie-miejsce-suprasl","status":"publish","type":"post","link":"https:\/\/www.milosnicylasu.olsztyn.pl\/?p=519","title":{"rendered":"Jest takie miejsce&#8230;&#8230;..Supra\u015bl"},"content":{"rendered":"<p><a href=\"http:\/\/www.milosnicylasu.olsztyn.pl\/wp-content\/uploads\/2013\/06\/Obraz-015-005.jpg-www.jpg\" data-rel=\"lightbox-image-0\" data-magnific_type=\"image\" data-rl_title=\"\" data-rl_caption=\"\" title=\"\"><img loading=\"lazy\" decoding=\"async\" class=\"alignleft size-medium wp-image-525\" alt=\"Obraz 015-005.jpg-www\" src=\"http:\/\/www.milosnicylasu.olsztyn.pl\/wp-content\/uploads\/2013\/06\/Obraz-015-005.jpg-www-300x200.jpg\" width=\"300\" height=\"200\" srcset=\"https:\/\/www.milosnicylasu.olsztyn.pl\/wp-content\/uploads\/2013\/06\/Obraz-015-005.jpg-www-300x200.jpg 300w, https:\/\/www.milosnicylasu.olsztyn.pl\/wp-content\/uploads\/2013\/06\/Obraz-015-005.jpg-www-449x300.jpg 449w, https:\/\/www.milosnicylasu.olsztyn.pl\/wp-content\/uploads\/2013\/06\/Obraz-015-005.jpg-www.jpg 1024w\" sizes=\"auto, (max-width: 300px) 100vw, 300px\" \/><\/a>Jedno jest tylko miasto na ca\u0142ym Podlasiu ukryte w \u015brodku Puszczy Knyszy\u0144skiej i maj\u0105ce ponad 500-letni\u0105 tradycj\u0119, kt\u00f3r\u0105 z\u0142otymi zg\u0142oskami wpisa\u0142o si\u0119 w histori\u0119 Polski, Bia\u0142orusi i Litwy. Tym niepowtarzalnym miejscem, jest po\u0142o\u017cony na wielkiej polanie \u2013 Supra\u015bl.<\/p>\n<p>Mimo \u017ce jego \u201eoficjaln\u0105\u201d histori\u0119 rozpoczyna osiedlenie si\u0119 w 1500 r. zakonnik\u00f3w regu\u0142y \u015awi\u0119tego Bazylego Wielkiego, zabytki archeologiczne z epoki kamienia, br\u0105zu i \u017celaza, przesuwaj\u0105 metryk\u0119 osadnictwa na tym terenie o co najmniej 2-3 tysi\u0105ce lat.<a href=\"http:\/\/www.milosnicylasu.olsztyn.pl\/wp-content\/uploads\/2013\/06\/Obraz-005-008.jpg-www.jpg\" data-rel=\"lightbox-image-1\" data-magnific_type=\"image\" data-rl_title=\"\" data-rl_caption=\"\" title=\"\"><img loading=\"lazy\" decoding=\"async\" class=\"size-medium wp-image-522 alignright\" alt=\"Obraz 005-008.jpg -www\" src=\"http:\/\/www.milosnicylasu.olsztyn.pl\/wp-content\/uploads\/2013\/06\/Obraz-005-008.jpg-www-300x200.jpg\" width=\"300\" height=\"200\" srcset=\"https:\/\/www.milosnicylasu.olsztyn.pl\/wp-content\/uploads\/2013\/06\/Obraz-005-008.jpg-www-300x200.jpg 300w, https:\/\/www.milosnicylasu.olsztyn.pl\/wp-content\/uploads\/2013\/06\/Obraz-005-008.jpg-www-449x300.jpg 449w, https:\/\/www.milosnicylasu.olsztyn.pl\/wp-content\/uploads\/2013\/06\/Obraz-005-008.jpg-www.jpg 1024w\" sizes=\"auto, (max-width: 300px) 100vw, 300px\" \/><\/a><\/p>\n<p>Zwiedzili\u015bmy Supra\u015bl podczas wyprawy nas Podlasie w 2008r. Podziwiali\u015bmy m.in. eklektyczny pa\u0142ac Buchholtz\u00f3w \u2013 obecnie \u00a0Liceum Plastyczne. Secesyjny pa\u0142ac, siedziba jednej z najs\u0142ynniejszych rodzin niemieckich fabrykant\u00f3w ,kt\u00f3rzy pod koniec XIX wieku uczynili Supra\u015bl jednym z najbardziej pr\u0119\u017cnych o\u015brodk\u00f3w w\u0142\u00f3kienniczych, zbudowany w latach 1892-1903 w stylu francuskiego i w\u0142oskiego renesansu z licznymi elementami klasycyzmu i secesji. We wn\u0119trzu zachowane zosta\u0142y polichromie, stolarka, sztukateria i \u017celiwna secesyjna klatka schodowa.<\/p>\n<p><a href=\"http:\/\/www.milosnicylasu.olsztyn.pl\/wp-content\/uploads\/2013\/06\/Obraz-018-004.jpg-www.jpg\" data-rel=\"lightbox-image-2\" data-magnific_type=\"image\" data-rl_title=\"\" data-rl_caption=\"\" title=\"\"><img loading=\"lazy\" decoding=\"async\" class=\"alignleft size-medium wp-image-526\" alt=\"Obraz 018-004.jpg-www\" src=\"http:\/\/www.milosnicylasu.olsztyn.pl\/wp-content\/uploads\/2013\/06\/Obraz-018-004.jpg-www-200x300.jpg\" width=\"200\" height=\"300\" srcset=\"https:\/\/www.milosnicylasu.olsztyn.pl\/wp-content\/uploads\/2013\/06\/Obraz-018-004.jpg-www-200x300.jpg 200w, https:\/\/www.milosnicylasu.olsztyn.pl\/wp-content\/uploads\/2013\/06\/Obraz-018-004.jpg-www-682x1024.jpg 682w, https:\/\/www.milosnicylasu.olsztyn.pl\/wp-content\/uploads\/2013\/06\/Obraz-018-004.jpg-www.jpg 1024w\" sizes=\"auto, (max-width: 200px) 100vw, 200px\" \/><\/a>Monaster \/cerkiew\/ Zwiastowania Naj\u015bwi\u0119tszej Marii Panny w Supra\u015blu z 1511 r. jest unikalna. Niepowtarzaln\u0105 form\u0119 nada\u0142o jej po\u0142\u0105czenie stylu bizantyjskiego z gotykiem oraz charakter obronny<b> <\/b><\/p>\n<p>Zwiedzili\u015bmy Muzeum Ikon i uczestniczyli\u015bmy w warsztatach pisania ikon.<a href=\"http:\/\/www.milosnicylasu.olsztyn.pl\/wp-content\/uploads\/2013\/06\/Obraz-040.jpg-www.jpg\" data-rel=\"lightbox-image-3\" data-magnific_type=\"image\" data-rl_title=\"\" data-rl_caption=\"\" title=\"\"><img loading=\"lazy\" decoding=\"async\" class=\"alignleft size-medium wp-image-527\" alt=\"Obraz 040.jpg-www\" src=\"http:\/\/www.milosnicylasu.olsztyn.pl\/wp-content\/uploads\/2013\/06\/Obraz-040.jpg-www-300x200.jpg\" width=\"300\" height=\"200\" srcset=\"https:\/\/www.milosnicylasu.olsztyn.pl\/wp-content\/uploads\/2013\/06\/Obraz-040.jpg-www-300x200.jpg 300w, https:\/\/www.milosnicylasu.olsztyn.pl\/wp-content\/uploads\/2013\/06\/Obraz-040.jpg-www-449x300.jpg 449w, https:\/\/www.milosnicylasu.olsztyn.pl\/wp-content\/uploads\/2013\/06\/Obraz-040.jpg-www.jpg 1024w\" sizes=\"auto, (max-width: 300px) 100vw, 300px\" \/><\/a><\/p>\n<p>&nbsp;<\/p>\n<p>Doktryna Ko\u015bcio\u0142a prawos\u0142awnego ma sw\u00f3j niepodzielny i jednolity wizerunek, przejawiaj\u0105cy si\u0119 w obrz\u0119dowo\u015bci religijnej, jej sztuce i symbolice. Staje si\u0119 ona dla wiernych obrazem \u015bwiata \u2013 kosmosu i nale\u017cy j\u0105 odczytywa\u0107 w sensie teologicznym. Tak te\u017c zosta\u0142a skomponowana ekspozycja sta\u0142a w Muzeum Ikon w Supra\u015blu. Jej nastr\u00f3j i aran\u017cacja, przenosi widza w nieznan\u0105, tajemnicz\u0105 przestrze\u0144, kt\u00f3ra budzi emocje, przenikaj\u0105c do najg\u0142\u0119bszej duchowo\u015bci. Niezwyk\u0142e doznania, jakie towarzysz\u0105 podczas zwiedzania muzeum, pot\u0119guje wszechobecna muzyka, jednog\u0142osowy \u015bpiew ch\u00f3ralny, s\u0142u\u017c\u0105cy kontemplacji \u015bwi\u0119tych wizerunk\u00f3w.<\/p>\n","protected":false},"excerpt":{"rendered":"<p>Jedno jest tylko miasto na ca\u0142ym Podlasiu ukryte w \u015brodku Puszczy Knyszy\u0144skiej i maj\u0105ce ponad 500-letni\u0105 tradycj\u0119, kt\u00f3r\u0105 z\u0142otymi zg\u0142oskami wpisa\u0142o si\u0119 w histori\u0119 Polski, Bia\u0142orusi i Litwy. Tym niepowtarzalnym miejscem, jest po\u0142o\u017cony na wielkiej polanie \u2013 Supra\u015bl. Mimo \u017ce jego \u201eoficjaln\u0105\u201d histori\u0119 rozpoczyna osiedlenie si\u0119 w 1500 r. zakonnik\u00f3w regu\u0142y \u015awi\u0119tego Bazylego Wielkiego, zabytki [&hellip;]<\/p>\n","protected":false},"author":1,"featured_media":0,"comment_status":"open","ping_status":"open","sticky":false,"template":"","format":"standard","meta":{"footnotes":""},"categories":[1,9,5],"tags":[],"class_list":["post-519","post","type-post","status-publish","format-standard","hentry","category-bez-kategorii","category-ciekawostki","category-wycieczki"],"_links":{"self":[{"href":"https:\/\/www.milosnicylasu.olsztyn.pl\/index.php?rest_route=\/wp\/v2\/posts\/519","targetHints":{"allow":["GET"]}}],"collection":[{"href":"https:\/\/www.milosnicylasu.olsztyn.pl\/index.php?rest_route=\/wp\/v2\/posts"}],"about":[{"href":"https:\/\/www.milosnicylasu.olsztyn.pl\/index.php?rest_route=\/wp\/v2\/types\/post"}],"author":[{"embeddable":true,"href":"https:\/\/www.milosnicylasu.olsztyn.pl\/index.php?rest_route=\/wp\/v2\/users\/1"}],"replies":[{"embeddable":true,"href":"https:\/\/www.milosnicylasu.olsztyn.pl\/index.php?rest_route=%2Fwp%2Fv2%2Fcomments&post=519"}],"version-history":[{"count":6,"href":"https:\/\/www.milosnicylasu.olsztyn.pl\/index.php?rest_route=\/wp\/v2\/posts\/519\/revisions"}],"predecessor-version":[{"id":530,"href":"https:\/\/www.milosnicylasu.olsztyn.pl\/index.php?rest_route=\/wp\/v2\/posts\/519\/revisions\/530"}],"wp:attachment":[{"href":"https:\/\/www.milosnicylasu.olsztyn.pl\/index.php?rest_route=%2Fwp%2Fv2%2Fmedia&parent=519"}],"wp:term":[{"taxonomy":"category","embeddable":true,"href":"https:\/\/www.milosnicylasu.olsztyn.pl\/index.php?rest_route=%2Fwp%2Fv2%2Fcategories&post=519"},{"taxonomy":"post_tag","embeddable":true,"href":"https:\/\/www.milosnicylasu.olsztyn.pl\/index.php?rest_route=%2Fwp%2Fv2%2Ftags&post=519"}],"curies":[{"name":"wp","href":"https:\/\/api.w.org\/{rel}","templated":true}]}}