{"id":5194,"date":"2020-01-17T21:54:08","date_gmt":"2020-01-17T20:54:08","guid":{"rendered":"http:\/\/www.milosnicylasu.olsztyn.pl\/?p=5194"},"modified":"2020-01-17T21:54:08","modified_gmt":"2020-01-17T20:54:08","slug":"lesnicy-uhonorowani","status":"publish","type":"post","link":"https:\/\/www.milosnicylasu.olsztyn.pl\/?p=5194","title":{"rendered":"Le\u015bnicy uhonorowani"},"content":{"rendered":"<p><a href=\"http:\/\/www.milosnicylasu.olsztyn.pl\/wp-content\/uploads\/2020\/01\/Wykadrowane-www.jpg\" data-rel=\"lightbox-image-0\" data-magnific_type=\"image\" data-rl_title=\"\" data-rl_caption=\"\" title=\"\"><img loading=\"lazy\" decoding=\"async\" class=\"size-medium wp-image-5195 alignleft\" src=\"http:\/\/www.milosnicylasu.olsztyn.pl\/wp-content\/uploads\/2020\/01\/Wykadrowane-www-300x212.jpg\" alt=\"\" width=\"300\" height=\"212\" srcset=\"https:\/\/www.milosnicylasu.olsztyn.pl\/wp-content\/uploads\/2020\/01\/Wykadrowane-www-300x212.jpg 300w, https:\/\/www.milosnicylasu.olsztyn.pl\/wp-content\/uploads\/2020\/01\/Wykadrowane-www-768x542.jpg 768w, https:\/\/www.milosnicylasu.olsztyn.pl\/wp-content\/uploads\/2020\/01\/Wykadrowane-www.jpg 1024w\" sizes=\"auto, (max-width: 300px) 100vw, 300px\" \/><\/a>W pi\u0105tek 17 stycznia 2020 roku Nadle\u015bniczy Ryszard Grzywi\u0144ski oraz starszy specjalista S\u0142u\u017cby Le\u015bnej \u0141ukasz Paprocki zostali wyr\u00f3\u017cnieni przez Rad\u0119 Krajow\u0105 LOK Medalem 75-lecia Ligi Obrony Kraju \u201eZa Zas\u0142ugi\u201d. Okazj\u0105 do wr\u0119czenia odznaczenia by\u0142o uroczyste spotkanie w Regionalnej Dyrekcji Las\u00f3w Pa\u0144stwowych w Olsztynie. Wr\u0119czenia medali w imieniu Dyrektora Biura Okr\u0119gowego LOK w Olsztynie Andrzeja Zuby dokona\u0142 Prezes Ko\u0142a Mi\u0142o\u015bnik\u00f3w Lasu i Militari\u00f3w LOK przy ATW w Olsztynie\u00a0 Anatol Leszczy\u0144ski w asy\u015bcie Dyrektora Regionalnej Dyrekcji Las\u00f3w Pa\u0144stwowych Mariusza Orzechowskiego.<\/p>\n<p>Gratulujemy odznacze\u0144. Pami\u0119tamy nasz\u0105 terenow\u0105 edukacj\u0119 w Nadle\u015bnictwie Stare Jab\u0142onki, dzi\u0119ki kt\u00f3rej dowiedzieli\u015bmy si\u0119 wiele o Nadle\u015bnictwie, zobaczyli\u015bmy ciekawe miejsca przyrodniczo-le\u015bne i historyczne, poznali\u015bmy wspania\u0142ych, ciep\u0142ych ludzi &#8211; le\u015bnik\u00f3w. Jeszcze raz dzi\u0119kujemy!<\/p>\n","protected":false},"excerpt":{"rendered":"<p>W pi\u0105tek 17 stycznia 2020 roku Nadle\u015bniczy Ryszard Grzywi\u0144ski oraz starszy specjalista S\u0142u\u017cby Le\u015bnej \u0141ukasz Paprocki zostali wyr\u00f3\u017cnieni przez Rad\u0119 Krajow\u0105 LOK Medalem 75-lecia Ligi Obrony Kraju \u201eZa Zas\u0142ugi\u201d. Okazj\u0105 do wr\u0119czenia odznaczenia by\u0142o uroczyste spotkanie w Regionalnej Dyrekcji Las\u00f3w Pa\u0144stwowych w Olsztynie. Wr\u0119czenia medali w imieniu Dyrektora Biura Okr\u0119gowego LOK w Olsztynie Andrzeja Zuby [&hellip;]<\/p>\n","protected":false},"author":2,"featured_media":0,"comment_status":"open","ping_status":"open","sticky":false,"template":"","format":"standard","meta":{"footnotes":""},"categories":[1,9,17,6],"tags":[],"class_list":["post-5194","post","type-post","status-publish","format-standard","hentry","category-bez-kategorii","category-ciekawostki","category-edukacja-w-terenie","category-odznaczenia"],"_links":{"self":[{"href":"https:\/\/www.milosnicylasu.olsztyn.pl\/index.php?rest_route=\/wp\/v2\/posts\/5194","targetHints":{"allow":["GET"]}}],"collection":[{"href":"https:\/\/www.milosnicylasu.olsztyn.pl\/index.php?rest_route=\/wp\/v2\/posts"}],"about":[{"href":"https:\/\/www.milosnicylasu.olsztyn.pl\/index.php?rest_route=\/wp\/v2\/types\/post"}],"author":[{"embeddable":true,"href":"https:\/\/www.milosnicylasu.olsztyn.pl\/index.php?rest_route=\/wp\/v2\/users\/2"}],"replies":[{"embeddable":true,"href":"https:\/\/www.milosnicylasu.olsztyn.pl\/index.php?rest_route=%2Fwp%2Fv2%2Fcomments&post=5194"}],"version-history":[{"count":1,"href":"https:\/\/www.milosnicylasu.olsztyn.pl\/index.php?rest_route=\/wp\/v2\/posts\/5194\/revisions"}],"predecessor-version":[{"id":5196,"href":"https:\/\/www.milosnicylasu.olsztyn.pl\/index.php?rest_route=\/wp\/v2\/posts\/5194\/revisions\/5196"}],"wp:attachment":[{"href":"https:\/\/www.milosnicylasu.olsztyn.pl\/index.php?rest_route=%2Fwp%2Fv2%2Fmedia&parent=5194"}],"wp:term":[{"taxonomy":"category","embeddable":true,"href":"https:\/\/www.milosnicylasu.olsztyn.pl\/index.php?rest_route=%2Fwp%2Fv2%2Fcategories&post=5194"},{"taxonomy":"post_tag","embeddable":true,"href":"https:\/\/www.milosnicylasu.olsztyn.pl\/index.php?rest_route=%2Fwp%2Fv2%2Ftags&post=5194"}],"curies":[{"name":"wp","href":"https:\/\/api.w.org\/{rel}","templated":true}]}}