{"id":5197,"date":"2020-01-19T06:24:03","date_gmt":"2020-01-19T05:24:03","guid":{"rendered":"http:\/\/www.milosnicylasu.olsztyn.pl\/?p=5197"},"modified":"2020-01-20T06:18:34","modified_gmt":"2020-01-20T05:18:34","slug":"urodziny-klenczona-i-zabytkowy-kosciol-w-szczytnie","status":"publish","type":"post","link":"https:\/\/www.milosnicylasu.olsztyn.pl\/?p=5197","title":{"rendered":"Urodziny Klenczona i zabytkowy ko\u015bci\u00f3\u0142 w Szczytnie"},"content":{"rendered":"<p class=\"hyphenate\">By\u0142y lider Czerwonych Gitar Krzysztof Klenczon\u00a0 urodzi\u0142 si\u0119 14 stycznia 1942 roku w Pu\u0142tusku a zmar\u0142\u00a0 7 kwietnia 1981 roku w szpitalu w Chicago wieku 39 lat na skutek obra\u017ce\u0144 odniesionych w wypadku samochodowym, do kt\u00f3rego dosz\u0142o 26 lutego 1981 roku na przedmie\u015bciach Chicago. Piosenkarz jecha\u0142 razem ze swoj\u0105 \u017con\u0105 Alicj\u0105 z koncertu charytatywnego w klubie Milford. W jego \u017c\u00f3\u0142tego mustanga na \u015bwiat\u0142ach wjecha\u0142 z du\u017c\u0105 pr\u0119dko\u015bci\u0105 inny samoch\u00f3d.<\/p>\n<p class=\"hyphenate\">Pierwsze uroczysto\u015bci \u017ca\u0142obne artysty odby\u0142y si\u0119 w ko\u015bciele przy Fullerton Ave w Chicago, zjawili si\u0119 m.in. Stan Borys i Krzysztof Krawczyk, kt\u00f3rzy wyst\u0119powali z Klenczonem w klubie Milford.<\/p>\n<p class=\"hyphenate\">Urn\u0119 z prochami Krzysztofa Klenczona przechowywa\u0142a jego \u017cona. To w\u0142a\u015bnie ona zadecydowa\u0142a, \u017ce pogrzeb jej m\u0119\u017ca musi odby\u0107 si\u0119 w Polsce, w jego ukochanym Szczytnie, dok\u0142adnie w imieniny Krzysztofa.<\/p>\n<p class=\"hyphenate\"><a href=\"http:\/\/www.milosnicylasu.olsztyn.pl\/wp-content\/uploads\/2020\/01\/DSCN4746-www.jpg\" data-rel=\"lightbox-image-0\" data-magnific_type=\"image\" data-rl_title=\"\" data-rl_caption=\"\" title=\"\"><img loading=\"lazy\" decoding=\"async\" class=\"size-medium wp-image-5198 alignleft\" src=\"http:\/\/www.milosnicylasu.olsztyn.pl\/wp-content\/uploads\/2020\/01\/DSCN4746-www-300x225.jpg\" alt=\"\" width=\"300\" height=\"225\" srcset=\"https:\/\/www.milosnicylasu.olsztyn.pl\/wp-content\/uploads\/2020\/01\/DSCN4746-www-300x225.jpg 300w, https:\/\/www.milosnicylasu.olsztyn.pl\/wp-content\/uploads\/2020\/01\/DSCN4746-www-768x576.jpg 768w, https:\/\/www.milosnicylasu.olsztyn.pl\/wp-content\/uploads\/2020\/01\/DSCN4746-www.jpg 1024w\" sizes=\"auto, (max-width: 300px) 100vw, 300px\" \/><\/a>Urn\u0119 z prochami Krzysztofa Klenczona z\u0142o\u017cono 25 lipca 1981 na Cmentarzu Komunalnym w Szczytnie. Byli\u015bmy tam kilka dni po 78 urodzinach\u00a0 Krzysztofa\u00a0 18 stycznia 2020 roku, powspominali\u015bmy, zapalili\u015bmy znicze.<\/p>\n<p class=\"hyphenate\">Szczytno pami\u0119ta o Krzysztofie, ma\u00a0 pomnik, bulwar i pami\u0105tkowa tablic\u0119.<\/p>\n<p class=\"hyphenate\">Celem naszego sobotniego wyjazdu do Szczytna by\u0142o odwiedzenie r\u00f3wnie\u017c\u00a0 ko\u015bcio\u0142a ewangelicko-augsburskiego. w Szczytnie, cennego zabytku, kt\u00f3rego historia jest bardzo d\u0142uga i ciekawa.\u00a0 Jubileusz 300-lecia obchodzony by\u0142 w 2019 roku. <a href=\"http:\/\/www.milosnicylasu.olsztyn.pl\/wp-content\/uploads\/2020\/01\/DSCN4716-www.jpg\" data-rel=\"lightbox-image-1\" data-magnific_type=\"image\" data-rl_title=\"\" data-rl_caption=\"\" title=\"\"><img loading=\"lazy\" decoding=\"async\" class=\"size-medium wp-image-5199 alignright\" src=\"http:\/\/www.milosnicylasu.olsztyn.pl\/wp-content\/uploads\/2020\/01\/DSCN4716-www-300x225.jpg\" alt=\"\" width=\"300\" height=\"225\" srcset=\"https:\/\/www.milosnicylasu.olsztyn.pl\/wp-content\/uploads\/2020\/01\/DSCN4716-www-300x225.jpg 300w, https:\/\/www.milosnicylasu.olsztyn.pl\/wp-content\/uploads\/2020\/01\/DSCN4716-www-768x576.jpg 768w, https:\/\/www.milosnicylasu.olsztyn.pl\/wp-content\/uploads\/2020\/01\/DSCN4716-www.jpg 1024w\" sizes=\"auto, (max-width: 300px) 100vw, 300px\" \/><\/a><\/p>\n<p>Barokowy ko\u015bci\u00f3\u0142 ewangelicko-augsburski zbudowano w latach 1717-19 w miejscu drewnianego ko\u015bcio\u0142a katolickiego.<\/p>\n<p><a href=\"http:\/\/www.milosnicylasu.olsztyn.pl\/wp-content\/uploads\/2020\/01\/DSCN4720-www.jpg\" data-rel=\"lightbox-image-2\" data-magnific_type=\"image\" data-rl_title=\"\" data-rl_caption=\"\" title=\"\"><img loading=\"lazy\" decoding=\"async\" class=\"size-medium wp-image-5202 alignleft\" src=\"http:\/\/www.milosnicylasu.olsztyn.pl\/wp-content\/uploads\/2020\/01\/DSCN4720-www-225x300.jpg\" alt=\"\" width=\"225\" height=\"300\" srcset=\"https:\/\/www.milosnicylasu.olsztyn.pl\/wp-content\/uploads\/2020\/01\/DSCN4720-www-225x300.jpg 225w, https:\/\/www.milosnicylasu.olsztyn.pl\/wp-content\/uploads\/2020\/01\/DSCN4720-www.jpg 768w\" sizes=\"auto, (max-width: 225px) 100vw, 225px\" \/><\/a><\/p>\n<p>W \u015brodku barokowy o\u0142tarz g\u0142\u00f3wny, ambona i chrzcielnica\u00a0 z 1719 roku. Wie\u017ca przebudowana w latach 1906-1907.<\/p>\n<p><a href=\"http:\/\/www.milosnicylasu.olsztyn.pl\/wp-content\/uploads\/2020\/01\/DSCN4732-www.jpg\" data-rel=\"lightbox-image-3\" data-magnific_type=\"image\" data-rl_title=\"\" data-rl_caption=\"\" title=\"\"><img loading=\"lazy\" decoding=\"async\" class=\"size-medium wp-image-5203 alignleft\" src=\"http:\/\/www.milosnicylasu.olsztyn.pl\/wp-content\/uploads\/2020\/01\/DSCN4732-www-300x225.jpg\" alt=\"\" width=\"300\" height=\"225\" srcset=\"https:\/\/www.milosnicylasu.olsztyn.pl\/wp-content\/uploads\/2020\/01\/DSCN4732-www-300x225.jpg 300w, https:\/\/www.milosnicylasu.olsztyn.pl\/wp-content\/uploads\/2020\/01\/DSCN4732-www-768x576.jpg 768w, https:\/\/www.milosnicylasu.olsztyn.pl\/wp-content\/uploads\/2020\/01\/DSCN4732-www.jpg 1024w\" sizes=\"auto, (max-width: 300px) 100vw, 300px\" \/><\/a><a href=\"http:\/\/www.milosnicylasu.olsztyn.pl\/wp-content\/uploads\/2020\/01\/DSCN4739-www.jpg\" data-rel=\"lightbox-image-4\" data-magnific_type=\"image\" data-rl_title=\"\" data-rl_caption=\"\" title=\"\"><img loading=\"lazy\" decoding=\"async\" class=\"size-medium wp-image-5204 alignleft\" src=\"http:\/\/www.milosnicylasu.olsztyn.pl\/wp-content\/uploads\/2020\/01\/DSCN4739-www-300x225.jpg\" alt=\"\" width=\"300\" height=\"225\" srcset=\"https:\/\/www.milosnicylasu.olsztyn.pl\/wp-content\/uploads\/2020\/01\/DSCN4739-www-300x225.jpg 300w, https:\/\/www.milosnicylasu.olsztyn.pl\/wp-content\/uploads\/2020\/01\/DSCN4739-www-768x576.jpg 768w, https:\/\/www.milosnicylasu.olsztyn.pl\/wp-content\/uploads\/2020\/01\/DSCN4739-www.jpg 1024w\" sizes=\"auto, (max-width: 300px) 100vw, 300px\" \/><\/a><\/p>\n<p>&nbsp;<\/p>\n<p>&nbsp;<\/p>\n<p>&nbsp;<\/p>\n<p>&nbsp;<\/p>\n<p>&nbsp;<\/p>\n<p>.<\/p>\n<p>Pofajdok to taki mazurski Sowizdrza\u0142. Kpiarz i psotnik. Szczytno mo\u017cna zwiedza\u0107 szlakiem mazurskich Pofajdok\u00f3w. Te ma\u0142e stworki mo\u017cemy zobaczy\u0107 w wielu miejscach miasta: a to jeden z nich wspina si\u0119 po \u015bcianie banku w centrum miasta, a to uje\u017cd\u017ca \u015bwini\u0119 w parku nad jeziorem Domowym Ma\u0142ym.<a href=\"http:\/\/www.milosnicylasu.olsztyn.pl\/wp-content\/uploads\/2020\/01\/DSCN4752-www.jpg\" data-rel=\"lightbox-image-5\" data-magnific_type=\"image\" data-rl_title=\"\" data-rl_caption=\"\" title=\"\"><img loading=\"lazy\" decoding=\"async\" class=\"size-medium wp-image-5205 alignleft\" src=\"http:\/\/www.milosnicylasu.olsztyn.pl\/wp-content\/uploads\/2020\/01\/DSCN4752-www-300x225.jpg\" alt=\"\" width=\"300\" height=\"225\" srcset=\"https:\/\/www.milosnicylasu.olsztyn.pl\/wp-content\/uploads\/2020\/01\/DSCN4752-www-300x225.jpg 300w, https:\/\/www.milosnicylasu.olsztyn.pl\/wp-content\/uploads\/2020\/01\/DSCN4752-www-768x576.jpg 768w, https:\/\/www.milosnicylasu.olsztyn.pl\/wp-content\/uploads\/2020\/01\/DSCN4752-www.jpg 1024w\" sizes=\"auto, (max-width: 300px) 100vw, 300px\" \/><\/a><\/p>\n<p class=\"hyphenate\">\n","protected":false},"excerpt":{"rendered":"<p>By\u0142y lider Czerwonych Gitar Krzysztof Klenczon\u00a0 urodzi\u0142 si\u0119 14 stycznia 1942 roku w Pu\u0142tusku a zmar\u0142\u00a0 7 kwietnia 1981 roku w szpitalu w Chicago wieku 39 lat na skutek obra\u017ce\u0144 odniesionych w wypadku samochodowym, do kt\u00f3rego dosz\u0142o 26 lutego 1981 roku na przedmie\u015bciach Chicago. Piosenkarz jecha\u0142 razem ze swoj\u0105 \u017con\u0105 Alicj\u0105 z koncertu charytatywnego w [&hellip;]<\/p>\n","protected":false},"author":2,"featured_media":0,"comment_status":"open","ping_status":"open","sticky":false,"template":"","format":"standard","meta":{"footnotes":""},"categories":[1,9,17,5],"tags":[],"class_list":["post-5197","post","type-post","status-publish","format-standard","hentry","category-bez-kategorii","category-ciekawostki","category-edukacja-w-terenie","category-wycieczki"],"_links":{"self":[{"href":"https:\/\/www.milosnicylasu.olsztyn.pl\/index.php?rest_route=\/wp\/v2\/posts\/5197","targetHints":{"allow":["GET"]}}],"collection":[{"href":"https:\/\/www.milosnicylasu.olsztyn.pl\/index.php?rest_route=\/wp\/v2\/posts"}],"about":[{"href":"https:\/\/www.milosnicylasu.olsztyn.pl\/index.php?rest_route=\/wp\/v2\/types\/post"}],"author":[{"embeddable":true,"href":"https:\/\/www.milosnicylasu.olsztyn.pl\/index.php?rest_route=\/wp\/v2\/users\/2"}],"replies":[{"embeddable":true,"href":"https:\/\/www.milosnicylasu.olsztyn.pl\/index.php?rest_route=%2Fwp%2Fv2%2Fcomments&post=5197"}],"version-history":[{"count":3,"href":"https:\/\/www.milosnicylasu.olsztyn.pl\/index.php?rest_route=\/wp\/v2\/posts\/5197\/revisions"}],"predecessor-version":[{"id":5206,"href":"https:\/\/www.milosnicylasu.olsztyn.pl\/index.php?rest_route=\/wp\/v2\/posts\/5197\/revisions\/5206"}],"wp:attachment":[{"href":"https:\/\/www.milosnicylasu.olsztyn.pl\/index.php?rest_route=%2Fwp%2Fv2%2Fmedia&parent=5197"}],"wp:term":[{"taxonomy":"category","embeddable":true,"href":"https:\/\/www.milosnicylasu.olsztyn.pl\/index.php?rest_route=%2Fwp%2Fv2%2Fcategories&post=5197"},{"taxonomy":"post_tag","embeddable":true,"href":"https:\/\/www.milosnicylasu.olsztyn.pl\/index.php?rest_route=%2Fwp%2Fv2%2Ftags&post=5197"}],"curies":[{"name":"wp","href":"https:\/\/api.w.org\/{rel}","templated":true}]}}