{"id":5216,"date":"2020-02-01T13:49:19","date_gmt":"2020-02-01T12:49:19","guid":{"rendered":"http:\/\/www.milosnicylasu.olsztyn.pl\/?p=5216"},"modified":"2020-02-11T00:37:30","modified_gmt":"2020-02-10T23:37:30","slug":"sa-takie-dni","status":"publish","type":"post","link":"https:\/\/www.milosnicylasu.olsztyn.pl\/?p=5216","title":{"rendered":"S\u0105 takie dni&#8230;&#8230;&#8230;"},"content":{"rendered":"<p><a href=\"http:\/\/www.milosnicylasu.olsztyn.pl\/wp-content\/uploads\/2020\/02\/DSCN4818-www.jpg\" data-rel=\"lightbox-image-0\" data-magnific_type=\"image\" data-rl_title=\"\" data-rl_caption=\"\" title=\"\"><img loading=\"lazy\" decoding=\"async\" class=\"size-medium wp-image-5218 alignleft\" src=\"http:\/\/www.milosnicylasu.olsztyn.pl\/wp-content\/uploads\/2020\/02\/DSCN4818-www-300x225.jpg\" alt=\"\" width=\"300\" height=\"225\" srcset=\"https:\/\/www.milosnicylasu.olsztyn.pl\/wp-content\/uploads\/2020\/02\/DSCN4818-www-300x225.jpg 300w, https:\/\/www.milosnicylasu.olsztyn.pl\/wp-content\/uploads\/2020\/02\/DSCN4818-www-768x576.jpg 768w, https:\/\/www.milosnicylasu.olsztyn.pl\/wp-content\/uploads\/2020\/02\/DSCN4818-www.jpg 1024w\" sizes=\"auto, (max-width: 300px) 100vw, 300px\" \/><\/a>Mimo, \u017ce stycze\u0144 jest zimowym miesi\u0105cem, pe\u0142nym ch\u0142odnych dni, s\u0105 takie dwa dni, jedyne dwa dni w roku, kiedy ka\u017cdemu robi si\u0119 cieplej na sercu, bo przecie\u017c jest to \u015bwi\u0119to bab\u0107 i dziadk\u00f3w. W naszym Kole uroczyste obchodzenie tego \u015bwi\u0119ta jest na sta\u0142e wpisan\u0105 tradycj\u0105. W tym roku spotkali\u015bmy si\u0119 27 stycznia 2020 roku, w siedzibie LOK przy Westerplatte w Olsztynie. By\u0142 to dzie\u0144 pe\u0142en u\u015bmiech\u00f3w, wzrusze\u0144 i rado\u015bci, wspomnie\u0144.<\/p>\n<p><a href=\"http:\/\/www.milosnicylasu.olsztyn.pl\/wp-content\/uploads\/2020\/02\/IMG_0001-www.jpg\" data-rel=\"lightbox-image-1\" data-magnific_type=\"image\" data-rl_title=\"\" data-rl_caption=\"\" title=\"\"><img loading=\"lazy\" decoding=\"async\" class=\"size-medium wp-image-5221 alignleft\" src=\"http:\/\/www.milosnicylasu.olsztyn.pl\/wp-content\/uploads\/2020\/02\/IMG_0001-www-300x225.jpg\" alt=\"\" width=\"300\" height=\"225\" srcset=\"https:\/\/www.milosnicylasu.olsztyn.pl\/wp-content\/uploads\/2020\/02\/IMG_0001-www-300x225.jpg 300w, https:\/\/www.milosnicylasu.olsztyn.pl\/wp-content\/uploads\/2020\/02\/IMG_0001-www-768x577.jpg 768w, https:\/\/www.milosnicylasu.olsztyn.pl\/wp-content\/uploads\/2020\/02\/IMG_0001-www.jpg 1024w\" sizes=\"auto, (max-width: 300px) 100vw, 300px\" \/><\/a>Z tej okazji Wiesia i Jasio Filipkowie przygotowali konkurs w czasie kt\u00f3rego trzeba by\u0142o odpowiedzie\u0107 na pytania, a tak\u017ce narysowa\u0107 laurki&#8230;&#8230;..dla wnuk\u00f3w.. Atmosfera panowa\u0142a niesamowita, \u015bcigano si\u0119 w\u00a0 kolejce do odpowiedzi na zadawane pytania przez Wiesi\u0119 i Jasia.<\/p>\n<p>&nbsp;<\/p>\n<p><a href=\"http:\/\/www.milosnicylasu.olsztyn.pl\/wp-content\/uploads\/2020\/02\/Marylka..jpg\" data-rel=\"lightbox-image-2\" data-magnific_type=\"image\" data-rl_title=\"\" data-rl_caption=\"\" title=\"\"><img loading=\"lazy\" decoding=\"async\" class=\"alignnone size-medium wp-image-5222\" src=\"http:\/\/www.milosnicylasu.olsztyn.pl\/wp-content\/uploads\/2020\/02\/Marylka.-300x209.jpg\" alt=\"\" width=\"300\" height=\"209\" srcset=\"https:\/\/www.milosnicylasu.olsztyn.pl\/wp-content\/uploads\/2020\/02\/Marylka.-300x209.jpg 300w, https:\/\/www.milosnicylasu.olsztyn.pl\/wp-content\/uploads\/2020\/02\/Marylka.-768x534.jpg 768w, https:\/\/www.milosnicylasu.olsztyn.pl\/wp-content\/uploads\/2020\/02\/Marylka..jpg 1024w\" sizes=\"auto, (max-width: 300px) 100vw, 300px\" \/><\/a><\/p>\n<p><strong>Najlepszymi okazali si\u0119:<\/strong><\/p>\n<p>I miejsce Marianna Bonis\u0142awska<\/p>\n<p>II miejsce Alicja Janulewicz<\/p>\n<p>III miejsca\u00a0 Zdzis\u0142awaia Biernatowska,\u00a0 Teresa Go\u0142\u0119biewska<\/p>\n<p>Zwyci\u0119zcom konkursu zostan\u0105 wr\u0119czone nagrody w dniu 06.02.2020r. podczas zebrania.<\/p>\n<p><a href=\"http:\/\/www.milosnicylasu.olsztyn.pl\/wp-content\/uploads\/2020\/02\/DSCN4821-www.jpg\" data-rel=\"lightbox-image-3\" data-magnific_type=\"image\" data-rl_title=\"\" data-rl_caption=\"\" title=\"\"><img loading=\"lazy\" decoding=\"async\" class=\"size-medium wp-image-5224 alignleft\" src=\"http:\/\/www.milosnicylasu.olsztyn.pl\/wp-content\/uploads\/2020\/02\/DSCN4821-www-300x225.jpg\" alt=\"\" width=\"300\" height=\"225\" srcset=\"https:\/\/www.milosnicylasu.olsztyn.pl\/wp-content\/uploads\/2020\/02\/DSCN4821-www-300x225.jpg 300w, https:\/\/www.milosnicylasu.olsztyn.pl\/wp-content\/uploads\/2020\/02\/DSCN4821-www-768x576.jpg 768w, https:\/\/www.milosnicylasu.olsztyn.pl\/wp-content\/uploads\/2020\/02\/DSCN4821-www.jpg 1024w\" sizes=\"auto, (max-width: 300px) 100vw, 300px\" \/><\/a><\/p>\n<p>W czasie poniedzia\u0142kowego spotkania odby\u0142y si\u0119 zawody strzeleckie, w kt\u00f3rych\u00a0 startowa\u0142y Babcie i Dziadkowie z Naszego Ko\u0142a, oraz wnucz\u0119ta i dzieci cz\u0142onk\u00f3w.<\/p>\n<p>Najlepszymi strzelcami okazali si\u0119:<\/p>\n<p><strong>W kategorii Babcie:<\/strong><\/p>\n<p>I\u00a0 miejsce\u00a0 Alicja Janulewicz\u00a0 uzyska\u0142a 111 pkt.\/ na 120 mo\u017cliwych\/<\/p>\n<p>II miejsce Teresa Go\u0142\u0119biewska\u00a0 uzyska\u0142a 104 pkt.<\/p>\n<p>III miejsce Teresa Mielczarska\u00a0 uzyska\u0142a 101 pkt.<\/p>\n<p><strong>W kategorii Dziadkowie:<\/strong><\/p>\n<p>I\u00a0 miejsce\u00a0 Jan Filipek\u00a0 uzyska\u0142 113 pkt.\/na 120 mo\u017cliwych\/<\/p>\n<p>II miejsce Anatol Leszczy\u0144ski\u00a0 uzyska\u0142 113 pkt.<\/p>\n<p>III miejsce J\u00f3zek Gazda\u00a0 uzyska\u0142 110 pkt.<\/p>\n<p><strong>W kategorii juniorki<\/strong> &#8211; Ma\u0142gorzata\u00a0 Pacyga \u00a0uzyska\u0142a 112 pkt.\/ na 120 mo\u017cliwych\/<\/p>\n<p><strong>W kategorii juniorzy<\/strong> \u2013 Krzysztof Siemakowicz \u00a0uzyska\u0142\u00a0 107 pkt.\/na 120 mo\u017cliwych\/<\/p>\n<p><strong>Prowadz\u0105cym i s\u0119dzi\u0105 g\u0142\u00f3wnym zawod\u00f3w strzeleckich byli Grzegorz Kluczek i J\u00f3zef Gazda<\/strong><\/p>\n<p><a href=\"http:\/\/www.milosnicylasu.olsztyn.pl\/wp-content\/uploads\/2020\/02\/DSCN4816-www-1.jpg\" data-rel=\"lightbox-image-4\" data-magnific_type=\"image\" data-rl_title=\"\" data-rl_caption=\"\" title=\"\"><img loading=\"lazy\" decoding=\"async\" class=\"size-medium wp-image-5219 alignleft\" src=\"http:\/\/www.milosnicylasu.olsztyn.pl\/wp-content\/uploads\/2020\/02\/DSCN4816-www-1-300x225.jpg\" alt=\"\" width=\"300\" height=\"225\" srcset=\"https:\/\/www.milosnicylasu.olsztyn.pl\/wp-content\/uploads\/2020\/02\/DSCN4816-www-1-300x225.jpg 300w, https:\/\/www.milosnicylasu.olsztyn.pl\/wp-content\/uploads\/2020\/02\/DSCN4816-www-1-768x576.jpg 768w, https:\/\/www.milosnicylasu.olsztyn.pl\/wp-content\/uploads\/2020\/02\/DSCN4816-www-1.jpg 1024w\" sizes=\"auto, (max-width: 300px) 100vw, 300px\" \/><\/a>Wr\u0119czenie medali odb\u0119dzie si\u0119 w dniu 06.02.2020r. podczas zebrania Ko\u0142a.<\/p>\n<p>Sekretarz Zarz\u0105du Powiatowego Ligi Obrony Kraju w Olsztynie J\u00f3zek Klucz najm\u0142odszym zawodnikom wr\u0119czy\u0142 drobne upominki w postaci maskotek, serdecznie dzi\u0119kujemy za mi\u0142y gest.Gratulujemy wszystkim uczestnikom uzyskanych wynik\u00f3w a szczeg\u00f3lnie tym zawodnikom , kt\u00f3rzy zaj\u0119li czo\u0142owe miejsca.<\/p>\n<p>To by\u0142a fajna impreza, cieszy nas du\u017ca frekwencja i wspania\u0142a atmosfera . Z okazji tego sympatycznego \u015awi\u0119ta mogli\u015bmy si\u0119 spotka\u0107\u00a0 przy herbatce, kawie i ciasteczkach, porozmawia\u0107, porysowa\u0107 , postrzela\u0107 i&#8230;&#8230;.. otrzyma\u0107 upominki &#8211; ksi\u0105\u017cki, kt\u00f3re mogli\u015bmy sobie wybra\u0107. Dzi\u0119kujemy\u00a0 wszystkim osobom zaanga\u017cowanym w organizacj\u0119 spotkania.<\/p>\n","protected":false},"excerpt":{"rendered":"<p>Mimo, \u017ce stycze\u0144 jest zimowym miesi\u0105cem, pe\u0142nym ch\u0142odnych dni, s\u0105 takie dwa dni, jedyne dwa dni w roku, kiedy ka\u017cdemu robi si\u0119 cieplej na sercu, bo przecie\u017c jest to \u015bwi\u0119to bab\u0107 i dziadk\u00f3w. W naszym Kole uroczyste obchodzenie tego \u015bwi\u0119ta jest na sta\u0142e wpisan\u0105 tradycj\u0105. W tym roku spotkali\u015bmy si\u0119 27 stycznia 2020 roku, w [&hellip;]<\/p>\n","protected":false},"author":2,"featured_media":0,"comment_status":"open","ping_status":"open","sticky":false,"template":"","format":"standard","meta":{"footnotes":""},"categories":[1,9,15,11,8],"tags":[],"class_list":["post-5216","post","type-post","status-publish","format-standard","hentry","category-bez-kategorii","category-ciekawostki","category-komkurs","category-spotkania-artystyczne","category-zawody-strzeleckie"],"_links":{"self":[{"href":"https:\/\/www.milosnicylasu.olsztyn.pl\/index.php?rest_route=\/wp\/v2\/posts\/5216","targetHints":{"allow":["GET"]}}],"collection":[{"href":"https:\/\/www.milosnicylasu.olsztyn.pl\/index.php?rest_route=\/wp\/v2\/posts"}],"about":[{"href":"https:\/\/www.milosnicylasu.olsztyn.pl\/index.php?rest_route=\/wp\/v2\/types\/post"}],"author":[{"embeddable":true,"href":"https:\/\/www.milosnicylasu.olsztyn.pl\/index.php?rest_route=\/wp\/v2\/users\/2"}],"replies":[{"embeddable":true,"href":"https:\/\/www.milosnicylasu.olsztyn.pl\/index.php?rest_route=%2Fwp%2Fv2%2Fcomments&post=5216"}],"version-history":[{"count":5,"href":"https:\/\/www.milosnicylasu.olsztyn.pl\/index.php?rest_route=\/wp\/v2\/posts\/5216\/revisions"}],"predecessor-version":[{"id":5226,"href":"https:\/\/www.milosnicylasu.olsztyn.pl\/index.php?rest_route=\/wp\/v2\/posts\/5216\/revisions\/5226"}],"wp:attachment":[{"href":"https:\/\/www.milosnicylasu.olsztyn.pl\/index.php?rest_route=%2Fwp%2Fv2%2Fmedia&parent=5216"}],"wp:term":[{"taxonomy":"category","embeddable":true,"href":"https:\/\/www.milosnicylasu.olsztyn.pl\/index.php?rest_route=%2Fwp%2Fv2%2Fcategories&post=5216"},{"taxonomy":"post_tag","embeddable":true,"href":"https:\/\/www.milosnicylasu.olsztyn.pl\/index.php?rest_route=%2Fwp%2Fv2%2Ftags&post=5216"}],"curies":[{"name":"wp","href":"https:\/\/api.w.org\/{rel}","templated":true}]}}