{"id":5232,"date":"2020-02-09T08:36:25","date_gmt":"2020-02-09T07:36:25","guid":{"rendered":"http:\/\/www.milosnicylasu.olsztyn.pl\/?p=5232"},"modified":"2020-02-11T00:37:54","modified_gmt":"2020-02-10T23:37:54","slug":"pogoda-zmienna-jest","status":"publish","type":"post","link":"https:\/\/www.milosnicylasu.olsztyn.pl\/?p=5232","title":{"rendered":"Pogoda zmienn\u0105 jest&#8230;&#8230;&#8230;"},"content":{"rendered":"<p><a href=\"http:\/\/www.milosnicylasu.olsztyn.pl\/wp-content\/uploads\/2020\/02\/DSCN4826-www.jpg\" data-rel=\"lightbox-image-0\" data-magnific_type=\"image\" data-rl_title=\"\" data-rl_caption=\"\" title=\"\"><img loading=\"lazy\" decoding=\"async\" class=\"size-medium wp-image-5233 alignleft\" src=\"http:\/\/www.milosnicylasu.olsztyn.pl\/wp-content\/uploads\/2020\/02\/DSCN4826-www-300x225.jpg\" alt=\"\" width=\"300\" height=\"225\" srcset=\"https:\/\/www.milosnicylasu.olsztyn.pl\/wp-content\/uploads\/2020\/02\/DSCN4826-www-300x225.jpg 300w, https:\/\/www.milosnicylasu.olsztyn.pl\/wp-content\/uploads\/2020\/02\/DSCN4826-www-768x576.jpg 768w, https:\/\/www.milosnicylasu.olsztyn.pl\/wp-content\/uploads\/2020\/02\/DSCN4826-www.jpg 1024w\" sizes=\"auto, (max-width: 300px) 100vw, 300px\" \/><\/a><\/p>\n<p>1 i 8 luty &#8211; dwie &#8222;zimowe&#8221; soboty, obie bez \u015bniegu, ale jak\u017ce z inn\u0105 pogod\u0105. 1 lutego szaruga, troch\u0119 mokro, troch\u0119 wietrznie, tak og\u00f3lnie\u00a0 nieprzyjemnie. Zdawa\u0142oby si\u0119, \u017ce pogoda nie sprzyja na le\u015bne w\u0119dr\u00f3wki&#8230;&#8230;.. ale dla najbardziej wytrwa\u0142ych cz\u0142onk\u00f3w Ko\u0142a Mi\u0142o\u015bnik\u00f3w Lasu i Militari\u00f3w LOK przy ATW w Olsztynie nie ma z\u0142ej pogody na sobotnie spotkanie z przyrod\u0105 i obchody &#8221; Dnia Mokrade\u0142&#8221;.\u00a0 Z tej okazji prezes Ko\u0142a Anatol Leszczy\u0144ski przygotowa\u0142 konkurs, w czasie kt\u00f3rego mogli\u015bmy sobie m.in. przypomnie\u0107, \u017ce\u00a0 \u015bwi\u0119to to obchodzone jest od 1997 roku w ponad 95 krajach. Ustanowione zosta\u0142o w celu podnoszenia \u015bwiadomo\u015bci spo\u0142ecznej w zakresie roli ekologicznej i gospodarczej obszar\u00f3w wodno-b\u0142otnych i \u017ce mokrad\u0142o to teren bagienny, b\u0142ota, torfowiska, zbiorniki wodne, naturalne i sztuczne, sta\u0142e i okresowe o wodach stoj\u0105cych lub p\u0142yn\u0105cych, g\u0142\u0119boko\u015b\u0107 podczas odp\u0142ywu nie przekracza 6 metr\u00f3w. To oczywi\u015bcie tylko dwie odpowiedzi na 17 pyta\u0144, kt\u00f3re pad\u0142y podczas konkursu. A kto wykaza\u0142 si\u0119 najpe\u0142niejsz\u0105 wiedz\u0105 z tego tematu? Pierwsze miejsce zaj\u0119\u0142a Stefania Jarczyk, drugie Aleksander G\u0119bicki, trzecie Teresa \u017bemojcin.<a href=\"http:\/\/www.milosnicylasu.olsztyn.pl\/wp-content\/uploads\/2020\/02\/DSCN4842-www.jpg\" data-rel=\"lightbox-image-1\" data-magnific_type=\"image\" data-rl_title=\"\" data-rl_caption=\"\" title=\"\"><img loading=\"lazy\" decoding=\"async\" class=\"size-medium wp-image-5234 alignright\" src=\"http:\/\/www.milosnicylasu.olsztyn.pl\/wp-content\/uploads\/2020\/02\/DSCN4842-www-300x225.jpg\" alt=\"\" width=\"300\" height=\"225\" srcset=\"https:\/\/www.milosnicylasu.olsztyn.pl\/wp-content\/uploads\/2020\/02\/DSCN4842-www-300x225.jpg 300w, https:\/\/www.milosnicylasu.olsztyn.pl\/wp-content\/uploads\/2020\/02\/DSCN4842-www-768x576.jpg 768w, https:\/\/www.milosnicylasu.olsztyn.pl\/wp-content\/uploads\/2020\/02\/DSCN4842-www.jpg 1024w\" sizes=\"auto, (max-width: 300px) 100vw, 300px\" \/><\/a><\/p>\n<p>8 lutego 2020 roku w\u0119drowali\u015bmy wzd\u0142u\u017c Jeziora D\u0142ugiego, Jeziora Podk\u00f3wka a nast\u0119pnie pi\u0119knymi terenami nad \u0141yn\u0105. Pogoda by\u0142a pi\u0119kna, wiec frekwencja te\u017c dopisa\u0142a, nikt nie spieszy\u0142 si\u0119 do domu. Mogli\u015bmy\u00a0 z przyjemno\u015bci\u0105 za\u017cywa\u0107 &#8222;k\u0105pieli le\u015bnych&#8221;.<\/p>\n<p><a href=\"http:\/\/www.milosnicylasu.olsztyn.pl\/wp-content\/uploads\/2020\/02\/DSCN4852-www.jpg\" data-rel=\"lightbox-image-2\" data-magnific_type=\"image\" data-rl_title=\"\" data-rl_caption=\"\" title=\"\"><img loading=\"lazy\" decoding=\"async\" class=\"size-medium wp-image-5236 alignright\" src=\"http:\/\/www.milosnicylasu.olsztyn.pl\/wp-content\/uploads\/2020\/02\/DSCN4852-www-300x225.jpg\" alt=\"\" width=\"300\" height=\"225\" srcset=\"https:\/\/www.milosnicylasu.olsztyn.pl\/wp-content\/uploads\/2020\/02\/DSCN4852-www-300x225.jpg 300w, https:\/\/www.milosnicylasu.olsztyn.pl\/wp-content\/uploads\/2020\/02\/DSCN4852-www-768x576.jpg 768w, https:\/\/www.milosnicylasu.olsztyn.pl\/wp-content\/uploads\/2020\/02\/DSCN4852-www.jpg 1024w\" sizes=\"auto, (max-width: 300px) 100vw, 300px\" \/><\/a><a href=\"http:\/\/www.milosnicylasu.olsztyn.pl\/wp-content\/uploads\/2020\/02\/DSCN4849-www.jpg\" data-rel=\"lightbox-image-3\" data-magnific_type=\"image\" data-rl_title=\"\" data-rl_caption=\"\" title=\"\"><img loading=\"lazy\" decoding=\"async\" class=\"size-medium wp-image-5235 alignright\" src=\"http:\/\/www.milosnicylasu.olsztyn.pl\/wp-content\/uploads\/2020\/02\/DSCN4849-www-300x225.jpg\" alt=\"\" width=\"300\" height=\"225\" srcset=\"https:\/\/www.milosnicylasu.olsztyn.pl\/wp-content\/uploads\/2020\/02\/DSCN4849-www-300x225.jpg 300w, https:\/\/www.milosnicylasu.olsztyn.pl\/wp-content\/uploads\/2020\/02\/DSCN4849-www-768x576.jpg 768w, https:\/\/www.milosnicylasu.olsztyn.pl\/wp-content\/uploads\/2020\/02\/DSCN4849-www.jpg 1024w\" sizes=\"auto, (max-width: 300px) 100vw, 300px\" \/><\/a><\/p>\n","protected":false},"excerpt":{"rendered":"<p>1 i 8 luty &#8211; dwie &#8222;zimowe&#8221; soboty, obie bez \u015bniegu, ale jak\u017ce z inn\u0105 pogod\u0105. 1 lutego szaruga, troch\u0119 mokro, troch\u0119 wietrznie, tak og\u00f3lnie\u00a0 nieprzyjemnie. Zdawa\u0142oby si\u0119, \u017ce pogoda nie sprzyja na le\u015bne w\u0119dr\u00f3wki&#8230;&#8230;.. ale dla najbardziej wytrwa\u0142ych cz\u0142onk\u00f3w Ko\u0142a Mi\u0142o\u015bnik\u00f3w Lasu i Militari\u00f3w LOK przy ATW w Olsztynie nie ma z\u0142ej pogody na [&hellip;]<\/p>\n","protected":false},"author":2,"featured_media":0,"comment_status":"open","ping_status":"open","sticky":false,"template":"","format":"standard","meta":{"footnotes":""},"categories":[1,9,17,15,2],"tags":[],"class_list":["post-5232","post","type-post","status-publish","format-standard","hentry","category-bez-kategorii","category-ciekawostki","category-edukacja-w-terenie","category-komkurs","category-rajdy"],"_links":{"self":[{"href":"https:\/\/www.milosnicylasu.olsztyn.pl\/index.php?rest_route=\/wp\/v2\/posts\/5232","targetHints":{"allow":["GET"]}}],"collection":[{"href":"https:\/\/www.milosnicylasu.olsztyn.pl\/index.php?rest_route=\/wp\/v2\/posts"}],"about":[{"href":"https:\/\/www.milosnicylasu.olsztyn.pl\/index.php?rest_route=\/wp\/v2\/types\/post"}],"author":[{"embeddable":true,"href":"https:\/\/www.milosnicylasu.olsztyn.pl\/index.php?rest_route=\/wp\/v2\/users\/2"}],"replies":[{"embeddable":true,"href":"https:\/\/www.milosnicylasu.olsztyn.pl\/index.php?rest_route=%2Fwp%2Fv2%2Fcomments&post=5232"}],"version-history":[{"count":1,"href":"https:\/\/www.milosnicylasu.olsztyn.pl\/index.php?rest_route=\/wp\/v2\/posts\/5232\/revisions"}],"predecessor-version":[{"id":5237,"href":"https:\/\/www.milosnicylasu.olsztyn.pl\/index.php?rest_route=\/wp\/v2\/posts\/5232\/revisions\/5237"}],"wp:attachment":[{"href":"https:\/\/www.milosnicylasu.olsztyn.pl\/index.php?rest_route=%2Fwp%2Fv2%2Fmedia&parent=5232"}],"wp:term":[{"taxonomy":"category","embeddable":true,"href":"https:\/\/www.milosnicylasu.olsztyn.pl\/index.php?rest_route=%2Fwp%2Fv2%2Fcategories&post=5232"},{"taxonomy":"post_tag","embeddable":true,"href":"https:\/\/www.milosnicylasu.olsztyn.pl\/index.php?rest_route=%2Fwp%2Fv2%2Ftags&post=5232"}],"curies":[{"name":"wp","href":"https:\/\/api.w.org\/{rel}","templated":true}]}}