{"id":5255,"date":"2020-02-18T19:50:20","date_gmt":"2020-02-18T18:50:20","guid":{"rendered":"http:\/\/www.milosnicylasu.olsztyn.pl\/?p=5255"},"modified":"2020-02-18T19:50:29","modified_gmt":"2020-02-18T18:50:29","slug":"walentynki-2","status":"publish","type":"post","link":"https:\/\/www.milosnicylasu.olsztyn.pl\/?p=5255","title":{"rendered":"Walentynki"},"content":{"rendered":"<p>Walentynki &#8211; coroczne \u015bwi\u0119to zakochanych przypadaj\u0105ce 14 lutego, cz\u0142onkowie Ko\u0142a Mi\u0142o\u015bnik\u00f3w Lasu i Militari\u00f3w LOK przy ATW w Olsztynie obchodzili dzie\u0144 p\u00f3\u017aniej tj. 15 lutego w O\u015brodku Je\u017adzieckim Pana Kojrysa. Zaplanowany kulig ze zrozumia\u0142ych wzgl\u0119d\u00f3w musia\u0142 by\u0107 zmieniony na przeja\u017cd\u017ck\u0119 pi\u0119knie przybranymi wozami. <a href=\"http:\/\/www.milosnicylasu.olsztyn.pl\/wp-content\/uploads\/2020\/02\/DSCN4854-www.jpg\" data-rel=\"lightbox-image-0\" data-magnific_type=\"image\" data-rl_title=\"\" data-rl_caption=\"\" title=\"\"><img loading=\"lazy\" decoding=\"async\" class=\"size-medium wp-image-5256 alignleft\" src=\"http:\/\/www.milosnicylasu.olsztyn.pl\/wp-content\/uploads\/2020\/02\/DSCN4854-www-300x225.jpg\" alt=\"\" width=\"300\" height=\"225\" srcset=\"https:\/\/www.milosnicylasu.olsztyn.pl\/wp-content\/uploads\/2020\/02\/DSCN4854-www-300x225.jpg 300w, https:\/\/www.milosnicylasu.olsztyn.pl\/wp-content\/uploads\/2020\/02\/DSCN4854-www-768x576.jpg 768w, https:\/\/www.milosnicylasu.olsztyn.pl\/wp-content\/uploads\/2020\/02\/DSCN4854-www.jpg 1024w\" sizes=\"auto, (max-width: 300px) 100vw, 300px\" \/><\/a><\/p>\n<p>Nie by\u0142o bia\u0142o, ale\u00a0 te\u017c pi\u0119knie, czuli\u015bmy pierwsze oznaki wiosny. Coraz wi\u0119cej s\u0142ycha\u0107 odg\u0142os\u00f3w ptak\u00f3w, zakwit\u0142y bazie, pojawi\u0142y si\u0119 te\u017c pierwsze kwiatki. Prezes znalaz\u0142 kilka stokrotek, kt\u00f3rymi obdarowa\u0142\u00a0 kole\u017canki z Ko\u0142a.\u00a0 By\u0142y to pierwsze\u00a0 niespodzianki, a p\u00f3\u017aniej&#8230;&#8230;&#8230;..si\u0119 dzia\u0142o!<\/p>\n<p><a href=\"http:\/\/www.milosnicylasu.olsztyn.pl\/wp-content\/uploads\/2020\/02\/DSCN4871-www.jpg\" data-rel=\"lightbox-image-1\" data-magnific_type=\"image\" data-rl_title=\"\" data-rl_caption=\"\" title=\"\"><img loading=\"lazy\" decoding=\"async\" class=\"size-medium wp-image-5257 alignleft\" src=\"http:\/\/www.milosnicylasu.olsztyn.pl\/wp-content\/uploads\/2020\/02\/DSCN4871-www-300x225.jpg\" alt=\"\" width=\"300\" height=\"225\" srcset=\"https:\/\/www.milosnicylasu.olsztyn.pl\/wp-content\/uploads\/2020\/02\/DSCN4871-www-300x225.jpg 300w, https:\/\/www.milosnicylasu.olsztyn.pl\/wp-content\/uploads\/2020\/02\/DSCN4871-www-768x576.jpg 768w, https:\/\/www.milosnicylasu.olsztyn.pl\/wp-content\/uploads\/2020\/02\/DSCN4871-www.jpg 1024w\" sizes=\"auto, (max-width: 300px) 100vw, 300px\" \/><\/a>Przywitanie przez pi\u0119knie ubranych gospodarzy, wielki grill na kt\u00f3rym piekli\u015bmy pyszn\u0105 kie\u0142bask\u0119, wspania\u0142y zesp\u00f3\u0142 muzyczno-wokalny, ta\u0144ce, wyst\u0119py\u00a0 ubranych w ludowe stroje dziewcz\u0105t, <a href=\"http:\/\/www.milosnicylasu.olsztyn.pl\/wp-content\/uploads\/2020\/02\/DSCN4875-www.jpg\" data-rel=\"lightbox-image-2\" data-magnific_type=\"image\" data-rl_title=\"\" data-rl_caption=\"\" title=\"\"><img loading=\"lazy\" decoding=\"async\" class=\"alignnone size-medium wp-image-5259\" src=\"http:\/\/www.milosnicylasu.olsztyn.pl\/wp-content\/uploads\/2020\/02\/DSCN4875-www-300x225.jpg\" alt=\"\" width=\"300\" height=\"225\" srcset=\"https:\/\/www.milosnicylasu.olsztyn.pl\/wp-content\/uploads\/2020\/02\/DSCN4875-www-300x225.jpg 300w, https:\/\/www.milosnicylasu.olsztyn.pl\/wp-content\/uploads\/2020\/02\/DSCN4875-www-768x576.jpg 768w, https:\/\/www.milosnicylasu.olsztyn.pl\/wp-content\/uploads\/2020\/02\/DSCN4875-www.jpg 1024w\" sizes=\"auto, (max-width: 300px) 100vw, 300px\" \/><\/a><\/p>\n<p>r\u00f3\u017cne ludowe zabawy z rewizytami \/ np z wa\u0142kami do ciasta\/, <a href=\"http:\/\/www.milosnicylasu.olsztyn.pl\/wp-content\/uploads\/2020\/02\/DSCN4881-www.jpg\" data-rel=\"lightbox-image-3\" data-magnific_type=\"image\" data-rl_title=\"\" data-rl_caption=\"\" title=\"\"><img loading=\"lazy\" decoding=\"async\" class=\"size-medium wp-image-5258 alignright\" src=\"http:\/\/www.milosnicylasu.olsztyn.pl\/wp-content\/uploads\/2020\/02\/DSCN4881-www-300x225.jpg\" alt=\"\" width=\"300\" height=\"225\" srcset=\"https:\/\/www.milosnicylasu.olsztyn.pl\/wp-content\/uploads\/2020\/02\/DSCN4881-www-300x225.jpg 300w, https:\/\/www.milosnicylasu.olsztyn.pl\/wp-content\/uploads\/2020\/02\/DSCN4881-www-768x576.jpg 768w, https:\/\/www.milosnicylasu.olsztyn.pl\/wp-content\/uploads\/2020\/02\/DSCN4881-www.jpg 1024w\" sizes=\"auto, (max-width: 300px) 100vw, 300px\" \/><\/a><\/p>\n<p>a na koniec ciekawa zabawa przygotowana przez organizator\u00f3w 'walentynek&#8221;, czyli Rysi\u0119 i Micha\u0142a K\u0142\u0119bukowskich, w trakcie kt\u00f3rej uczestnicy imprezy mogli popisa\u0107 si\u0119 swoimi zdolno\u015bciami wokalnymi. R\u00f3\u017cnie to u nas z tym \u015bpiewaniem, ale trzeba przyzna\u0107, \u017ce nikt si\u0119 nie wy\u0142ama\u0142 i wychodzi\u0142o to ca\u0142kiem dobrze. Nagrod\u0105 za wyst\u0119py by\u0142y pomys\u0142owe, fajne upominki.<\/p>\n<p>Mo\u017ce gdyby\u015bmy cz\u0119\u015bciej \u0107wiczyli \u015bpiewanie&#8230;&#8230;..Wszystko przed nami. By\u0142a te\u017c jeszcze jedna niespodzianka, szczeg\u00f3lnie przyjemna dla prezesa Ko\u0142a Anatola Leszczy\u0144skiego &#8211; zosta\u0142 kr\u00f3lem walentynkowego balu.<a href=\"http:\/\/www.milosnicylasu.olsztyn.pl\/wp-content\/uploads\/2020\/02\/DSCN4899-www.jpg\" data-rel=\"lightbox-image-4\" data-magnific_type=\"image\" data-rl_title=\"\" data-rl_caption=\"\" title=\"\"><img loading=\"lazy\" decoding=\"async\" class=\"size-medium wp-image-5260 alignleft\" src=\"http:\/\/www.milosnicylasu.olsztyn.pl\/wp-content\/uploads\/2020\/02\/DSCN4899-www-225x300.jpg\" alt=\"\" width=\"225\" height=\"300\" srcset=\"https:\/\/www.milosnicylasu.olsztyn.pl\/wp-content\/uploads\/2020\/02\/DSCN4899-www-225x300.jpg 225w, https:\/\/www.milosnicylasu.olsztyn.pl\/wp-content\/uploads\/2020\/02\/DSCN4899-www.jpg 768w\" sizes=\"auto, (max-width: 225px) 100vw, 225px\" \/><\/a><a href=\"http:\/\/www.milosnicylasu.olsztyn.pl\/wp-content\/uploads\/2020\/02\/DSCN4901-www.jpg\" data-rel=\"lightbox-image-5\" data-magnific_type=\"image\" data-rl_title=\"\" data-rl_caption=\"\" title=\"\"><img loading=\"lazy\" decoding=\"async\" class=\"size-medium wp-image-5261 alignright\" src=\"http:\/\/www.milosnicylasu.olsztyn.pl\/wp-content\/uploads\/2020\/02\/DSCN4901-www-300x225.jpg\" alt=\"\" width=\"300\" height=\"225\" srcset=\"https:\/\/www.milosnicylasu.olsztyn.pl\/wp-content\/uploads\/2020\/02\/DSCN4901-www-300x225.jpg 300w, https:\/\/www.milosnicylasu.olsztyn.pl\/wp-content\/uploads\/2020\/02\/DSCN4901-www-768x576.jpg 768w, https:\/\/www.milosnicylasu.olsztyn.pl\/wp-content\/uploads\/2020\/02\/DSCN4901-www.jpg 1024w\" sizes=\"auto, (max-width: 300px) 100vw, 300px\" \/><\/a>\u00a0 Dzi\u0119kujemy organizatorom za wspania\u0142e, bardzo weso\u0142e spotkanie, za wen\u0119 tw\u00f3rcz\u0105 w przygotowaniu &#8222;konkursu \u015bpiewaczego&#8221;. \u017ba\u0142ujemy, \u017ce to tylko raz w roku&#8230; a mo\u017ce nie. Liczymy na &#8222;cz\u0119\u015bciej&#8221;. A gdyby jednak nie&#8230; to do nast\u0119pnych &#8222;Walentynek&#8221;.<\/p>\n<p>&nbsp;<\/p>\n","protected":false},"excerpt":{"rendered":"<p>Walentynki &#8211; coroczne \u015bwi\u0119to zakochanych przypadaj\u0105ce 14 lutego, cz\u0142onkowie Ko\u0142a Mi\u0142o\u015bnik\u00f3w Lasu i Militari\u00f3w LOK przy ATW w Olsztynie obchodzili dzie\u0144 p\u00f3\u017aniej tj. 15 lutego w O\u015brodku Je\u017adzieckim Pana Kojrysa. Zaplanowany kulig ze zrozumia\u0142ych wzgl\u0119d\u00f3w musia\u0142 by\u0107 zmieniony na przeja\u017cd\u017ck\u0119 pi\u0119knie przybranymi wozami. Nie by\u0142o bia\u0142o, ale\u00a0 te\u017c pi\u0119knie, czuli\u015bmy pierwsze oznaki wiosny. Coraz wi\u0119cej [&hellip;]<\/p>\n","protected":false},"author":2,"featured_media":0,"comment_status":"open","ping_status":"open","sticky":false,"template":"","format":"standard","meta":{"footnotes":""},"categories":[1,9,17,15,11,14],"tags":[],"class_list":["post-5255","post","type-post","status-publish","format-standard","hentry","category-bez-kategorii","category-ciekawostki","category-edukacja-w-terenie","category-komkurs","category-spotkania-artystyczne","category-zabawy"],"_links":{"self":[{"href":"https:\/\/www.milosnicylasu.olsztyn.pl\/index.php?rest_route=\/wp\/v2\/posts\/5255","targetHints":{"allow":["GET"]}}],"collection":[{"href":"https:\/\/www.milosnicylasu.olsztyn.pl\/index.php?rest_route=\/wp\/v2\/posts"}],"about":[{"href":"https:\/\/www.milosnicylasu.olsztyn.pl\/index.php?rest_route=\/wp\/v2\/types\/post"}],"author":[{"embeddable":true,"href":"https:\/\/www.milosnicylasu.olsztyn.pl\/index.php?rest_route=\/wp\/v2\/users\/2"}],"replies":[{"embeddable":true,"href":"https:\/\/www.milosnicylasu.olsztyn.pl\/index.php?rest_route=%2Fwp%2Fv2%2Fcomments&post=5255"}],"version-history":[{"count":1,"href":"https:\/\/www.milosnicylasu.olsztyn.pl\/index.php?rest_route=\/wp\/v2\/posts\/5255\/revisions"}],"predecessor-version":[{"id":5262,"href":"https:\/\/www.milosnicylasu.olsztyn.pl\/index.php?rest_route=\/wp\/v2\/posts\/5255\/revisions\/5262"}],"wp:attachment":[{"href":"https:\/\/www.milosnicylasu.olsztyn.pl\/index.php?rest_route=%2Fwp%2Fv2%2Fmedia&parent=5255"}],"wp:term":[{"taxonomy":"category","embeddable":true,"href":"https:\/\/www.milosnicylasu.olsztyn.pl\/index.php?rest_route=%2Fwp%2Fv2%2Fcategories&post=5255"},{"taxonomy":"post_tag","embeddable":true,"href":"https:\/\/www.milosnicylasu.olsztyn.pl\/index.php?rest_route=%2Fwp%2Fv2%2Ftags&post=5255"}],"curies":[{"name":"wp","href":"https:\/\/api.w.org\/{rel}","templated":true}]}}