{"id":5263,"date":"2020-02-20T10:21:30","date_gmt":"2020-02-20T09:21:30","guid":{"rendered":"http:\/\/www.milosnicylasu.olsztyn.pl\/?p=5263"},"modified":"2020-02-20T10:21:30","modified_gmt":"2020-02-20T09:21:30","slug":"co-robia-dziki-w-miescie","status":"publish","type":"post","link":"https:\/\/www.milosnicylasu.olsztyn.pl\/?p=5263","title":{"rendered":"Co robi\u0105 dziki w mie\u015bcie"},"content":{"rendered":"<p>Kiedy\u015b dziki w mie\u015bcie mo\u017cna by\u0142o spotka\u0107 na wybrze\u017cu. Pami\u0119tam wyjazd z kuzynk\u0105 z Czech do Krynicy Morskiej. Jakie by\u0142o jej zaskoczenie, \u017ce w ci\u0105gu jednego dnia pobytu spotka\u0142a te zwierz\u0119ta trzykrotnie. U nas w Olsztynie widzieli\u015bmy dziki sporadycznie w okolicach sanatorium przy Jagiello\u0144skiej. M\u00f3wi\u0142o si\u0119, \u017ce przyzwyczaili ich kuracjusze, kt\u00f3rzy wynosili chleb ze sto\u0142\u00f3wki\u00a0 i mieli niez\u0142y ubaw jak dziki im jad\u0142y z r\u0105k.\u00a0 Teraz przesta\u0142o to by\u0107 zabawne. Dziki spotykamy wsz\u0119dzie i coraz bli\u017cej. Segregacja \u015bmieci te\u017c do tego si\u0119 przyczynia. Br\u0105zowe pojemniki na odpady organiczne\u00a0 s\u0105 systematycznie przewracane &#8211; dla dzik\u00f3w to tak jak sto\u0142\u00f3wka, bardzo urozmaicona.<\/p>\n<p>Ka\u017cdy widzi, \u017ce dzik\u00f3w jest coraz wi\u0119cej. Jeszcze nie tak dawno, na ulicy Sikorskiego\u00a0 przechodzi\u0142y noc\u0105 do pobliskiego zagajnika i wczesnym rankiem wraca\u0142y. Teraz chodz\u0105 w r\u00f3\u017cnych porach dnia, ryj\u0105 przydomowe ogr\u00f3dki, demoluj\u0105 place zabaw dla dzieci. Ludzie boj\u0105 si\u0119 o swoje bezpiecze\u0144stwo. Wychowa\u0142am si\u0119 na Zielonej G\u00f3rce. W lesie przylegaj\u0105cym do osiedla sp\u0119dzali\u015bmy wiele czasu. Bawili\u015bmy si\u0119 w podchody, rwali\u015bmy kwiatki, zbierali\u015bmy grzyby &#8211; teraz tam nikt nie chodzi. Wszyscy si\u0119 boj\u0105. Zwierz\u0119ta maja prawa, a my?<\/p>\n<p>I par\u0119 ciekawostek jakie znalaz\u0142am w internecie \/na podstawie artyku\u0142u Adama Wajraka\/<\/p>\n<p>&nbsp;<\/p>\n<p><strong>Dlaczego dziki ryj\u0105<\/strong><\/p>\n<p>Dziki s\u0105 wszystko\u017cerne i mog\u0105 zjada\u0107 zar\u00f3wno \u017co\u0142\u0119dzie, bukiew lub bulwy ro\u015blin, jak ich zielone naziemne cz\u0119\u015bci. Ale uwielbiaj\u0105 te\u017c wszelkiego rodzaju larwy owad\u00f3w. A te najcz\u0119\u015bciej kryj\u0105 si\u0119 pod powierzchnia ziemi. Dziki wi\u0119c ryj\u0105 i potrafi\u0105 robi\u0107 to bardzo g\u0142\u0119boko. Najintensywniej dziki ryj\u0105 jesieni\u0105, gdy staraj\u0105 si\u0119 jak najbardziej ot\u0142u\u015bci\u0107 si\u0119 przed nadchodz\u0105c\u0105 zim\u0105. Bo zim\u0105 wiele z nich ginie z g\u0142odu. W naturalnym lesie, takim jak Puszcza Bia\u0142owieska, czas obfito\u015bci zdarza si\u0119 raczej rzadko. Tylko co 6-7 lat mamy tu olbrzymi wysyp \u017co\u0142\u0119dzi i w\u0142a\u015bciwie tylko wtedy zwierzaki s\u0105 najedzone i rozmna\u017caj\u0105 si\u0119 na pot\u0119g\u0119. Po takich latach obfito\u015bci przychodz\u0105 lata chude i zimowe umieranie.<\/p>\n<p><strong>Wielka miejska spi\u017carnia<\/strong><\/p>\n<p>Dziki, s\u0105 niezwykle m\u0105drymi zwierzakami, kt\u00f3re bardzo szybko potrafi\u0105 reagowa\u0107 na r\u00f3\u017cne sytuacje i wykorzystywa\u0107 nowe warunki. Na przyk\u0142ad kiedy pojawia si\u0119 zagro\u017cenie w postaci wilk\u00f3w, lochy \u0142\u0105cza si\u0119 w grupy, bo tak \u0142atwiej dostrzec niebezpiecze\u0144stwo i \u0142atwiej si\u0119 przed nim broni\u0107. Nic wi\u0119c dziwnego, \u017ce dziki r\u00f3wnie\u017c pr\u00f3buj\u0105 sobie poradzi\u0107 z najwi\u0119kszym wrogiem &#8211; \u00a0g\u0142odem. W\u0142a\u015bnie uciekaj\u0105c przed nim, przenosi\u0142y si\u0119 najpierw na pola, a p\u00f3\u017aniej do miast. Uwagi tych inteligentnych zwierz\u0105t nie mog\u0142o uj\u015b\u0107 to, \u017ce my, ludzie, produkujemy mas\u0119 po\u017cywienia. Najpierw odkry\u0142y je na polach kukurydzy i pod my\u015bliwskimi ambonami, gdzie wysypuje si\u0119 nie tylko buraki, kukurydz\u0119, ziemniaki oraz jab\u0142ka, ale te\u017c pieczywo. Od tego by\u0142 ju\u017c tylko kroczek, aby spostrzec, \u017ce to samo mo\u017cna znale\u017a\u0107 w miejskich koszach na \u015bmieci. I \u017ce w miastach du\u017co jest trawnik\u00f3w, w kt\u00f3rych dziecinnie \u0142atwo si\u0119 ryje. Do tego jeszcze temperatura w miejskich murach jest zwykle nieco wy\u017csza, a to u\u0142atwia prze\u017cycie zimy. Dziki bardzo szybko zorientowa\u0142y si\u0119 te\u017c, \u017ce cz\u0142owiek miejski nie jest dla nich zagro\u017ceniem. I mamy to, co mamy, czyli dzicz\u0105 populacje niemal w ka\u017cdym polskim mie\u015bcie.<\/p>\n<p>&nbsp;<\/p>\n","protected":false},"excerpt":{"rendered":"<p>Kiedy\u015b dziki w mie\u015bcie mo\u017cna by\u0142o spotka\u0107 na wybrze\u017cu. Pami\u0119tam wyjazd z kuzynk\u0105 z Czech do Krynicy Morskiej. Jakie by\u0142o jej zaskoczenie, \u017ce w ci\u0105gu jednego dnia pobytu spotka\u0142a te zwierz\u0119ta trzykrotnie. U nas w Olsztynie widzieli\u015bmy dziki sporadycznie w okolicach sanatorium przy Jagiello\u0144skiej. M\u00f3wi\u0142o si\u0119, \u017ce przyzwyczaili ich kuracjusze, kt\u00f3rzy wynosili chleb ze sto\u0142\u00f3wki\u00a0 [&hellip;]<\/p>\n","protected":false},"author":2,"featured_media":0,"comment_status":"open","ping_status":"open","sticky":false,"template":"","format":"standard","meta":{"footnotes":""},"categories":[1,9],"tags":[],"class_list":["post-5263","post","type-post","status-publish","format-standard","hentry","category-bez-kategorii","category-ciekawostki"],"_links":{"self":[{"href":"https:\/\/www.milosnicylasu.olsztyn.pl\/index.php?rest_route=\/wp\/v2\/posts\/5263","targetHints":{"allow":["GET"]}}],"collection":[{"href":"https:\/\/www.milosnicylasu.olsztyn.pl\/index.php?rest_route=\/wp\/v2\/posts"}],"about":[{"href":"https:\/\/www.milosnicylasu.olsztyn.pl\/index.php?rest_route=\/wp\/v2\/types\/post"}],"author":[{"embeddable":true,"href":"https:\/\/www.milosnicylasu.olsztyn.pl\/index.php?rest_route=\/wp\/v2\/users\/2"}],"replies":[{"embeddable":true,"href":"https:\/\/www.milosnicylasu.olsztyn.pl\/index.php?rest_route=%2Fwp%2Fv2%2Fcomments&post=5263"}],"version-history":[{"count":1,"href":"https:\/\/www.milosnicylasu.olsztyn.pl\/index.php?rest_route=\/wp\/v2\/posts\/5263\/revisions"}],"predecessor-version":[{"id":5264,"href":"https:\/\/www.milosnicylasu.olsztyn.pl\/index.php?rest_route=\/wp\/v2\/posts\/5263\/revisions\/5264"}],"wp:attachment":[{"href":"https:\/\/www.milosnicylasu.olsztyn.pl\/index.php?rest_route=%2Fwp%2Fv2%2Fmedia&parent=5263"}],"wp:term":[{"taxonomy":"category","embeddable":true,"href":"https:\/\/www.milosnicylasu.olsztyn.pl\/index.php?rest_route=%2Fwp%2Fv2%2Fcategories&post=5263"},{"taxonomy":"post_tag","embeddable":true,"href":"https:\/\/www.milosnicylasu.olsztyn.pl\/index.php?rest_route=%2Fwp%2Fv2%2Ftags&post=5263"}],"curies":[{"name":"wp","href":"https:\/\/api.w.org\/{rel}","templated":true}]}}