{"id":5266,"date":"2020-02-24T17:21:51","date_gmt":"2020-02-24T16:21:51","guid":{"rendered":"http:\/\/www.milosnicylasu.olsztyn.pl\/?p=5266"},"modified":"2020-02-24T17:21:51","modified_gmt":"2020-02-24T16:21:51","slug":"pamietamy-o-marianie-bublewiczu","status":"publish","type":"post","link":"https:\/\/www.milosnicylasu.olsztyn.pl\/?p=5266","title":{"rendered":"Pami\u0119tamy o Marianie Bublewiczu"},"content":{"rendered":"<p><a href=\"http:\/\/www.milosnicylasu.olsztyn.pl\/wp-content\/uploads\/2020\/02\/DSCN4924-www.jpg\" data-rel=\"lightbox-image-0\" data-magnific_type=\"image\" data-rl_title=\"\" data-rl_caption=\"\" title=\"\"><img loading=\"lazy\" decoding=\"async\" class=\"size-medium wp-image-5267 alignleft\" src=\"http:\/\/www.milosnicylasu.olsztyn.pl\/wp-content\/uploads\/2020\/02\/DSCN4924-www-300x225.jpg\" alt=\"\" width=\"300\" height=\"225\" srcset=\"https:\/\/www.milosnicylasu.olsztyn.pl\/wp-content\/uploads\/2020\/02\/DSCN4924-www-300x225.jpg 300w, https:\/\/www.milosnicylasu.olsztyn.pl\/wp-content\/uploads\/2020\/02\/DSCN4924-www-768x576.jpg 768w, https:\/\/www.milosnicylasu.olsztyn.pl\/wp-content\/uploads\/2020\/02\/DSCN4924-www.jpg 1024w\" sizes=\"auto, (max-width: 300px) 100vw, 300px\" \/><\/a>20 lutego 1993 roku, w szpitalu w L\u0105dku Zdroju zmar\u0142 Marian Bublewicz.\u00a0 Z tej okazji, podczas sobotniego rajdu 22 lutego 2020 roku odby\u0142 si\u0119 konkurs przygotowany przez Anatola Leszczy\u0144skiego a pytania dotyczy\u0142y \u017cycia i dorobku sportowego znanego olsztynianina. Poniewa\u017c konkurs by\u0142 wcze\u015bniej\u00a0 zapowiadany &#8211; rywalizacja by\u0142a ostra. Mogli\u015bmy sobie przypomnie\u0107 m.in. \u017ce:<\/p>\n<p>&#8211; urodzi\u0142 si\u0119 25 sierpnia\u00a0 1950 roku w Olsztynie<\/p>\n<p>&#8211; mia\u0142 dwa imiona Marian i Grzegorz<\/p>\n<p>&#8211; zmar\u0142 w wyniku obra\u017ce\u0144 doznanych w wypadku pod L\u0105dkiem<\/p>\n<p>&#8211; zosta\u0142 pochowany na cmentarzu komunalnym w Olsztynie, przy ul. Poprzecznej<\/p>\n<p>&#8211; jako wybitny zawodnik znalaz\u0142 si\u0119 w 1993 roku na\u00a0 priorytetowej li\u015bcie FIA na poz.31<\/p>\n<p>&#8211; napisano ksi\u0105\u017cki o Bublewiczu: &#8222;Odcinek Specjalny&#8221;, &#8221; O jeden zakr\u0119t za daleko&#8221; , &#8222;6 Bieg &#8211; wspomnienia o Bublewiczu&#8221;<\/p>\n<p>&#8211; w 2000 roku zosta\u0142 wybrany najlepszym kierowc\u0105 rajdowym XX wieku w plebiscycie &#8222;Auto moto i sport&#8221;<\/p>\n<p>To tylko kilka odpowiedzi na 26 pyta\u0144, kt\u00f3re pad\u0142y w konkursie. Zainteresowanych osob\u0105 Mariana odsy\u0142am do ksi\u0105\u017cek podanych wy\u017cej &#8211; a warto.<\/p>\n<p>Najlepsza wiedz\u0105, najwi\u0119ksz\u0105 ilo\u015b\u0107 punkt\u00f3w uzyska\u0142y <strong>kobiety.\u00a0 Zaskakuj\u0105ce?\u00a0 Samochody, rajdy, to taki m\u0119ski sport&#8230;&#8230; a jednak to kobiety by\u0142y g\u00f3r\u0105.<br \/>\n<\/strong><\/p>\n<p><strong>Pierwsze miejsce zaj\u0119\u0142a Stefania Jarczyk, II Danuta Barcz, III Teresa \u017bemojcin<\/strong><\/p>\n<p>Gratulujemy!<a href=\"http:\/\/www.milosnicylasu.olsztyn.pl\/wp-content\/uploads\/2020\/02\/DSCN4926-www.jpg\" data-rel=\"lightbox-image-1\" data-magnific_type=\"image\" data-rl_title=\"\" data-rl_caption=\"\" title=\"\"><img loading=\"lazy\" decoding=\"async\" class=\"size-medium wp-image-5268 alignright\" src=\"http:\/\/www.milosnicylasu.olsztyn.pl\/wp-content\/uploads\/2020\/02\/DSCN4926-www-300x225.jpg\" alt=\"\" width=\"300\" height=\"225\" srcset=\"https:\/\/www.milosnicylasu.olsztyn.pl\/wp-content\/uploads\/2020\/02\/DSCN4926-www-300x225.jpg 300w, https:\/\/www.milosnicylasu.olsztyn.pl\/wp-content\/uploads\/2020\/02\/DSCN4926-www-768x576.jpg 768w, https:\/\/www.milosnicylasu.olsztyn.pl\/wp-content\/uploads\/2020\/02\/DSCN4926-www.jpg 1024w\" sizes=\"auto, (max-width: 300px) 100vw, 300px\" \/><\/a><\/p>\n<p>Rajd przebiega\u0142 pi\u0119knym szlakiem wzd\u0142u\u017c\u00a0 \u0141yny, a jakie by\u0142y nastroje to chyba wida\u0107 na zdj\u0119ciu. Zach\u0119camy wszystkich cz\u0142onk\u00f3w i sympatyk\u00f3w Ko\u0142a na sobotnie spacery. Warto dla zdrowia !<\/p>\n<p>&nbsp;<\/p>\n<p>&nbsp;<\/p>\n","protected":false},"excerpt":{"rendered":"<p>20 lutego 1993 roku, w szpitalu w L\u0105dku Zdroju zmar\u0142 Marian Bublewicz.\u00a0 Z tej okazji, podczas sobotniego rajdu 22 lutego 2020 roku odby\u0142 si\u0119 konkurs przygotowany przez Anatola Leszczy\u0144skiego a pytania dotyczy\u0142y \u017cycia i dorobku sportowego znanego olsztynianina. Poniewa\u017c konkurs by\u0142 wcze\u015bniej\u00a0 zapowiadany &#8211; rywalizacja by\u0142a ostra. Mogli\u015bmy sobie przypomnie\u0107 m.in. \u017ce: &#8211; urodzi\u0142 si\u0119 [&hellip;]<\/p>\n","protected":false},"author":2,"featured_media":0,"comment_status":"open","ping_status":"open","sticky":false,"template":"","format":"standard","meta":{"footnotes":""},"categories":[1,9,17,15,2],"tags":[],"class_list":["post-5266","post","type-post","status-publish","format-standard","hentry","category-bez-kategorii","category-ciekawostki","category-edukacja-w-terenie","category-komkurs","category-rajdy"],"_links":{"self":[{"href":"https:\/\/www.milosnicylasu.olsztyn.pl\/index.php?rest_route=\/wp\/v2\/posts\/5266","targetHints":{"allow":["GET"]}}],"collection":[{"href":"https:\/\/www.milosnicylasu.olsztyn.pl\/index.php?rest_route=\/wp\/v2\/posts"}],"about":[{"href":"https:\/\/www.milosnicylasu.olsztyn.pl\/index.php?rest_route=\/wp\/v2\/types\/post"}],"author":[{"embeddable":true,"href":"https:\/\/www.milosnicylasu.olsztyn.pl\/index.php?rest_route=\/wp\/v2\/users\/2"}],"replies":[{"embeddable":true,"href":"https:\/\/www.milosnicylasu.olsztyn.pl\/index.php?rest_route=%2Fwp%2Fv2%2Fcomments&post=5266"}],"version-history":[{"count":1,"href":"https:\/\/www.milosnicylasu.olsztyn.pl\/index.php?rest_route=\/wp\/v2\/posts\/5266\/revisions"}],"predecessor-version":[{"id":5269,"href":"https:\/\/www.milosnicylasu.olsztyn.pl\/index.php?rest_route=\/wp\/v2\/posts\/5266\/revisions\/5269"}],"wp:attachment":[{"href":"https:\/\/www.milosnicylasu.olsztyn.pl\/index.php?rest_route=%2Fwp%2Fv2%2Fmedia&parent=5266"}],"wp:term":[{"taxonomy":"category","embeddable":true,"href":"https:\/\/www.milosnicylasu.olsztyn.pl\/index.php?rest_route=%2Fwp%2Fv2%2Fcategories&post=5266"},{"taxonomy":"post_tag","embeddable":true,"href":"https:\/\/www.milosnicylasu.olsztyn.pl\/index.php?rest_route=%2Fwp%2Fv2%2Ftags&post=5266"}],"curies":[{"name":"wp","href":"https:\/\/api.w.org\/{rel}","templated":true}]}}