{"id":5272,"date":"2020-02-25T07:05:17","date_gmt":"2020-02-25T06:05:17","guid":{"rendered":"http:\/\/www.milosnicylasu.olsztyn.pl\/?p=5272"},"modified":"2020-02-25T07:06:54","modified_gmt":"2020-02-25T06:06:54","slug":"szlakiem-starych-ratuszy","status":"publish","type":"post","link":"https:\/\/www.milosnicylasu.olsztyn.pl\/?p=5272","title":{"rendered":"&#8222;Szlakiem Starych Ratuszy&#8221; &#8230;&#8230;."},"content":{"rendered":"<p>29 lutego 2020 roku &#8211; w sobot\u0119 zapraszamy na wycieczk\u0119 do Ostr\u00f3dy, w ramach zaplanowanych wyjazd\u00f3w &#8222;Szlakiem Starych Ratuszy&#8221;. Zobaczymy ratusz i nie tylko&#8230;&#8230;&#8230;<\/p>\n<p>Wyjazd o godzinie 8.21 poci\u0105giem osobowym relacji Olsztyn- Malbork, peron IV Dworzec G\u0142\u00f3wny. Bilety kupujemy indywidualnie \/bilet dla seniora\/.W Ostr\u00f3dzie b\u0119dziemy o godz. 8.58. Planowany powr\u00f3t z Ostr\u00f3dy o godz. 13.06 poci\u0105g\u00a0 relacji Bydgoszcz &#8211; Olsztyn.<\/p>\n<p>Zapraszamy wszystkich cz\u0142onk\u00f3w Ko\u0142a ale te\u017c i sympatyk\u00f3w. Warto pozna\u0107 nasze pi\u0119kne okoliczne miasta z ich ciekawymi zabytkami.\u00a0 Wa\u017cne jest te\u017c, \u017ce sp\u0119dzimy sobot\u0119 w przyjaznym towarzystwie, a to podobno ( tak wyczyta\u0142am w internecie &#8211; ameryka\u0144skie badania wykaza\u0142y) jest zasadnicze dla naszego zdrowia, samopoczucia i d\u0142ugo\u015bci \u017cycia. A wi\u0119c warto! Do zobaczenia.<\/p>\n","protected":false},"excerpt":{"rendered":"<p>29 lutego 2020 roku &#8211; w sobot\u0119 zapraszamy na wycieczk\u0119 do Ostr\u00f3dy, w ramach zaplanowanych wyjazd\u00f3w &#8222;Szlakiem Starych Ratuszy&#8221;. Zobaczymy ratusz i nie tylko&#8230;&#8230;&#8230; Wyjazd o godzinie 8.21 poci\u0105giem osobowym relacji Olsztyn- Malbork, peron IV Dworzec G\u0142\u00f3wny. Bilety kupujemy indywidualnie \/bilet dla seniora\/.W Ostr\u00f3dzie b\u0119dziemy o godz. 8.58. Planowany powr\u00f3t z Ostr\u00f3dy o godz. 13.06 [&hellip;]<\/p>\n","protected":false},"author":2,"featured_media":0,"comment_status":"open","ping_status":"open","sticky":false,"template":"","format":"standard","meta":{"footnotes":""},"categories":[1,9,17,5],"tags":[],"class_list":["post-5272","post","type-post","status-publish","format-standard","hentry","category-bez-kategorii","category-ciekawostki","category-edukacja-w-terenie","category-wycieczki"],"_links":{"self":[{"href":"https:\/\/www.milosnicylasu.olsztyn.pl\/index.php?rest_route=\/wp\/v2\/posts\/5272","targetHints":{"allow":["GET"]}}],"collection":[{"href":"https:\/\/www.milosnicylasu.olsztyn.pl\/index.php?rest_route=\/wp\/v2\/posts"}],"about":[{"href":"https:\/\/www.milosnicylasu.olsztyn.pl\/index.php?rest_route=\/wp\/v2\/types\/post"}],"author":[{"embeddable":true,"href":"https:\/\/www.milosnicylasu.olsztyn.pl\/index.php?rest_route=\/wp\/v2\/users\/2"}],"replies":[{"embeddable":true,"href":"https:\/\/www.milosnicylasu.olsztyn.pl\/index.php?rest_route=%2Fwp%2Fv2%2Fcomments&post=5272"}],"version-history":[{"count":3,"href":"https:\/\/www.milosnicylasu.olsztyn.pl\/index.php?rest_route=\/wp\/v2\/posts\/5272\/revisions"}],"predecessor-version":[{"id":5275,"href":"https:\/\/www.milosnicylasu.olsztyn.pl\/index.php?rest_route=\/wp\/v2\/posts\/5272\/revisions\/5275"}],"wp:attachment":[{"href":"https:\/\/www.milosnicylasu.olsztyn.pl\/index.php?rest_route=%2Fwp%2Fv2%2Fmedia&parent=5272"}],"wp:term":[{"taxonomy":"category","embeddable":true,"href":"https:\/\/www.milosnicylasu.olsztyn.pl\/index.php?rest_route=%2Fwp%2Fv2%2Fcategories&post=5272"},{"taxonomy":"post_tag","embeddable":true,"href":"https:\/\/www.milosnicylasu.olsztyn.pl\/index.php?rest_route=%2Fwp%2Fv2%2Ftags&post=5272"}],"curies":[{"name":"wp","href":"https:\/\/api.w.org\/{rel}","templated":true}]}}