{"id":5277,"date":"2020-03-02T07:04:09","date_gmt":"2020-03-02T06:04:09","guid":{"rendered":"http:\/\/www.milosnicylasu.olsztyn.pl\/?p=5277"},"modified":"2020-03-02T07:54:05","modified_gmt":"2020-03-02T06:54:05","slug":"pierwsze-oznaki-wiosny-w-ostrodzie","status":"publish","type":"post","link":"https:\/\/www.milosnicylasu.olsztyn.pl\/?p=5277","title":{"rendered":"Pierwsze oznaki wiosny w Ostr\u00f3dzie"},"content":{"rendered":"<p><a href=\"http:\/\/www.milosnicylasu.olsztyn.pl\/wp-content\/uploads\/2020\/03\/DSCN4968-www.jpg\" data-rel=\"lightbox-image-0\" data-magnific_type=\"image\" data-rl_title=\"\" data-rl_caption=\"\" title=\"\"><img loading=\"lazy\" decoding=\"async\" class=\"size-medium wp-image-5286 alignleft\" src=\"http:\/\/www.milosnicylasu.olsztyn.pl\/wp-content\/uploads\/2020\/03\/DSCN4968-www-300x225.jpg\" alt=\"\" width=\"300\" height=\"225\" srcset=\"https:\/\/www.milosnicylasu.olsztyn.pl\/wp-content\/uploads\/2020\/03\/DSCN4968-www-300x225.jpg 300w, https:\/\/www.milosnicylasu.olsztyn.pl\/wp-content\/uploads\/2020\/03\/DSCN4968-www-768x576.jpg 768w, https:\/\/www.milosnicylasu.olsztyn.pl\/wp-content\/uploads\/2020\/03\/DSCN4968-www.jpg 1024w\" sizes=\"auto, (max-width: 300px) 100vw, 300px\" \/><\/a>29 lutego 2020 roku prezes Ko\u0142a Anatol Leszczy\u0144ski zaprosi\u0142 nas na wycieczk\u0119 do Ostr\u00f3dy. Byli\u015bmy tam kilka lat temu i byli\u015bmy zdumieni jak to miasto szybko si\u0119 zmienia, pi\u0119knieje. Wydawa\u0142oby si\u0119, \u017ce\u00a0 nie jest to najlepsza pora aby podziwia\u0107 uroki Ostr\u00f3dy, ale\u00a0 to tylko pozory.\u00a0 Przede wszystkim wida\u0107 doskonale wszystkie obiekty, drzewa pozbawione li\u015bci nie zas\u0142aniaj\u0105 a wr\u0119cz dodaj\u0105 uroku zabytkom.\u00a0 Wida\u0107 doskonale rozk\u0142ad ga\u0142\u0119zi r\u00f3\u017cnych drzew i krzew\u00f3w, czego nie zobaczyliby\u015bmy latem, a mo\u017ce ju\u017c nied\u0142ugo, bo budz\u0105ca si\u0119 przyrod\u0119 spotykali\u015bmy na ka\u017cdym kroku -zielone\u00a0 p\u0105czki na krzewach i krokusy na trawnikach. To bardzo dobry pomys\u0142 w\u0142odarzy miasta, aby zasadzi\u0107 ich &#8230;..tysi\u0105ce. <a href=\"http:\/\/www.milosnicylasu.olsztyn.pl\/wp-content\/uploads\/2020\/03\/DSCN4960-www.jpg\" data-rel=\"lightbox-image-1\" data-magnific_type=\"image\" data-rl_title=\"\" data-rl_caption=\"\" title=\"\"><img loading=\"lazy\" decoding=\"async\" class=\"size-medium wp-image-5278 alignleft\" src=\"http:\/\/www.milosnicylasu.olsztyn.pl\/wp-content\/uploads\/2020\/03\/DSCN4960-www-300x225.jpg\" alt=\"\" width=\"300\" height=\"225\" srcset=\"https:\/\/www.milosnicylasu.olsztyn.pl\/wp-content\/uploads\/2020\/03\/DSCN4960-www-300x225.jpg 300w, https:\/\/www.milosnicylasu.olsztyn.pl\/wp-content\/uploads\/2020\/03\/DSCN4960-www-768x576.jpg 768w, https:\/\/www.milosnicylasu.olsztyn.pl\/wp-content\/uploads\/2020\/03\/DSCN4960-www.jpg 1024w\" sizes=\"auto, (max-width: 300px) 100vw, 300px\" \/><\/a>Na razie wychylaj\u0105 si\u0119 nie\u015bmia\u0142o ale za tydzie\u0144 albo dwa b\u0119dzie to prawdziwa bajka.<\/p>\n<p><strong>Atrakcje w Ostr\u00f3dzie<br \/>\n<\/strong><\/p>\n<p>Ostr\u00f3da jest znacz\u0105cym o\u015brodkiem turystycznym, odwiedzanym ka\u017cdego roku przez tysi\u0105ce turyst\u00f3w polskich i zagranicznych, ale jak\u017ce si\u0119 temu dziwi\u0107, skoro le\u017cy ona nad pi\u0119cioma malowniczymi jeziorami, z kt\u00f3rych najwi\u0119ksze &#8211; Drw\u0119ckie, ma \u015bwietnie zagospodarowany brzeg umo\u017cliwiaj\u0105cy przyjemny wypoczynek i romantyczne spacery.<a href=\"http:\/\/www.milosnicylasu.olsztyn.pl\/wp-content\/uploads\/2020\/03\/DSCN4969-www.jpg\" data-rel=\"lightbox-image-2\" data-magnific_type=\"image\" data-rl_title=\"\" data-rl_caption=\"\" title=\"\"><img loading=\"lazy\" decoding=\"async\" class=\"size-medium wp-image-5279 alignright\" src=\"http:\/\/www.milosnicylasu.olsztyn.pl\/wp-content\/uploads\/2020\/03\/DSCN4969-www-300x225.jpg\" alt=\"\" width=\"300\" height=\"225\" srcset=\"https:\/\/www.milosnicylasu.olsztyn.pl\/wp-content\/uploads\/2020\/03\/DSCN4969-www-300x225.jpg 300w, https:\/\/www.milosnicylasu.olsztyn.pl\/wp-content\/uploads\/2020\/03\/DSCN4969-www-768x576.jpg 768w, https:\/\/www.milosnicylasu.olsztyn.pl\/wp-content\/uploads\/2020\/03\/DSCN4969-www.jpg 1024w\" sizes=\"auto, (max-width: 300px) 100vw, 300px\" \/><\/a><\/p>\n<p>Dodatkow\u0105 atrakcj\u0105 jest tutejsze molo w kszta\u0142cie litery &#8222;L&#8221; &#8211; najch\u0119tniej odwiedzane miejsce w Ostr\u00f3dzie. Blisko mola znajduje si\u0119 nowoczesny amfiteatr na 2500 miejsc, multimedia\u00a0 fontanna, w centrum kt\u00f3rej jest rze\u017aba rybaka.\u00a0\u00a0\u00a0 <a href=\"http:\/\/www.milosnicylasu.olsztyn.pl\/wp-content\/uploads\/2020\/03\/DSCN4955-www.jpg\" data-rel=\"lightbox-image-3\" data-magnific_type=\"image\" data-rl_title=\"\" data-rl_caption=\"\" title=\"\"><img loading=\"lazy\" decoding=\"async\" class=\"size-medium wp-image-5280 alignright\" src=\"http:\/\/www.milosnicylasu.olsztyn.pl\/wp-content\/uploads\/2020\/03\/DSCN4955-www-300x225.jpg\" alt=\"\" width=\"300\" height=\"225\" srcset=\"https:\/\/www.milosnicylasu.olsztyn.pl\/wp-content\/uploads\/2020\/03\/DSCN4955-www-300x225.jpg 300w, https:\/\/www.milosnicylasu.olsztyn.pl\/wp-content\/uploads\/2020\/03\/DSCN4955-www-768x576.jpg 768w, https:\/\/www.milosnicylasu.olsztyn.pl\/wp-content\/uploads\/2020\/03\/DSCN4955-www.jpg 1024w\" sizes=\"auto, (max-width: 300px) 100vw, 300px\" \/><\/a><\/p>\n<p>Molo w Ostr\u00f3dzie jest najwi\u0119kszym tego typu obiektem w Polsce. D\u0142ugo\u015b\u0107 ramion 50m i 30m, szeroko\u015b\u0107 8 m. W centralnej cz\u0119\u015bci umiejscowiona jest altana o\u015bmiok\u0105tna, z kt\u00f3rej mo\u017cna podziwia\u0107 uroki Jeziora Drw\u0119ckiego. \u00a0 W pobliskim parku\u00a0 s\u0105 te\u017c pi\u0119kne drewniane i ceramiczne rze\u017aby. <a href=\"http:\/\/www.milosnicylasu.olsztyn.pl\/wp-content\/uploads\/2020\/03\/DSCN4983-www.jpg\" data-rel=\"lightbox-image-4\" data-magnific_type=\"image\" data-rl_title=\"\" data-rl_caption=\"\" title=\"\"><img loading=\"lazy\" decoding=\"async\" class=\"size-medium wp-image-5283 alignleft\" src=\"http:\/\/www.milosnicylasu.olsztyn.pl\/wp-content\/uploads\/2020\/03\/DSCN4983-www-300x225.jpg\" alt=\"\" width=\"300\" height=\"225\" srcset=\"https:\/\/www.milosnicylasu.olsztyn.pl\/wp-content\/uploads\/2020\/03\/DSCN4983-www-300x225.jpg 300w, https:\/\/www.milosnicylasu.olsztyn.pl\/wp-content\/uploads\/2020\/03\/DSCN4983-www-768x576.jpg 768w, https:\/\/www.milosnicylasu.olsztyn.pl\/wp-content\/uploads\/2020\/03\/DSCN4983-www.jpg 1024w\" sizes=\"auto, (max-width: 300px) 100vw, 300px\" \/><\/a><\/p>\n<p>&nbsp;<\/p>\n<p><a href=\"http:\/\/www.milosnicylasu.olsztyn.pl\/wp-content\/uploads\/2020\/03\/DSCN4989-www.jpg\" data-rel=\"lightbox-image-5\" data-magnific_type=\"image\" data-rl_title=\"\" data-rl_caption=\"\" title=\"\"><img loading=\"lazy\" decoding=\"async\" class=\"alignnone size-medium wp-image-5284\" src=\"http:\/\/www.milosnicylasu.olsztyn.pl\/wp-content\/uploads\/2020\/03\/DSCN4989-www-300x225.jpg\" alt=\"\" width=\"300\" height=\"225\" srcset=\"https:\/\/www.milosnicylasu.olsztyn.pl\/wp-content\/uploads\/2020\/03\/DSCN4989-www-300x225.jpg 300w, https:\/\/www.milosnicylasu.olsztyn.pl\/wp-content\/uploads\/2020\/03\/DSCN4989-www-768x576.jpg 768w, https:\/\/www.milosnicylasu.olsztyn.pl\/wp-content\/uploads\/2020\/03\/DSCN4989-www.jpg 1024w\" sizes=\"auto, (max-width: 300px) 100vw, 300px\" \/><\/a><\/p>\n<p><strong>Zabytki Ostr\u00f3dy<\/strong><\/p>\n<p><em><strong>\u00a0<\/strong><\/em><\/p>\n<p><strong><a href=\"http:\/\/www.milosnicylasu.olsztyn.pl\/wp-content\/uploads\/2020\/03\/DSCN4991-www.jpg\" data-rel=\"lightbox-image-6\" data-magnific_type=\"image\" data-rl_title=\"\" data-rl_caption=\"\" title=\"\"><img loading=\"lazy\" decoding=\"async\" class=\"size-medium wp-image-5292 alignleft\" src=\"http:\/\/www.milosnicylasu.olsztyn.pl\/wp-content\/uploads\/2020\/03\/DSCN4991-www-300x225.jpg\" alt=\"\" width=\"300\" height=\"225\" srcset=\"https:\/\/www.milosnicylasu.olsztyn.pl\/wp-content\/uploads\/2020\/03\/DSCN4991-www-300x225.jpg 300w, https:\/\/www.milosnicylasu.olsztyn.pl\/wp-content\/uploads\/2020\/03\/DSCN4991-www-768x576.jpg 768w, https:\/\/www.milosnicylasu.olsztyn.pl\/wp-content\/uploads\/2020\/03\/DSCN4991-www.jpg 1024w\" sizes=\"auto, (max-width: 300px) 100vw, 300px\" \/><\/a>N<\/strong>ajstarszy zabytek budownictwa gotyckiego &#8211;<strong> zamek krzy\u017cacki\u00a0<\/strong> znajduje si\u0119 przy ul. Adama Mickiewicza 22. Pierwsza wzmianka o drewnianej warowni pochodzi z oko\u0142o 1300 r. Now\u0105 budowl\u0119 wzniesiono w latach 1349- 70. Po zniszczeniach z 1381 r. odbudowano zamek w latach 1407- 10, wtedy wzmocniono go murem i fos\u0105. Zamek posiada\u0142 trzy kondygnacje i wie\u017c\u0119. Zbudowany by\u0142 na planie prostok\u0105ta z wewn\u0119trznym dziedzi\u0144cem. Podczas po\u017caru w 1788 r., na skutek wybuchu zamkowej prochowni, wschodnie skrzyd\u0142o uleg\u0142o zniszczeniu. Otaczaj\u0105c\u0105 fos\u0119 zasypano w XVIII w. Budynek spalono doszcz\u0119tnie przez Armi\u0119 Czerwon\u0105 w 1945 r., odbudowano w latach 90. XX w. Obecnie mie\u015bci si\u0119 w nim Centrum Kultury i Muzeum. <a href=\"http:\/\/www.milosnicylasu.olsztyn.pl\/wp-content\/uploads\/2020\/03\/DSCN5005-www.jpg\" data-rel=\"lightbox-image-7\" data-magnific_type=\"image\" data-rl_title=\"\" data-rl_caption=\"\" title=\"\"><img loading=\"lazy\" decoding=\"async\" class=\"size-medium wp-image-5287 alignright\" src=\"http:\/\/www.milosnicylasu.olsztyn.pl\/wp-content\/uploads\/2020\/03\/DSCN5005-www-300x225.jpg\" alt=\"\" width=\"300\" height=\"225\" srcset=\"https:\/\/www.milosnicylasu.olsztyn.pl\/wp-content\/uploads\/2020\/03\/DSCN5005-www-300x225.jpg 300w, https:\/\/www.milosnicylasu.olsztyn.pl\/wp-content\/uploads\/2020\/03\/DSCN5005-www-768x576.jpg 768w, https:\/\/www.milosnicylasu.olsztyn.pl\/wp-content\/uploads\/2020\/03\/DSCN5005-www.jpg 1024w\" sizes=\"auto, (max-width: 300px) 100vw, 300px\" \/><\/a><\/p>\n<p><strong>Pomnik Jedno\u015bci Europejskiej &#8211;<\/strong><\/p>\n<p><strong><a href=\"http:\/\/www.milosnicylasu.olsztyn.pl\/wp-content\/uploads\/2020\/03\/DSCN4959-www.jpg\" data-rel=\"lightbox-image-8\" data-magnific_type=\"image\" data-rl_title=\"\" data-rl_caption=\"\" title=\"\"><img loading=\"lazy\" decoding=\"async\" class=\"size-medium wp-image-5288 alignleft\" src=\"http:\/\/www.milosnicylasu.olsztyn.pl\/wp-content\/uploads\/2020\/03\/DSCN4959-www-300x225.jpg\" alt=\"\" width=\"300\" height=\"225\" srcset=\"https:\/\/www.milosnicylasu.olsztyn.pl\/wp-content\/uploads\/2020\/03\/DSCN4959-www-300x225.jpg 300w, https:\/\/www.milosnicylasu.olsztyn.pl\/wp-content\/uploads\/2020\/03\/DSCN4959-www-768x576.jpg 768w, https:\/\/www.milosnicylasu.olsztyn.pl\/wp-content\/uploads\/2020\/03\/DSCN4959-www.jpg 1024w\" sizes=\"auto, (max-width: 300px) 100vw, 300px\" \/><\/a>Z<\/strong>lokalizowany przy Placu 1000-lecia. Przed II wojn\u0105 \u015bwiatow\u0105 tzw. Fontanna Trzech Cesarzy, ods\u0142oni\u0119ta w 1907 r. dla upami\u0119tnienia Wilhelma I, Fryderyka III i Wilhelma II, kt\u00f3rzy\u00a0 tym samym roku panowali w Niemczech. Pierwotny wygl\u0105d pomnikowi przywr\u00f3cono 1 maja 2004 roku, w dniu wej\u015bcia Polski do Unii Europejskiej.<\/p>\n<p>&nbsp;<\/p>\n<p><strong>Pomnik Tadeusza Ko\u015bciuszki<\/strong><\/p>\n<p><strong>Z<\/strong>lokalizowany przy ul. Adama Mickiewicza. Pomnik wykonali ostr\u00f3dzcy kajakarze tu\u017c po II wojnie \u015bwiatowej. Przed 1945 rokiem monument po\u015bwi\u0119cony by\u0142 mieszka\u0144com miasta poleg\u0142ym w wojnach pruskich z lat 1864-71.<\/p>\n<p><strong>Wie\u017ca Bismarcka<\/strong><\/p>\n<p><strong>W<\/strong> pobli\u017cu Parku Collisa znajduje si\u0119 dziesi\u0119ciometrowa wie\u017ca Bismarcka, przypominaj\u0105ca latarni\u0119 morsk\u0105. Zbudowana zosta\u0142a w 1902 roku z ciosanych kamieni. Jest to pierwsza tego typu budowla w Prusach Wschodnich, jedna z 17, kt\u00f3re zachowa\u0142y si\u0119 w Polsce do dzi\u015b. Co najmniej do 1905 roku, w urodziny kanclerza, w umieszczonej na jej szczycie miedzianej misie rozpalano ogie\u0144. Na po\u0142udniowej \u015bcianie podwaliny przymocowany by\u0142 kamie\u0144 z piaskowca z wykonan\u0105 \u00a0z br\u0105zu metrow\u0105 p\u0142askorze\u017ab\u0105 z wizerunku Otto von Bismarcka.<\/p>\n<p><strong>Budynek Urz\u0119du Miejskiego\u00a0 z<\/strong>budowany w stylu pseudoklasycystycznym w 1878 roku, a rozbudowany w 1901. Pierwotnie by\u0142 siedzib\u0105 \u00f3wczesnego starostwa powiatowego, a obecnie siedzib\u0105 Urz\u0119du Miasta.<\/p>\n<p><strong><a href=\"http:\/\/www.milosnicylasu.olsztyn.pl\/wp-content\/uploads\/2020\/03\/DSCN4956-www.jpg\" data-rel=\"lightbox-image-9\" data-magnific_type=\"image\" data-rl_title=\"\" data-rl_caption=\"\" title=\"\"><img loading=\"lazy\" decoding=\"async\" class=\"size-medium wp-image-5290 alignleft\" src=\"http:\/\/www.milosnicylasu.olsztyn.pl\/wp-content\/uploads\/2020\/03\/DSCN4956-www-300x225.jpg\" alt=\"\" width=\"300\" height=\"225\" srcset=\"https:\/\/www.milosnicylasu.olsztyn.pl\/wp-content\/uploads\/2020\/03\/DSCN4956-www-300x225.jpg 300w, https:\/\/www.milosnicylasu.olsztyn.pl\/wp-content\/uploads\/2020\/03\/DSCN4956-www-768x576.jpg 768w, https:\/\/www.milosnicylasu.olsztyn.pl\/wp-content\/uploads\/2020\/03\/DSCN4956-www.jpg 1024w\" sizes=\"auto, (max-width: 300px) 100vw, 300px\" \/><\/a><\/strong><\/p>\n<p>&nbsp;<\/p>\n<p><strong>Ratusz w Ostr\u00f3dzie <\/strong>\u00a0 Wybudowany w XVIII wieku, przebudowany w XIX wieku. W 1945 roku spalony przez \u017co\u0142nierzy radzieckich,\u00a0 dzi\u015b pi\u0119knie odbudowany- pobudowany na nowo w latach 2017-2018. To mo\u017ce nie najwa\u017cniejszy zabytek (?), kt\u00f3ry podziwiali\u015bmy w Ostr\u00f3dzie, ale to sztandarowa przecie\u017c pozycja naszych wypraw w 2020 roku <strong>&#8222;Szlakiem starych ratuszy Warmii i Mazur&#8221;.<\/strong><\/p>\n<p>&nbsp;<\/p>\n<p>&nbsp;<\/p>\n<p>&nbsp;<\/p>\n<p><strong>\u00a0<\/strong><\/p>\n","protected":false},"excerpt":{"rendered":"<p>29 lutego 2020 roku prezes Ko\u0142a Anatol Leszczy\u0144ski zaprosi\u0142 nas na wycieczk\u0119 do Ostr\u00f3dy. Byli\u015bmy tam kilka lat temu i byli\u015bmy zdumieni jak to miasto szybko si\u0119 zmienia, pi\u0119knieje. Wydawa\u0142oby si\u0119, \u017ce\u00a0 nie jest to najlepsza pora aby podziwia\u0107 uroki Ostr\u00f3dy, ale\u00a0 to tylko pozory.\u00a0 Przede wszystkim wida\u0107 doskonale wszystkie obiekty, drzewa pozbawione li\u015bci nie [&hellip;]<\/p>\n","protected":false},"author":2,"featured_media":0,"comment_status":"open","ping_status":"open","sticky":false,"template":"","format":"standard","meta":{"footnotes":""},"categories":[1,5],"tags":[],"class_list":["post-5277","post","type-post","status-publish","format-standard","hentry","category-bez-kategorii","category-wycieczki"],"_links":{"self":[{"href":"https:\/\/www.milosnicylasu.olsztyn.pl\/index.php?rest_route=\/wp\/v2\/posts\/5277","targetHints":{"allow":["GET"]}}],"collection":[{"href":"https:\/\/www.milosnicylasu.olsztyn.pl\/index.php?rest_route=\/wp\/v2\/posts"}],"about":[{"href":"https:\/\/www.milosnicylasu.olsztyn.pl\/index.php?rest_route=\/wp\/v2\/types\/post"}],"author":[{"embeddable":true,"href":"https:\/\/www.milosnicylasu.olsztyn.pl\/index.php?rest_route=\/wp\/v2\/users\/2"}],"replies":[{"embeddable":true,"href":"https:\/\/www.milosnicylasu.olsztyn.pl\/index.php?rest_route=%2Fwp%2Fv2%2Fcomments&post=5277"}],"version-history":[{"count":7,"href":"https:\/\/www.milosnicylasu.olsztyn.pl\/index.php?rest_route=\/wp\/v2\/posts\/5277\/revisions"}],"predecessor-version":[{"id":5295,"href":"https:\/\/www.milosnicylasu.olsztyn.pl\/index.php?rest_route=\/wp\/v2\/posts\/5277\/revisions\/5295"}],"wp:attachment":[{"href":"https:\/\/www.milosnicylasu.olsztyn.pl\/index.php?rest_route=%2Fwp%2Fv2%2Fmedia&parent=5277"}],"wp:term":[{"taxonomy":"category","embeddable":true,"href":"https:\/\/www.milosnicylasu.olsztyn.pl\/index.php?rest_route=%2Fwp%2Fv2%2Fcategories&post=5277"},{"taxonomy":"post_tag","embeddable":true,"href":"https:\/\/www.milosnicylasu.olsztyn.pl\/index.php?rest_route=%2Fwp%2Fv2%2Ftags&post=5277"}],"curies":[{"name":"wp","href":"https:\/\/api.w.org\/{rel}","templated":true}]}}