{"id":5298,"date":"2020-03-06T20:08:53","date_gmt":"2020-03-06T19:08:53","guid":{"rendered":"http:\/\/www.milosnicylasu.olsztyn.pl\/?p=5298"},"modified":"2020-03-06T20:21:06","modified_gmt":"2020-03-06T19:21:06","slug":"setne-spotkanie-ekologiczne-dzien-kobiet-nagrody-medale","status":"publish","type":"post","link":"https:\/\/www.milosnicylasu.olsztyn.pl\/?p=5298","title":{"rendered":"Setne spotkanie ekologiczne, Dzie\u0144 Kobiet, nagrody, medale&#8230;&#8230;&#8230;&#8230;&#8230;&#8230;."},"content":{"rendered":"<p><a href=\"http:\/\/www.milosnicylasu.olsztyn.pl\/wp-content\/uploads\/2020\/03\/DSCN5022-www.jpg\" data-rel=\"lightbox-image-0\" data-magnific_type=\"image\" data-rl_title=\"\" data-rl_caption=\"\" title=\"\"><img loading=\"lazy\" decoding=\"async\" class=\"size-medium wp-image-5299 alignleft\" src=\"http:\/\/www.milosnicylasu.olsztyn.pl\/wp-content\/uploads\/2020\/03\/DSCN5022-www-300x225.jpg\" alt=\"\" width=\"300\" height=\"225\" srcset=\"https:\/\/www.milosnicylasu.olsztyn.pl\/wp-content\/uploads\/2020\/03\/DSCN5022-www-300x225.jpg 300w, https:\/\/www.milosnicylasu.olsztyn.pl\/wp-content\/uploads\/2020\/03\/DSCN5022-www-768x576.jpg 768w, https:\/\/www.milosnicylasu.olsztyn.pl\/wp-content\/uploads\/2020\/03\/DSCN5022-www.jpg 1024w\" sizes=\"auto, (max-width: 300px) 100vw, 300px\" \/><\/a>5 marca 2020 roku, cz\u0142onkowie Ko\u0142a Mi\u0142o\u015bnik\u00f3w Lasu i Militari\u00f3w LOK przy ATW w Olsztynie spotkali si\u0119 po raz <strong>setny<\/strong> w Regionalnej Dyrekcji Las\u00f3w Pa\u0144stwowych w\u00a0 Olsztynie na\u00a0 czwartku ekologicznym. Trudno wymieni\u0107 tematy, kt\u00f3re przedstawiali nam wyk\u0142adowcy, g\u0142\u00f3wnie le\u015bnicy, ale te\u017c inni przyrodnicy np. pracownicy Wojew\u00f3dzkiej Dyrekcji Ochrony \u015arodowiska i Muzeum Przyrody. Dzi\u0119ki tej wiedzy\u00a0 lepiej znamy las, podziwiamy i rozumiemy prac\u0119 le\u015bnik\u00f3w a tak\u017ce mo\u017cemy zab\u0142ysn\u0105\u0107 w czasie konkurs\u00f3w le\u015bnych. Tak jak ostatnio Zdzisia Biernatowska, kt\u00f3ra wygra\u0142a taki konkurs w swoim so\u0142ectwie S\u0142upy. Gratulujemy!<a href=\"http:\/\/www.milosnicylasu.olsztyn.pl\/wp-content\/uploads\/2020\/03\/DSCN5019-www.jpg\" data-rel=\"lightbox-image-1\" data-magnific_type=\"image\" data-rl_title=\"\" data-rl_caption=\"\" title=\"\"><img loading=\"lazy\" decoding=\"async\" class=\"size-medium wp-image-5300 alignright\" src=\"http:\/\/www.milosnicylasu.olsztyn.pl\/wp-content\/uploads\/2020\/03\/DSCN5019-www-300x225.jpg\" alt=\"\" width=\"300\" height=\"225\" srcset=\"https:\/\/www.milosnicylasu.olsztyn.pl\/wp-content\/uploads\/2020\/03\/DSCN5019-www-300x225.jpg 300w, https:\/\/www.milosnicylasu.olsztyn.pl\/wp-content\/uploads\/2020\/03\/DSCN5019-www-768x576.jpg 768w, https:\/\/www.milosnicylasu.olsztyn.pl\/wp-content\/uploads\/2020\/03\/DSCN5019-www.jpg 1024w\" sizes=\"auto, (max-width: 300px) 100vw, 300px\" \/><\/a><\/p>\n<p>Wyj\u0105tkowe czwartkowe spotkanie zaszczyci\u0142 te\u017c go\u015b\u0107 wyj\u0105tkowy Adam Ge\u0142don, kt\u00f3ry jest jednym z najbardziej oczekiwanych wyk\u0142adowc\u00f3w. Przyrodnik, pracownik Nadle\u015bnictwa Spychowo, pasjonat i tropiciel wilk\u00f3w, koordynator najwi\u0119kszej w Polsce inwentaryzacji zimowej du\u017cych drapie\u017cnik\u00f3w prowadzonej przez le\u015bnik\u00f3w i my\u015bliwych. Badacz aktywno\u015bci wokalnej wilk\u00f3w, koordynator merytoryczny mi\u0119dzynarodowego obozu naukowego tropie\u0144 wilk\u00f3w w Bieszczadach \u201eWolf Expedition\u201d, edukator i trener w dziedzinie monitoringu, biologii i ekologii wilk\u00f3w. Adam Ge\u0142don\u00a0 ma te\u017c wiele innych bardzo ciekawych pasji o kt\u00f3rych nam opowiada\u0142 w poprzednich latach. Tym razem by\u0142o &#8230;..o wilkach. A o nich mo\u017ce Adam opowiada\u0107, opowiada\u0107&#8230;&#8230; My\u015bl\u0119, \u017ce przez te opowie\u015bci przestali\u015bmy si\u0119 wilk\u00f3w ba\u0107, zrozumieli\u015bmy ich zachowania a mo\u017ce troch\u0119 polubili\u015bmy te pi\u0119kne zwierz\u0119ta? Dzi\u0119kujemy Adamowi i do zobaczenia&#8230;&#8230;&#8230;..<\/p>\n<p><a href=\"http:\/\/www.milosnicylasu.olsztyn.pl\/wp-content\/uploads\/2020\/03\/DSCN5023-www.jpg\" data-rel=\"lightbox-image-2\" data-magnific_type=\"image\" data-rl_title=\"\" data-rl_caption=\"\" title=\"\"><img loading=\"lazy\" decoding=\"async\" class=\"size-medium wp-image-5301 alignleft\" src=\"http:\/\/www.milosnicylasu.olsztyn.pl\/wp-content\/uploads\/2020\/03\/DSCN5023-www-300x225.jpg\" alt=\"\" width=\"300\" height=\"225\" srcset=\"https:\/\/www.milosnicylasu.olsztyn.pl\/wp-content\/uploads\/2020\/03\/DSCN5023-www-300x225.jpg 300w, https:\/\/www.milosnicylasu.olsztyn.pl\/wp-content\/uploads\/2020\/03\/DSCN5023-www-768x576.jpg 768w, https:\/\/www.milosnicylasu.olsztyn.pl\/wp-content\/uploads\/2020\/03\/DSCN5023-www.jpg 1024w\" sizes=\"auto, (max-width: 300px) 100vw, 300px\" \/><\/a><a href=\"http:\/\/www.milosnicylasu.olsztyn.pl\/wp-content\/uploads\/2020\/03\/DSCN5035-www.jpg\" data-rel=\"lightbox-image-3\" data-magnific_type=\"image\" data-rl_title=\"\" data-rl_caption=\"\" title=\"\"><img loading=\"lazy\" decoding=\"async\" class=\"size-medium wp-image-5304 alignright\" src=\"http:\/\/www.milosnicylasu.olsztyn.pl\/wp-content\/uploads\/2020\/03\/DSCN5035-www-300x225.jpg\" alt=\"\" width=\"300\" height=\"225\" srcset=\"https:\/\/www.milosnicylasu.olsztyn.pl\/wp-content\/uploads\/2020\/03\/DSCN5035-www-300x225.jpg 300w, https:\/\/www.milosnicylasu.olsztyn.pl\/wp-content\/uploads\/2020\/03\/DSCN5035-www-768x576.jpg 768w, https:\/\/www.milosnicylasu.olsztyn.pl\/wp-content\/uploads\/2020\/03\/DSCN5035-www.jpg 1024w\" sizes=\"auto, (max-width: 300px) 100vw, 300px\" \/><\/a>Podobno obchodzenie \u015awi\u0119ta Kobiet to ju\u017c troch\u0119 nie modne. Nie wiem dlaczego. My\u015bl\u0119, \u017ce to fajny dzie\u0144, szczeg\u00f3lnie taki jaki obchodzili\u015bmy par\u0119 dni wcze\u015bniej, czyli 5 marca. Pocz\u0119stowano nas pysznymi s\u0142odyczami a p\u00f3\u017aniej by\u0142a niespodzianka przygotowana przez Adama Siemakowicza &#8211; do u\u0142o\u017cenia 25 puzli.<a href=\"http:\/\/www.milosnicylasu.olsztyn.pl\/wp-content\/uploads\/2020\/03\/DSCN5025-www.jpg\" data-rel=\"lightbox-image-4\" data-magnific_type=\"image\" data-rl_title=\"\" data-rl_caption=\"\" title=\"\"><img loading=\"lazy\" decoding=\"async\" class=\"size-medium wp-image-5313 alignleft\" src=\"http:\/\/www.milosnicylasu.olsztyn.pl\/wp-content\/uploads\/2020\/03\/DSCN5025-www-300x225.jpg\" alt=\"\" width=\"300\" height=\"225\" srcset=\"https:\/\/www.milosnicylasu.olsztyn.pl\/wp-content\/uploads\/2020\/03\/DSCN5025-www-300x225.jpg 300w, https:\/\/www.milosnicylasu.olsztyn.pl\/wp-content\/uploads\/2020\/03\/DSCN5025-www-768x576.jpg 768w, https:\/\/www.milosnicylasu.olsztyn.pl\/wp-content\/uploads\/2020\/03\/DSCN5025-www.jpg 1024w\" sizes=\"auto, (max-width: 300px) 100vw, 300px\" \/><\/a> W zamierzeniach mia\u0142y uk\u0142ada\u0107 panie, ale panowie te\u017c uk\u0142adali i trzeba powiedzie\u0107, \u017ce w wielu przypadkach wyprzedzili p\u0142e\u0107 pi\u0119kn\u0105 i jak\u0105 mieli satysfakcj\u0119!<\/p>\n<p>Inn\u0105 niespodziank\u0119 przygotowa\u0142 prezes Ko\u0142a Anatol Leszczy\u0144ski &#8211; loteri\u0119, w kt\u00f3rej nie by\u0142o los\u00f3w pustych, wszyscy obecni na zebraniu wygrali fanty.<a href=\"http:\/\/www.milosnicylasu.olsztyn.pl\/wp-content\/uploads\/2020\/03\/DSCN5046-www.jpg\" data-rel=\"lightbox-image-5\" data-magnific_type=\"image\" data-rl_title=\"\" data-rl_caption=\"\" title=\"\"><img loading=\"lazy\" decoding=\"async\" class=\"size-medium wp-image-5306 alignright\" src=\"http:\/\/www.milosnicylasu.olsztyn.pl\/wp-content\/uploads\/2020\/03\/DSCN5046-www-300x225.jpg\" alt=\"\" width=\"300\" height=\"225\" srcset=\"https:\/\/www.milosnicylasu.olsztyn.pl\/wp-content\/uploads\/2020\/03\/DSCN5046-www-300x225.jpg 300w, https:\/\/www.milosnicylasu.olsztyn.pl\/wp-content\/uploads\/2020\/03\/DSCN5046-www-768x576.jpg 768w, https:\/\/www.milosnicylasu.olsztyn.pl\/wp-content\/uploads\/2020\/03\/DSCN5046-www.jpg 1024w\" sizes=\"auto, (max-width: 300px) 100vw, 300px\" \/><\/a><\/p>\n<p>&nbsp;<\/p>\n<p>Ostatni okres obfitowa\u0142 w r\u00f3\u017cne konkury, zawody strzeleckie. By\u0142a okazja wykaza\u0107 si\u0119 wiedz\u0105, umiej\u0119tno\u015bciami strzeleckimi. Zas\u0142u\u017cyli na nagrody, medale.<a href=\"http:\/\/www.milosnicylasu.olsztyn.pl\/wp-content\/uploads\/2020\/03\/DSCN5036-www.jpg\" data-rel=\"lightbox-image-6\" data-magnific_type=\"image\" data-rl_title=\"\" data-rl_caption=\"\" title=\"\"><img loading=\"lazy\" decoding=\"async\" class=\"size-medium wp-image-5307 alignleft\" src=\"http:\/\/www.milosnicylasu.olsztyn.pl\/wp-content\/uploads\/2020\/03\/DSCN5036-www-300x225.jpg\" alt=\"\" width=\"300\" height=\"225\" srcset=\"https:\/\/www.milosnicylasu.olsztyn.pl\/wp-content\/uploads\/2020\/03\/DSCN5036-www-300x225.jpg 300w, https:\/\/www.milosnicylasu.olsztyn.pl\/wp-content\/uploads\/2020\/03\/DSCN5036-www-768x576.jpg 768w, https:\/\/www.milosnicylasu.olsztyn.pl\/wp-content\/uploads\/2020\/03\/DSCN5036-www.jpg 1024w\" sizes=\"auto, (max-width: 300px) 100vw, 300px\" \/><\/a><a href=\"http:\/\/www.milosnicylasu.olsztyn.pl\/wp-content\/uploads\/2020\/03\/DSCN5042-www.jpg\" data-rel=\"lightbox-image-7\" data-magnific_type=\"image\" data-rl_title=\"\" data-rl_caption=\"\" title=\"\"><img loading=\"lazy\" decoding=\"async\" class=\"size-medium wp-image-5308 alignright\" src=\"http:\/\/www.milosnicylasu.olsztyn.pl\/wp-content\/uploads\/2020\/03\/DSCN5042-www-300x225.jpg\" alt=\"\" width=\"300\" height=\"225\" srcset=\"https:\/\/www.milosnicylasu.olsztyn.pl\/wp-content\/uploads\/2020\/03\/DSCN5042-www-300x225.jpg 300w, https:\/\/www.milosnicylasu.olsztyn.pl\/wp-content\/uploads\/2020\/03\/DSCN5042-www-768x576.jpg 768w, https:\/\/www.milosnicylasu.olsztyn.pl\/wp-content\/uploads\/2020\/03\/DSCN5042-www.jpg 1024w\" sizes=\"auto, (max-width: 300px) 100vw, 300px\" \/><\/a><\/p>\n<p>&nbsp;<\/p>\n<div id=\"w2g-slot6-art\" class=\"w2g w2g-slot6-art-loaded\">\n<div id=\"\/94840879\/wm_art_rec_srod\" data-google-query-id=\"CK3WzP-vhugCFYOUmgodzqwBeQ\">\n<div id=\"google_ads_iframe_\/94840879\/wm_art_rec_srod_0__container__\"><iframe loading=\"lazy\" id=\"google_ads_iframe_\/94840879\/wm_art_rec_srod_0\" title=\"3rd party ad content\" src=\"https:\/\/tpc.googlesyndication.com\/safeframe\/1-0-37\/html\/container.html\" name=\"\" width=\"1\" height=\"1\" frameborder=\"0\" marginwidth=\"0\" marginheight=\"0\" scrolling=\"no\" data-is-safeframe=\"true\" data-google-container-id=\"7\" data-load-complete=\"true\" data-mce-fragment=\"1\"><\/iframe><\/div>\n<\/div>\n<\/div>\n<div id=\"w2g-slot6-art\" class=\"w2g w2g-slot6-art-loaded\">\n<div class=\"label label-wtg\"><\/div>\n<div id=\"\/94840879\/wm_art_rec_srod\" data-google-query-id=\"CK3WzP-vhugCFYOUmgodzqwBeQ\">\n<div id=\"google_ads_iframe_\/94840879\/wm_art_rec_srod_0__container__\"><iframe loading=\"lazy\" id=\"google_ads_iframe_\/94840879\/wm_art_rec_srod_0\" title=\"3rd party ad content\" src=\"https:\/\/tpc.googlesyndication.com\/safeframe\/1-0-37\/html\/container.html\" name=\"\" width=\"1\" height=\"1\" frameborder=\"0\" marginwidth=\"0\" marginheight=\"0\" scrolling=\"no\" data-is-safeframe=\"true\" data-google-container-id=\"7\" data-load-complete=\"true\" data-mce-fragment=\"1\"><\/iframe><\/div>\n<\/div>\n<\/div>\n<div class=\"art-text intextAd\"><\/div>\n<div><\/div>\n<div><\/div>\n<div><\/div>\n<div><a href=\"http:\/\/www.milosnicylasu.olsztyn.pl\/wp-content\/uploads\/2020\/03\/DSCN5044-www.jpg\" data-rel=\"lightbox-image-8\" data-magnific_type=\"image\" data-rl_title=\"\" data-rl_caption=\"\" title=\"\"><img loading=\"lazy\" decoding=\"async\" class=\"size-medium wp-image-5311 alignleft\" src=\"http:\/\/www.milosnicylasu.olsztyn.pl\/wp-content\/uploads\/2020\/03\/DSCN5044-www-300x225.jpg\" alt=\"\" width=\"300\" height=\"225\" srcset=\"https:\/\/www.milosnicylasu.olsztyn.pl\/wp-content\/uploads\/2020\/03\/DSCN5044-www-300x225.jpg 300w, https:\/\/www.milosnicylasu.olsztyn.pl\/wp-content\/uploads\/2020\/03\/DSCN5044-www-768x576.jpg 768w, https:\/\/www.milosnicylasu.olsztyn.pl\/wp-content\/uploads\/2020\/03\/DSCN5044-www.jpg 1024w\" sizes=\"auto, (max-width: 300px) 100vw, 300px\" \/><\/a><\/div>\n<div><\/div>\n<div><strong>A najbardziej z nagr\u00f3d ucieszyli si\u0119\u00a0 zwyci\u0119zcy konkursu o Marianie Bublewiczu &#8211; wygrali samochody.<\/strong><a href=\"http:\/\/www.milosnicylasu.olsztyn.pl\/wp-content\/uploads\/2020\/03\/DSCN5038-www.jpg\" data-rel=\"lightbox-image-9\" data-magnific_type=\"image\" data-rl_title=\"\" data-rl_caption=\"\" title=\"\"><img loading=\"lazy\" decoding=\"async\" class=\"size-medium wp-image-5310 alignright\" src=\"http:\/\/www.milosnicylasu.olsztyn.pl\/wp-content\/uploads\/2020\/03\/DSCN5038-www-300x225.jpg\" alt=\"\" width=\"300\" height=\"225\" srcset=\"https:\/\/www.milosnicylasu.olsztyn.pl\/wp-content\/uploads\/2020\/03\/DSCN5038-www-300x225.jpg 300w, https:\/\/www.milosnicylasu.olsztyn.pl\/wp-content\/uploads\/2020\/03\/DSCN5038-www-768x576.jpg 768w, https:\/\/www.milosnicylasu.olsztyn.pl\/wp-content\/uploads\/2020\/03\/DSCN5038-www.jpg 1024w\" sizes=\"auto, (max-width: 300px) 100vw, 300px\" \/><\/a><\/div>\n","protected":false},"excerpt":{"rendered":"<p>5 marca 2020 roku, cz\u0142onkowie Ko\u0142a Mi\u0142o\u015bnik\u00f3w Lasu i Militari\u00f3w LOK przy ATW w Olsztynie spotkali si\u0119 po raz setny w Regionalnej Dyrekcji Las\u00f3w Pa\u0144stwowych w\u00a0 Olsztynie na\u00a0 czwartku ekologicznym. Trudno wymieni\u0107 tematy, kt\u00f3re przedstawiali nam wyk\u0142adowcy, g\u0142\u00f3wnie le\u015bnicy, ale te\u017c inni przyrodnicy np. pracownicy Wojew\u00f3dzkiej Dyrekcji Ochrony \u015arodowiska i Muzeum Przyrody. Dzi\u0119ki tej wiedzy\u00a0 [&hellip;]<\/p>\n","protected":false},"author":2,"featured_media":0,"comment_status":"open","ping_status":"open","sticky":false,"template":"","format":"standard","meta":{"footnotes":""},"categories":[1,9,15,3],"tags":[],"class_list":["post-5298","post","type-post","status-publish","format-standard","hentry","category-bez-kategorii","category-ciekawostki","category-komkurs","category-zebrania"],"_links":{"self":[{"href":"https:\/\/www.milosnicylasu.olsztyn.pl\/index.php?rest_route=\/wp\/v2\/posts\/5298","targetHints":{"allow":["GET"]}}],"collection":[{"href":"https:\/\/www.milosnicylasu.olsztyn.pl\/index.php?rest_route=\/wp\/v2\/posts"}],"about":[{"href":"https:\/\/www.milosnicylasu.olsztyn.pl\/index.php?rest_route=\/wp\/v2\/types\/post"}],"author":[{"embeddable":true,"href":"https:\/\/www.milosnicylasu.olsztyn.pl\/index.php?rest_route=\/wp\/v2\/users\/2"}],"replies":[{"embeddable":true,"href":"https:\/\/www.milosnicylasu.olsztyn.pl\/index.php?rest_route=%2Fwp%2Fv2%2Fcomments&post=5298"}],"version-history":[{"count":3,"href":"https:\/\/www.milosnicylasu.olsztyn.pl\/index.php?rest_route=\/wp\/v2\/posts\/5298\/revisions"}],"predecessor-version":[{"id":5315,"href":"https:\/\/www.milosnicylasu.olsztyn.pl\/index.php?rest_route=\/wp\/v2\/posts\/5298\/revisions\/5315"}],"wp:attachment":[{"href":"https:\/\/www.milosnicylasu.olsztyn.pl\/index.php?rest_route=%2Fwp%2Fv2%2Fmedia&parent=5298"}],"wp:term":[{"taxonomy":"category","embeddable":true,"href":"https:\/\/www.milosnicylasu.olsztyn.pl\/index.php?rest_route=%2Fwp%2Fv2%2Fcategories&post=5298"},{"taxonomy":"post_tag","embeddable":true,"href":"https:\/\/www.milosnicylasu.olsztyn.pl\/index.php?rest_route=%2Fwp%2Fv2%2Ftags&post=5298"}],"curies":[{"name":"wp","href":"https:\/\/api.w.org\/{rel}","templated":true}]}}