{"id":5317,"date":"2020-03-10T22:38:42","date_gmt":"2020-03-10T21:38:42","guid":{"rendered":"http:\/\/www.milosnicylasu.olsztyn.pl\/?p=5317"},"modified":"2020-03-10T22:46:25","modified_gmt":"2020-03-10T21:46:25","slug":"5317","status":"publish","type":"post","link":"https:\/\/www.milosnicylasu.olsztyn.pl\/?p=5317","title":{"rendered":"Czy\u017cby wiosna?"},"content":{"rendered":"<p>&nbsp;<\/p>\n<p><a href=\"http:\/\/www.milosnicylasu.olsztyn.pl\/wp-content\/uploads\/2020\/03\/DSCN5091-www.jpg\" data-rel=\"lightbox-image-0\" data-magnific_type=\"image\" data-rl_title=\"\" data-rl_caption=\"\" title=\"\"><img loading=\"lazy\" decoding=\"async\" class=\"size-medium wp-image-5319 alignleft\" src=\"http:\/\/www.milosnicylasu.olsztyn.pl\/wp-content\/uploads\/2020\/03\/DSCN5091-www-300x225.jpg\" alt=\"\" width=\"300\" height=\"225\" srcset=\"https:\/\/www.milosnicylasu.olsztyn.pl\/wp-content\/uploads\/2020\/03\/DSCN5091-www-300x225.jpg 300w, https:\/\/www.milosnicylasu.olsztyn.pl\/wp-content\/uploads\/2020\/03\/DSCN5091-www-768x576.jpg 768w, https:\/\/www.milosnicylasu.olsztyn.pl\/wp-content\/uploads\/2020\/03\/DSCN5091-www.jpg 1024w\" sizes=\"auto, (max-width: 300px) 100vw, 300px\" \/><\/a>Wiosna przysz\u0142a tego roku bardzo szybko.\u00a0 Pierwsza po\u0142owa marca\u00a0 a w lesie przylaszczki, przebi\u015bniegi, \u015bnie\u017cyce, a na dzia\u0142ce nad Wad\u0105giem wszystkie te wiosenne kwiaty i jeszcze dorodne krokusy. Podejrzewam, \u017ce Tereska specjalnie na sobotni spacer ubra\u0142a si\u0119 w kolory pasuj\u0105ce do &#8230;&#8230;..<\/p>\n<p>&nbsp;<\/p>\n<p><a href=\"http:\/\/www.milosnicylasu.olsztyn.pl\/wp-content\/uploads\/2020\/03\/DSCN5049-www.jpg\" data-rel=\"lightbox-image-1\" data-magnific_type=\"image\" data-rl_title=\"\" data-rl_caption=\"\" title=\"\"><img loading=\"lazy\" decoding=\"async\" class=\"size-medium wp-image-5318 alignright\" src=\"http:\/\/www.milosnicylasu.olsztyn.pl\/wp-content\/uploads\/2020\/03\/DSCN5049-www-300x225.jpg\" alt=\"\" width=\"300\" height=\"225\" srcset=\"https:\/\/www.milosnicylasu.olsztyn.pl\/wp-content\/uploads\/2020\/03\/DSCN5049-www-300x225.jpg 300w, https:\/\/www.milosnicylasu.olsztyn.pl\/wp-content\/uploads\/2020\/03\/DSCN5049-www-768x576.jpg 768w, https:\/\/www.milosnicylasu.olsztyn.pl\/wp-content\/uploads\/2020\/03\/DSCN5049-www.jpg 1024w\" sizes=\"auto, (max-width: 300px) 100vw, 300px\" \/><\/a><\/p>\n<p>&nbsp;<\/p>\n<p>A przylaszczka jest ro\u015blin\u0105 z rodziny jaskrowatych. W \u00a0Polsce wyst\u0119puje tylko 1 gatunek \u2013<strong> przylaszczka pospolita<\/strong>. C\u00f3\u017c za dziwna nazwa. Jak mo\u017cna ten pi\u0119kny kwiatuszek uzna\u0107, \u017ce jest &#8222;pospolity&#8221;?<\/p>\n<p>&nbsp;<\/p>\n<p>&nbsp;<\/p>\n<p>A co o kwiatach wiosennych pisa\u0142a Maria Konopnicka <em>( wiersz z cyklu Nasze kwiaty)<a href=\"http:\/\/www.milosnicylasu.olsztyn.pl\/wp-content\/uploads\/2020\/03\/DSCN5092-www.jpg\" data-rel=\"lightbox-image-2\" data-magnific_type=\"image\" data-rl_title=\"\" data-rl_caption=\"\" title=\"\"><img loading=\"lazy\" decoding=\"async\" class=\"size-medium wp-image-5320 alignleft\" src=\"http:\/\/www.milosnicylasu.olsztyn.pl\/wp-content\/uploads\/2020\/03\/DSCN5092-www-300x225.jpg\" alt=\"\" width=\"300\" height=\"225\" srcset=\"https:\/\/www.milosnicylasu.olsztyn.pl\/wp-content\/uploads\/2020\/03\/DSCN5092-www-300x225.jpg 300w, https:\/\/www.milosnicylasu.olsztyn.pl\/wp-content\/uploads\/2020\/03\/DSCN5092-www-768x576.jpg 768w, https:\/\/www.milosnicylasu.olsztyn.pl\/wp-content\/uploads\/2020\/03\/DSCN5092-www.jpg 1024w\" sizes=\"auto, (max-width: 300px) 100vw, 300px\" \/><\/a><\/em><\/p>\n<ul>\n<li>Jeszcze \u015bnie\u017cek pr\u00f3szy,<br \/>\nJeszcze ch\u0142odny ranek,<br \/>\nA ju\u017c w cichym lesie<br \/>\nZakwita sasanek.<br \/>\nA za nim przylaszczka<br \/>\nWychyla si\u0119 z p\u0105czka<br \/>\nI mleczem si\u0119 \u017c\u00f3\u0142tym<br \/>\nZ\u0142oci ca\u0142a \u0142\u0105czka.<\/p>\n<ul>\n<li><\/li>\n<\/ul>\n<\/li>\n<\/ul>\n<p>Na dzia\u0142ce rosn\u0105 te\u017c sasanki, ale chyba co\u015b si\u0119 pomyli\u0142o Pani Marii &#8211; przylaszczki to tak, ale jeszcze troch\u0119 trzeba poczeka\u0107 aby zakwit\u0142y sasanki i jeszcze p\u00f3\u017aniej \u017c\u00f3\u0142te mlecze.<\/p>\n<p><strong>\u00a0<\/strong><\/p>\n","protected":false},"excerpt":{"rendered":"<p>&nbsp; Wiosna przysz\u0142a tego roku bardzo szybko.\u00a0 Pierwsza po\u0142owa marca\u00a0 a w lesie przylaszczki, przebi\u015bniegi, \u015bnie\u017cyce, a na dzia\u0142ce nad Wad\u0105giem wszystkie te wiosenne kwiaty i jeszcze dorodne krokusy. Podejrzewam, \u017ce Tereska specjalnie na sobotni spacer ubra\u0142a si\u0119 w kolory pasuj\u0105ce do &#8230;&#8230;.. &nbsp; &nbsp; A przylaszczka jest ro\u015blin\u0105 z rodziny jaskrowatych. W \u00a0Polsce wyst\u0119puje [&hellip;]<\/p>\n","protected":false},"author":2,"featured_media":0,"comment_status":"open","ping_status":"open","sticky":false,"template":"","format":"standard","meta":{"footnotes":""},"categories":[1,9,17,2],"tags":[],"class_list":["post-5317","post","type-post","status-publish","format-standard","hentry","category-bez-kategorii","category-ciekawostki","category-edukacja-w-terenie","category-rajdy"],"_links":{"self":[{"href":"https:\/\/www.milosnicylasu.olsztyn.pl\/index.php?rest_route=\/wp\/v2\/posts\/5317","targetHints":{"allow":["GET"]}}],"collection":[{"href":"https:\/\/www.milosnicylasu.olsztyn.pl\/index.php?rest_route=\/wp\/v2\/posts"}],"about":[{"href":"https:\/\/www.milosnicylasu.olsztyn.pl\/index.php?rest_route=\/wp\/v2\/types\/post"}],"author":[{"embeddable":true,"href":"https:\/\/www.milosnicylasu.olsztyn.pl\/index.php?rest_route=\/wp\/v2\/users\/2"}],"replies":[{"embeddable":true,"href":"https:\/\/www.milosnicylasu.olsztyn.pl\/index.php?rest_route=%2Fwp%2Fv2%2Fcomments&post=5317"}],"version-history":[{"count":7,"href":"https:\/\/www.milosnicylasu.olsztyn.pl\/index.php?rest_route=\/wp\/v2\/posts\/5317\/revisions"}],"predecessor-version":[{"id":5327,"href":"https:\/\/www.milosnicylasu.olsztyn.pl\/index.php?rest_route=\/wp\/v2\/posts\/5317\/revisions\/5327"}],"wp:attachment":[{"href":"https:\/\/www.milosnicylasu.olsztyn.pl\/index.php?rest_route=%2Fwp%2Fv2%2Fmedia&parent=5317"}],"wp:term":[{"taxonomy":"category","embeddable":true,"href":"https:\/\/www.milosnicylasu.olsztyn.pl\/index.php?rest_route=%2Fwp%2Fv2%2Fcategories&post=5317"},{"taxonomy":"post_tag","embeddable":true,"href":"https:\/\/www.milosnicylasu.olsztyn.pl\/index.php?rest_route=%2Fwp%2Fv2%2Ftags&post=5317"}],"curies":[{"name":"wp","href":"https:\/\/api.w.org\/{rel}","templated":true}]}}