{"id":532,"date":"2013-06-17T14:17:07","date_gmt":"2013-06-17T12:17:07","guid":{"rendered":"http:\/\/www.milosnicylasu.olsztyn.pl\/?p=532"},"modified":"2013-06-17T14:17:39","modified_gmt":"2013-06-17T12:17:39","slug":"jest-takie-miejsce-krynoczka","status":"publish","type":"post","link":"https:\/\/www.milosnicylasu.olsztyn.pl\/?p=532","title":{"rendered":"Jest takie miejsce&#8230;&#8230;&#8230;.Krynoczka"},"content":{"rendered":"<p>&nbsp;<\/p>\n<p><b><a href=\"http:\/\/www.milosnicylasu.olsztyn.pl\/wp-content\/uploads\/2013\/06\/PICT3016.jpg-www.jpg\" data-rel=\"lightbox-image-0\" data-magnific_type=\"image\" data-rl_title=\"\" data-rl_caption=\"\" title=\"\"><img loading=\"lazy\" decoding=\"async\" class=\"alignleft size-medium wp-image-537\" alt=\"PICT3016.jpg-www\" src=\"http:\/\/www.milosnicylasu.olsztyn.pl\/wp-content\/uploads\/2013\/06\/PICT3016.jpg-www-300x225.jpg\" width=\"300\" height=\"225\" srcset=\"https:\/\/www.milosnicylasu.olsztyn.pl\/wp-content\/uploads\/2013\/06\/PICT3016.jpg-www-300x225.jpg 300w, https:\/\/www.milosnicylasu.olsztyn.pl\/wp-content\/uploads\/2013\/06\/PICT3016.jpg-www-400x300.jpg 400w, https:\/\/www.milosnicylasu.olsztyn.pl\/wp-content\/uploads\/2013\/06\/PICT3016.jpg-www.jpg 1024w\" sizes=\"auto, (max-width: 300px) 100vw, 300px\" \/><\/a><\/b><\/p>\n<p>&nbsp;<\/p>\n<p><b>Krynoczka<\/b> (<i>\u015awi\u0119ta Krynoczka<\/i>) \u2013 \u0179r\u00f3d\u0142o, po\u0142o\u017cone 3 km od Hajn\u00f3wki\u00a0 uznawane przez wiernych Ko\u015bcio\u0142a prawos\u0142awnego za cudowne<a href=\"http:\/\/www.milosnicylasu.olsztyn.pl\/wp-content\/uploads\/2013\/06\/PICT3010.jpg-www.jpg\" data-rel=\"lightbox-image-1\" data-magnific_type=\"image\" data-rl_title=\"\" data-rl_caption=\"\" title=\"\"><img loading=\"lazy\" decoding=\"async\" class=\"size-medium wp-image-535 alignright\" alt=\"PICT3010.jpg-www\" src=\"http:\/\/www.milosnicylasu.olsztyn.pl\/wp-content\/uploads\/2013\/06\/PICT3010.jpg-www-300x225.jpg\" width=\"300\" height=\"225\" srcset=\"https:\/\/www.milosnicylasu.olsztyn.pl\/wp-content\/uploads\/2013\/06\/PICT3010.jpg-www-300x225.jpg 300w, https:\/\/www.milosnicylasu.olsztyn.pl\/wp-content\/uploads\/2013\/06\/PICT3010.jpg-www-400x300.jpg 400w, https:\/\/www.milosnicylasu.olsztyn.pl\/wp-content\/uploads\/2013\/06\/PICT3010.jpg-www.jpg 1024w\" sizes=\"auto, (max-width: 300px) 100vw, 300px\" \/><\/a><\/p>\n<p>&nbsp;<\/p>\n<p>.<\/p>\n<p>Jest ono miejscem dorocznych pielgrzymek na uroczysto\u015b\u0107 \u015awi\u0119tej Tr\u00f3jcy. W pobli\u017cu stoi wzniesiona w 1846 drewniana cerkiew pod wezwaniem \u015awi\u0119tych Braci Machabeusz\u00f3w.<\/p>\n<p><a title=\"Cerkiew \u015awi\u0119tych Braci Machabeusz\u00f3w w uroczysku Krynoczka\" href=\"http:\/\/pl.wikipedia.org\/wiki\/Cerkiew_%C5%9Awi%C4%99tych_Braci_Machabeusz%C3%B3w_w_uroczysku_Krynoczka\">\u00a0<\/a> Przy studzience (znajduj\u0105cej si\u0119 obecnie pod wiat\u0105) zbudowano w 1848 niewielk\u0105 drewnian\u0105 kaplic\u0119.<a href=\"http:\/\/www.milosnicylasu.olsztyn.pl\/wp-content\/uploads\/2013\/06\/PICT3009.jpg-www.jpg\" data-rel=\"lightbox-image-2\" data-magnific_type=\"image\" data-rl_title=\"\" data-rl_caption=\"\" title=\"\"><img loading=\"lazy\" decoding=\"async\" class=\"alignleft size-medium wp-image-540\" alt=\"PICT3009.jpg-www\" src=\"http:\/\/www.milosnicylasu.olsztyn.pl\/wp-content\/uploads\/2013\/06\/PICT3009.jpg-www-300x225.jpg\" width=\"300\" height=\"225\" srcset=\"https:\/\/www.milosnicylasu.olsztyn.pl\/wp-content\/uploads\/2013\/06\/PICT3009.jpg-www-300x225.jpg 300w, https:\/\/www.milosnicylasu.olsztyn.pl\/wp-content\/uploads\/2013\/06\/PICT3009.jpg-www-400x300.jpg 400w, https:\/\/www.milosnicylasu.olsztyn.pl\/wp-content\/uploads\/2013\/06\/PICT3009.jpg-www.jpg 1024w\" sizes=\"auto, (max-width: 300px) 100vw, 300px\" \/><\/a><\/p>\n<p><i>\u015awi\u0119ta Krynoczka<\/i> (krynica, \u017ar\u00f3d\u0142o), znana by\u0142a dawniej jako uroczysko <i>Miednoje<\/i>, od nazwy przep\u0142ywaj\u0105cego nieopodal strumyka.<\/p>\n<p>Miejscem kultu jest od wiek\u00f3w. Legenda wi\u0105\u017ce je z pierwszymi chrze\u015bciijanami, jacy pojawili si\u0119 na tych terenach. Byli to mnisi Kijowsko-Pieczerskiej \u0141awry, kt\u00f3rzy chroni\u0105c si\u0119 przed Tatarami, w tym ustroniu le\u015bnym, przy \u017ar\u00f3de\u0142ku, wznie\u015bli cerkiew, a w\u015br\u00f3d mieszka\u0144c\u00f3w puszczy szerzyli wiar\u0119 prawos\u0142awn\u0105. Tu przychodzili si\u0119 oni modli\u0107, a woda ze \u017ar\u00f3d\u0142a w swej symbolice \u0142\u0105czy\u0142a si\u0119 ze zdrowiem i zbawieniem.<\/p>\n<p>Jak przed wiekami, tak i teraz, pielgrzymi odwiedzaj\u0105cy Krynoczk\u0119, chusteczk\u0105 zwil\u017con\u0105 w jej wodzie przecieraj\u0105 chore miejsce, po czym pozostawiaj\u0105 j\u0105 na ogrodzeniu z ty\u0142u za studzienk\u0105, w ten spos\u00f3b symbolicznie pozbywaj\u0105c si\u0119 choroby.<\/p>\n<p>&nbsp;<\/p>\n<table align=\"center\">\n<tbody>\n<tr>\n<td><\/td>\n<td><\/td>\n<td><\/td>\n<\/tr>\n<\/tbody>\n<\/table>\n","protected":false},"excerpt":{"rendered":"<p>&nbsp; &nbsp; Krynoczka (\u015awi\u0119ta Krynoczka) \u2013 \u0179r\u00f3d\u0142o, po\u0142o\u017cone 3 km od Hajn\u00f3wki\u00a0 uznawane przez wiernych Ko\u015bcio\u0142a prawos\u0142awnego za cudowne &nbsp; . Jest ono miejscem dorocznych pielgrzymek na uroczysto\u015b\u0107 \u015awi\u0119tej Tr\u00f3jcy. W pobli\u017cu stoi wzniesiona w 1846 drewniana cerkiew pod wezwaniem \u015awi\u0119tych Braci Machabeusz\u00f3w. \u00a0 Przy studzience (znajduj\u0105cej si\u0119 obecnie pod wiat\u0105) zbudowano w 1848 niewielk\u0105 [&hellip;]<\/p>\n","protected":false},"author":1,"featured_media":0,"comment_status":"open","ping_status":"open","sticky":false,"template":"","format":"standard","meta":{"footnotes":""},"categories":[1,9,5],"tags":[],"class_list":["post-532","post","type-post","status-publish","format-standard","hentry","category-bez-kategorii","category-ciekawostki","category-wycieczki"],"_links":{"self":[{"href":"https:\/\/www.milosnicylasu.olsztyn.pl\/index.php?rest_route=\/wp\/v2\/posts\/532","targetHints":{"allow":["GET"]}}],"collection":[{"href":"https:\/\/www.milosnicylasu.olsztyn.pl\/index.php?rest_route=\/wp\/v2\/posts"}],"about":[{"href":"https:\/\/www.milosnicylasu.olsztyn.pl\/index.php?rest_route=\/wp\/v2\/types\/post"}],"author":[{"embeddable":true,"href":"https:\/\/www.milosnicylasu.olsztyn.pl\/index.php?rest_route=\/wp\/v2\/users\/1"}],"replies":[{"embeddable":true,"href":"https:\/\/www.milosnicylasu.olsztyn.pl\/index.php?rest_route=%2Fwp%2Fv2%2Fcomments&post=532"}],"version-history":[{"count":2,"href":"https:\/\/www.milosnicylasu.olsztyn.pl\/index.php?rest_route=\/wp\/v2\/posts\/532\/revisions"}],"predecessor-version":[{"id":542,"href":"https:\/\/www.milosnicylasu.olsztyn.pl\/index.php?rest_route=\/wp\/v2\/posts\/532\/revisions\/542"}],"wp:attachment":[{"href":"https:\/\/www.milosnicylasu.olsztyn.pl\/index.php?rest_route=%2Fwp%2Fv2%2Fmedia&parent=532"}],"wp:term":[{"taxonomy":"category","embeddable":true,"href":"https:\/\/www.milosnicylasu.olsztyn.pl\/index.php?rest_route=%2Fwp%2Fv2%2Fcategories&post=532"},{"taxonomy":"post_tag","embeddable":true,"href":"https:\/\/www.milosnicylasu.olsztyn.pl\/index.php?rest_route=%2Fwp%2Fv2%2Ftags&post=532"}],"curies":[{"name":"wp","href":"https:\/\/api.w.org\/{rel}","templated":true}]}}