{"id":5335,"date":"2020-03-20T13:17:32","date_gmt":"2020-03-20T12:17:32","guid":{"rendered":"http:\/\/www.milosnicylasu.olsztyn.pl\/?p=5335"},"modified":"2020-03-20T13:17:32","modified_gmt":"2020-03-20T12:17:32","slug":"to-juz-wiosna-dzis-astronomiczna-jutro-kalendarzowa","status":"publish","type":"post","link":"https:\/\/www.milosnicylasu.olsztyn.pl\/?p=5335","title":{"rendered":"To ju\u017c wiosna &#8211; dzi\u015b astronomiczna, jutro kalendarzowa"},"content":{"rendered":"<p><a href=\"http:\/\/www.milosnicylasu.olsztyn.pl\/wp-content\/uploads\/2020\/03\/DSCN5119-www.jpg\" data-rel=\"lightbox-image-0\" data-magnific_type=\"image\" data-rl_title=\"\" data-rl_caption=\"\" title=\"\"><img loading=\"lazy\" decoding=\"async\" class=\"size-medium wp-image-5336 alignleft\" src=\"http:\/\/www.milosnicylasu.olsztyn.pl\/wp-content\/uploads\/2020\/03\/DSCN5119-www-300x225.jpg\" alt=\"\" width=\"300\" height=\"225\" srcset=\"https:\/\/www.milosnicylasu.olsztyn.pl\/wp-content\/uploads\/2020\/03\/DSCN5119-www-300x225.jpg 300w, https:\/\/www.milosnicylasu.olsztyn.pl\/wp-content\/uploads\/2020\/03\/DSCN5119-www-768x576.jpg 768w, https:\/\/www.milosnicylasu.olsztyn.pl\/wp-content\/uploads\/2020\/03\/DSCN5119-www.jpg 1024w\" sizes=\"auto, (max-width: 300px) 100vw, 300px\" \/><\/a>Wed\u0142ug kalendarza wiosna zaczyna si\u0119 21 marca, ale cz\u0119sto bywa, \u017ce nie pokrywa si\u0119 ona z t\u0105 astronomiczn\u0105. T\u0119 okre\u015bla r\u00f3wnonoc wiosenna, po nast\u0105pieniu kt\u00f3rej S\u0142o\u0144ce przez p\u00f3\u0142 roku b\u0119dzie o\u015bwietla\u0107 mocniej p\u00f3\u0142kul\u0119 p\u00f3\u0142nocn\u0105, a s\u0142abiej p\u00f3\u0142kul\u0119 po\u0142udniow\u0105. Wtedy dzie\u0144 i noc trwaj\u0105 tyle samo czasu. W tym roku astronomiczna wiosna zacz\u0119\u0142a\u00a0 si\u0119 20 marca oko\u0142o godziny 4:50. R\u00f3wnonoc ko\u0144czy si\u0119 wraz z nadej\u015bciem przesilenia letniego i nadej\u015bciem lata. Wraz z nadej\u015bciem wiosny dni robi\u0105 si\u0119 coraz d\u0142u\u017csze, a noce kr\u00f3tsze.<\/p>\n<p>A dni s\u0105 na tyle d\u0142ugie i temperatura na tyle wysoka, \u017ce\u00a0 zakwit\u0142o wiele wiosennych kwiat\u00f3w. A mo\u017ce kto\u015b<a href=\"http:\/\/www.milosnicylasu.olsztyn.pl\/wp-content\/uploads\/2020\/03\/DSCN5118-www.jpg\" data-rel=\"lightbox-image-1\" data-magnific_type=\"image\" data-rl_title=\"\" data-rl_caption=\"\" title=\"\"><img loading=\"lazy\" decoding=\"async\" class=\"size-medium wp-image-5337 alignright\" src=\"http:\/\/www.milosnicylasu.olsztyn.pl\/wp-content\/uploads\/2020\/03\/DSCN5118-www-300x225.jpg\" alt=\"\" width=\"300\" height=\"225\" srcset=\"https:\/\/www.milosnicylasu.olsztyn.pl\/wp-content\/uploads\/2020\/03\/DSCN5118-www-300x225.jpg 300w, https:\/\/www.milosnicylasu.olsztyn.pl\/wp-content\/uploads\/2020\/03\/DSCN5118-www-768x576.jpg 768w, https:\/\/www.milosnicylasu.olsztyn.pl\/wp-content\/uploads\/2020\/03\/DSCN5118-www.jpg 1024w\" sizes=\"auto, (max-width: 300px) 100vw, 300px\" \/><\/a><\/p>\n<p>pokusi si\u0119 poda\u0107 ich nazwy?<a href=\"http:\/\/www.milosnicylasu.olsztyn.pl\/wp-content\/uploads\/2020\/03\/DSCN5117-www.jpg\" data-rel=\"lightbox-image-2\" data-magnific_type=\"image\" data-rl_title=\"\" data-rl_caption=\"\" title=\"\"><img loading=\"lazy\" decoding=\"async\" class=\"size-medium wp-image-5338 alignleft\" src=\"http:\/\/www.milosnicylasu.olsztyn.pl\/wp-content\/uploads\/2020\/03\/DSCN5117-www-300x225.jpg\" alt=\"\" width=\"300\" height=\"225\" srcset=\"https:\/\/www.milosnicylasu.olsztyn.pl\/wp-content\/uploads\/2020\/03\/DSCN5117-www-300x225.jpg 300w, https:\/\/www.milosnicylasu.olsztyn.pl\/wp-content\/uploads\/2020\/03\/DSCN5117-www-768x576.jpg 768w, https:\/\/www.milosnicylasu.olsztyn.pl\/wp-content\/uploads\/2020\/03\/DSCN5117-www.jpg 1024w\" sizes=\"auto, (max-width: 300px) 100vw, 300px\" \/><\/a><\/p>\n","protected":false},"excerpt":{"rendered":"<p>Wed\u0142ug kalendarza wiosna zaczyna si\u0119 21 marca, ale cz\u0119sto bywa, \u017ce nie pokrywa si\u0119 ona z t\u0105 astronomiczn\u0105. T\u0119 okre\u015bla r\u00f3wnonoc wiosenna, po nast\u0105pieniu kt\u00f3rej S\u0142o\u0144ce przez p\u00f3\u0142 roku b\u0119dzie o\u015bwietla\u0107 mocniej p\u00f3\u0142kul\u0119 p\u00f3\u0142nocn\u0105, a s\u0142abiej p\u00f3\u0142kul\u0119 po\u0142udniow\u0105. Wtedy dzie\u0144 i noc trwaj\u0105 tyle samo czasu. W tym roku astronomiczna wiosna zacz\u0119\u0142a\u00a0 si\u0119 20 marca [&hellip;]<\/p>\n","protected":false},"author":2,"featured_media":0,"comment_status":"open","ping_status":"open","sticky":false,"template":"","format":"standard","meta":{"footnotes":""},"categories":[1,9,17],"tags":[],"class_list":["post-5335","post","type-post","status-publish","format-standard","hentry","category-bez-kategorii","category-ciekawostki","category-edukacja-w-terenie"],"_links":{"self":[{"href":"https:\/\/www.milosnicylasu.olsztyn.pl\/index.php?rest_route=\/wp\/v2\/posts\/5335","targetHints":{"allow":["GET"]}}],"collection":[{"href":"https:\/\/www.milosnicylasu.olsztyn.pl\/index.php?rest_route=\/wp\/v2\/posts"}],"about":[{"href":"https:\/\/www.milosnicylasu.olsztyn.pl\/index.php?rest_route=\/wp\/v2\/types\/post"}],"author":[{"embeddable":true,"href":"https:\/\/www.milosnicylasu.olsztyn.pl\/index.php?rest_route=\/wp\/v2\/users\/2"}],"replies":[{"embeddable":true,"href":"https:\/\/www.milosnicylasu.olsztyn.pl\/index.php?rest_route=%2Fwp%2Fv2%2Fcomments&post=5335"}],"version-history":[{"count":1,"href":"https:\/\/www.milosnicylasu.olsztyn.pl\/index.php?rest_route=\/wp\/v2\/posts\/5335\/revisions"}],"predecessor-version":[{"id":5339,"href":"https:\/\/www.milosnicylasu.olsztyn.pl\/index.php?rest_route=\/wp\/v2\/posts\/5335\/revisions\/5339"}],"wp:attachment":[{"href":"https:\/\/www.milosnicylasu.olsztyn.pl\/index.php?rest_route=%2Fwp%2Fv2%2Fmedia&parent=5335"}],"wp:term":[{"taxonomy":"category","embeddable":true,"href":"https:\/\/www.milosnicylasu.olsztyn.pl\/index.php?rest_route=%2Fwp%2Fv2%2Fcategories&post=5335"},{"taxonomy":"post_tag","embeddable":true,"href":"https:\/\/www.milosnicylasu.olsztyn.pl\/index.php?rest_route=%2Fwp%2Fv2%2Ftags&post=5335"}],"curies":[{"name":"wp","href":"https:\/\/api.w.org\/{rel}","templated":true}]}}