{"id":5347,"date":"2020-03-29T07:15:58","date_gmt":"2020-03-29T05:15:58","guid":{"rendered":"https:\/\/www.milosnicylasu.olsztyn.pl\/?p=5347"},"modified":"2020-03-29T08:19:50","modified_gmt":"2020-03-29T06:19:50","slug":"koziolek-matolek","status":"publish","type":"post","link":"https:\/\/www.milosnicylasu.olsztyn.pl\/?p=5347","title":{"rendered":"Kozio\u0142ek Mato\u0142ek"},"content":{"rendered":"<p><strong><a href=\"https:\/\/www.milosnicylasu.olsztyn.pl\/wp-content\/uploads\/2020\/03\/DSCN5213-www.jpg\" data-rel=\"lightbox-image-0\" data-magnific_type=\"image\" data-rl_title=\"\" data-rl_caption=\"\" title=\"\"><img loading=\"lazy\" decoding=\"async\" class=\"size-medium wp-image-5353 alignleft\" src=\"https:\/\/www.milosnicylasu.olsztyn.pl\/wp-content\/uploads\/2020\/03\/DSCN5213-www-169x300.jpg\" alt=\"\" width=\"169\" height=\"300\" srcset=\"https:\/\/www.milosnicylasu.olsztyn.pl\/wp-content\/uploads\/2020\/03\/DSCN5213-www-169x300.jpg 169w, https:\/\/www.milosnicylasu.olsztyn.pl\/wp-content\/uploads\/2020\/03\/DSCN5213-www.jpg 576w\" sizes=\"auto, (max-width: 169px) 100vw, 169px\" \/><\/a>Kozio\u0142ek Mato\u0142ek<\/strong> \u2013posta\u0107 literacka stworzona przez<strong> <a href=\"https:\/\/pl.wikipedia.org\/wiki\/Kornel_Makuszy%C5%84ski\">Kornela Makuszy\u0144skiego<\/a> <\/strong>(tekst) i<strong> <a href=\"https:\/\/pl.wikipedia.org\/wiki\/Marian_Walentynowicz\">Mariana Walentynowicza<\/a><\/strong> (kolorowe rysunki) w jednej z pierwszych w Polsce historyjek obrazkowych dla dzieci, kt\u00f3ra ukaza\u0142a si\u0119 w 1932 roku. Jest to posta\u0107 wci\u0105\u017c popularna, mimo \u017ce od \u015bmierci obu autor\u00f3w min\u0119\u0142y ju\u017c dziesi\u0119ciolecia, a opisane i narysowane przygody tytu\u0142owego bohatera niekoniecznie przystaj\u0105 do wsp\u00f3\u0142czesnej rzeczywisto\u015bci.<\/p>\n<p>Fabu\u0142a ksi\u0105\u017ceczek (powsta\u0142a ich ca\u0142a seria: 120 przyg\u00f3d Kozio\u0142ka Mato\u0142ka, Druga ksi\u0119ga przyg\u00f3d Kozio\u0142ka Mato\u0142ka, Trzecia ksi\u0119ga przyg\u00f3d Kozio\u0142ka Mato\u0142ka i Czwarta ksi\u0119ga przyg\u00f3d Kozio\u0142ka Mato\u0142ka) sprowadza si\u0119 do podr\u00f3\u017cy bohatera po ca\u0142ym \u015bwiecie w poszukiwaniu mitycznego Pacanowa (w rzeczywisto\u015bci istnieje Pacan\u00f3w, w wojew\u00f3dztwie \u015bwi\u0119tokrzyskim), jedynego miejsca w \u015bwiecie, gdzie jakoby podkuwaj\u0105 kozy. Przygody s\u0105 oczywi\u015bcie niezwyk\u0142e i absolutnie nieprawdopodobne, kozio\u0142ek jest sympatyczny i \u0142atwowierny, \u015bmieszny i niezgu\u0142owaty, niezdarny i dobrotliwie naiwny.<\/p>\n<p>Kozio\u0142ek Mato\u0142ek,\u00a0 w drodze do Pacanowa trafi\u0142 r\u00f3wnie\u017c do Olsztyna, gdzie spotka\u0142 Jacka i Agatk\u0119, pszcz\u00f3\u0142k\u0119 Maj\u0119 z przyjaci\u00f3\u0142mi, z\u0142ego wilka i zaj\u0105ca, liska Chytruska M\u0105dr\u0105 Sow\u0119 i jeszcze wiele innych bohater\u00f3w bajek.<a href=\"https:\/\/www.milosnicylasu.olsztyn.pl\/wp-content\/uploads\/2020\/03\/DSCN5187-www.jpg\" data-rel=\"lightbox-image-1\" data-magnific_type=\"image\" data-rl_title=\"\" data-rl_caption=\"\" title=\"\"><img loading=\"lazy\" decoding=\"async\" class=\"size-medium wp-image-5349 alignleft\" src=\"https:\/\/www.milosnicylasu.olsztyn.pl\/wp-content\/uploads\/2020\/03\/DSCN5187-www-300x169.jpg\" alt=\"\" width=\"300\" height=\"169\" srcset=\"https:\/\/www.milosnicylasu.olsztyn.pl\/wp-content\/uploads\/2020\/03\/DSCN5187-www-300x169.jpg 300w, https:\/\/www.milosnicylasu.olsztyn.pl\/wp-content\/uploads\/2020\/03\/DSCN5187-www-768x432.jpg 768w, https:\/\/www.milosnicylasu.olsztyn.pl\/wp-content\/uploads\/2020\/03\/DSCN5187-www-730x410.jpg 730w, https:\/\/www.milosnicylasu.olsztyn.pl\/wp-content\/uploads\/2020\/03\/DSCN5187-www.jpg 1024w\" sizes=\"auto, (max-width: 300px) 100vw, 300px\" \/><\/a><\/p>\n<p>&nbsp;<\/p>\n<p>&nbsp;<\/p>\n<p><a href=\"https:\/\/www.milosnicylasu.olsztyn.pl\/wp-content\/uploads\/2020\/03\/DSCN5188-www.jpg\" data-rel=\"lightbox-image-2\" data-magnific_type=\"image\" data-rl_title=\"\" data-rl_caption=\"\" title=\"\"><img loading=\"lazy\" decoding=\"async\" class=\"size-medium wp-image-5348 alignleft\" src=\"https:\/\/www.milosnicylasu.olsztyn.pl\/wp-content\/uploads\/2020\/03\/DSCN5188-www-300x169.jpg\" alt=\"\" width=\"300\" height=\"169\" srcset=\"https:\/\/www.milosnicylasu.olsztyn.pl\/wp-content\/uploads\/2020\/03\/DSCN5188-www-300x169.jpg 300w, https:\/\/www.milosnicylasu.olsztyn.pl\/wp-content\/uploads\/2020\/03\/DSCN5188-www-768x432.jpg 768w, https:\/\/www.milosnicylasu.olsztyn.pl\/wp-content\/uploads\/2020\/03\/DSCN5188-www-730x410.jpg 730w, https:\/\/www.milosnicylasu.olsztyn.pl\/wp-content\/uploads\/2020\/03\/DSCN5188-www.jpg 1024w\" sizes=\"auto, (max-width: 300px) 100vw, 300px\" \/><\/a><\/p>\n<p>&nbsp;<\/p>\n<p><a href=\"https:\/\/www.milosnicylasu.olsztyn.pl\/wp-content\/uploads\/2020\/03\/P2280091-www.jpg\" data-rel=\"lightbox-image-3\" data-magnific_type=\"image\" data-rl_title=\"\" data-rl_caption=\"\" title=\"\"><img loading=\"lazy\" decoding=\"async\" class=\"size-medium wp-image-5362 alignright\" src=\"https:\/\/www.milosnicylasu.olsztyn.pl\/wp-content\/uploads\/2020\/03\/P2280091-www-300x225.jpg\" alt=\"\" width=\"300\" height=\"225\" srcset=\"https:\/\/www.milosnicylasu.olsztyn.pl\/wp-content\/uploads\/2020\/03\/P2280091-www-300x225.jpg 300w, https:\/\/www.milosnicylasu.olsztyn.pl\/wp-content\/uploads\/2020\/03\/P2280091-www-768x576.jpg 768w, https:\/\/www.milosnicylasu.olsztyn.pl\/wp-content\/uploads\/2020\/03\/P2280091-www.jpg 1024w\" sizes=\"auto, (max-width: 300px) 100vw, 300px\" \/><\/a><\/p>\n<p><a href=\"https:\/\/www.milosnicylasu.olsztyn.pl\/wp-content\/uploads\/2020\/03\/P2280070-www.jpg\" data-rel=\"lightbox-image-4\" data-magnific_type=\"image\" data-rl_title=\"\" data-rl_caption=\"\" title=\"\"><img loading=\"lazy\" decoding=\"async\" class=\"size-medium wp-image-5365 alignright\" src=\"https:\/\/www.milosnicylasu.olsztyn.pl\/wp-content\/uploads\/2020\/03\/P2280070-www-300x225.jpg\" alt=\"\" width=\"300\" height=\"225\" srcset=\"https:\/\/www.milosnicylasu.olsztyn.pl\/wp-content\/uploads\/2020\/03\/P2280070-www-300x225.jpg 300w, https:\/\/www.milosnicylasu.olsztyn.pl\/wp-content\/uploads\/2020\/03\/P2280070-www-768x576.jpg 768w, https:\/\/www.milosnicylasu.olsztyn.pl\/wp-content\/uploads\/2020\/03\/P2280070-www.jpg 1024w\" sizes=\"auto, (max-width: 300px) 100vw, 300px\" \/><\/a><a href=\"https:\/\/www.milosnicylasu.olsztyn.pl\/wp-content\/uploads\/2020\/03\/P2280092-www.jpg\" data-rel=\"lightbox-image-5\" data-magnific_type=\"image\" data-rl_title=\"\" data-rl_caption=\"\" title=\"\"><img loading=\"lazy\" decoding=\"async\" class=\"size-medium wp-image-5361 alignleft\" src=\"https:\/\/www.milosnicylasu.olsztyn.pl\/wp-content\/uploads\/2020\/03\/P2280092-www-300x225.jpg\" alt=\"\" width=\"300\" height=\"225\" srcset=\"https:\/\/www.milosnicylasu.olsztyn.pl\/wp-content\/uploads\/2020\/03\/P2280092-www-300x225.jpg 300w, https:\/\/www.milosnicylasu.olsztyn.pl\/wp-content\/uploads\/2020\/03\/P2280092-www-768x576.jpg 768w, https:\/\/www.milosnicylasu.olsztyn.pl\/wp-content\/uploads\/2020\/03\/P2280092-www.jpg 1024w\" sizes=\"auto, (max-width: 300px) 100vw, 300px\" \/><\/a><\/p>\n<p><a href=\"https:\/\/www.milosnicylasu.olsztyn.pl\/wp-content\/uploads\/2020\/03\/P2280082-www.jpg\" data-rel=\"lightbox-image-6\" data-magnific_type=\"image\" data-rl_title=\"\" data-rl_caption=\"\" title=\"\"><img loading=\"lazy\" decoding=\"async\" class=\"size-medium wp-image-5360\" src=\"https:\/\/www.milosnicylasu.olsztyn.pl\/wp-content\/uploads\/2020\/03\/P2280082-www-300x225.jpg\" alt=\"\" width=\"300\" height=\"225\" srcset=\"https:\/\/www.milosnicylasu.olsztyn.pl\/wp-content\/uploads\/2020\/03\/P2280082-www-300x225.jpg 300w, https:\/\/www.milosnicylasu.olsztyn.pl\/wp-content\/uploads\/2020\/03\/P2280082-www-768x576.jpg 768w, https:\/\/www.milosnicylasu.olsztyn.pl\/wp-content\/uploads\/2020\/03\/P2280082-www.jpg 1024w\" sizes=\"auto, (max-width: 300px) 100vw, 300px\" \/><\/a><\/p>\n","protected":false},"excerpt":{"rendered":"<p>Kozio\u0142ek Mato\u0142ek \u2013posta\u0107 literacka stworzona przez Kornela Makuszy\u0144skiego (tekst) i Mariana Walentynowicza (kolorowe rysunki) w jednej z pierwszych w Polsce historyjek obrazkowych dla dzieci, kt\u00f3ra ukaza\u0142a si\u0119 w 1932 roku. Jest to posta\u0107 wci\u0105\u017c popularna, mimo \u017ce od \u015bmierci obu autor\u00f3w min\u0119\u0142y ju\u017c dziesi\u0119ciolecia, a opisane i narysowane przygody tytu\u0142owego bohatera niekoniecznie przystaj\u0105 do wsp\u00f3\u0142czesnej [&hellip;]<\/p>\n","protected":false},"author":2,"featured_media":0,"comment_status":"open","ping_status":"open","sticky":false,"template":"","format":"standard","meta":{"footnotes":""},"categories":[1,9,14],"tags":[],"class_list":["post-5347","post","type-post","status-publish","format-standard","hentry","category-bez-kategorii","category-ciekawostki","category-zabawy"],"_links":{"self":[{"href":"https:\/\/www.milosnicylasu.olsztyn.pl\/index.php?rest_route=\/wp\/v2\/posts\/5347","targetHints":{"allow":["GET"]}}],"collection":[{"href":"https:\/\/www.milosnicylasu.olsztyn.pl\/index.php?rest_route=\/wp\/v2\/posts"}],"about":[{"href":"https:\/\/www.milosnicylasu.olsztyn.pl\/index.php?rest_route=\/wp\/v2\/types\/post"}],"author":[{"embeddable":true,"href":"https:\/\/www.milosnicylasu.olsztyn.pl\/index.php?rest_route=\/wp\/v2\/users\/2"}],"replies":[{"embeddable":true,"href":"https:\/\/www.milosnicylasu.olsztyn.pl\/index.php?rest_route=%2Fwp%2Fv2%2Fcomments&post=5347"}],"version-history":[{"count":12,"href":"https:\/\/www.milosnicylasu.olsztyn.pl\/index.php?rest_route=\/wp\/v2\/posts\/5347\/revisions"}],"predecessor-version":[{"id":5369,"href":"https:\/\/www.milosnicylasu.olsztyn.pl\/index.php?rest_route=\/wp\/v2\/posts\/5347\/revisions\/5369"}],"wp:attachment":[{"href":"https:\/\/www.milosnicylasu.olsztyn.pl\/index.php?rest_route=%2Fwp%2Fv2%2Fmedia&parent=5347"}],"wp:term":[{"taxonomy":"category","embeddable":true,"href":"https:\/\/www.milosnicylasu.olsztyn.pl\/index.php?rest_route=%2Fwp%2Fv2%2Fcategories&post=5347"},{"taxonomy":"post_tag","embeddable":true,"href":"https:\/\/www.milosnicylasu.olsztyn.pl\/index.php?rest_route=%2Fwp%2Fv2%2Ftags&post=5347"}],"curies":[{"name":"wp","href":"https:\/\/api.w.org\/{rel}","templated":true}]}}