{"id":5411,"date":"2020-04-14T15:33:45","date_gmt":"2020-04-14T13:33:45","guid":{"rendered":"https:\/\/www.milosnicylasu.olsztyn.pl\/?p=5411"},"modified":"2020-04-14T15:33:45","modified_gmt":"2020-04-14T13:33:45","slug":"zawieszenie-zajec-do-odwolania","status":"publish","type":"post","link":"https:\/\/www.milosnicylasu.olsztyn.pl\/?p=5411","title":{"rendered":"Zawieszenie zaj\u0119\u0107 do odwo\u0142ania"},"content":{"rendered":"<p><a href=\"https:\/\/www.milosnicylasu.olsztyn.pl\/wp-content\/uploads\/2019\/02\/P2170003-www.jpg\" data-rel=\"lightbox-image-0\" data-magnific_type=\"image\" data-rl_title=\"\" data-rl_caption=\"\" title=\"\"><img loading=\"lazy\" decoding=\"async\" class=\"size-medium wp-image-4566\" src=\"https:\/\/www.milosnicylasu.olsztyn.pl\/wp-content\/uploads\/2019\/02\/P2170003-www-300x225.jpg\" alt=\"\" width=\"300\" height=\"225\" srcset=\"https:\/\/www.milosnicylasu.olsztyn.pl\/wp-content\/uploads\/2019\/02\/P2170003-www-300x225.jpg 300w, https:\/\/www.milosnicylasu.olsztyn.pl\/wp-content\/uploads\/2019\/02\/P2170003-www-768x576.jpg 768w, https:\/\/www.milosnicylasu.olsztyn.pl\/wp-content\/uploads\/2019\/02\/P2170003-www.jpg 1024w, https:\/\/www.milosnicylasu.olsztyn.pl\/wp-content\/uploads\/2019\/02\/P2170003-www-400x300.jpg 400w\" sizes=\"auto, (max-width: 300px) 100vw, 300px\" \/><\/a><\/p>\n<p><strong>Kochani!<\/strong><\/p>\n<p><strong>Z wielk\u0105 przykro\u015bci\u0105 informujemy, \u017ce zaj\u0119cia Ko\u0142a zostaj\u0105 zawieszone do odwo\u0142ania. Mamy nadziej\u0119, \u017ce sytuacja si\u0119 unormuje i b\u0119dziemy mogli spotka\u0107 si\u0119 jeszcze w tym roku akademickim.\u00a0 Jeste\u015bmy przekonani, \u017ce prze\u017cyjemy ten trudny czas w zdrowiu i z jeszcze wi\u0119kszym zapa\u0142em\u00a0 zaanga\u017cujemy si\u0119 w zaj\u0119cia w Kole.\u00a0 Jednocze\u015bnie prosimy o zwr\u00f3cenie uwagi na osoby z naszego Ko\u0142a, kt\u00f3re czuj\u0105 si\u0119 samotne &#8211; mo\u017ce zadzwo\u0144my, porozmawiajmy, zaproponujmy aby\u00a0 zadzwoni\u0142y&#8230;..Tyle mo\u017cemy, tyle a mo\u017ce a\u017c tyle?<\/strong><\/p>\n<p><strong>Prosimy napiszcie jak radzicie sobie w obecnej sytuacji. Mo\u017ce kto\u015b skorzysta z Waszych ciekawych pomys\u0142\u00f3w. Wiemy ju\u017c co robi Prezes, Rysiu, a Wy? Zaj\u0119cia odwo\u0142ane, ale strona internetowa jak wida\u0107 na bie\u017c\u0105co &#8211; pom\u00f3\u017ccie j\u0105 redagowa\u0107.<\/strong><\/p>\n<p>&nbsp;<\/p>\n<p>&nbsp;<\/p>\n","protected":false},"excerpt":{"rendered":"<p>Kochani! Z wielk\u0105 przykro\u015bci\u0105 informujemy, \u017ce zaj\u0119cia Ko\u0142a zostaj\u0105 zawieszone do odwo\u0142ania. Mamy nadziej\u0119, \u017ce sytuacja si\u0119 unormuje i b\u0119dziemy mogli spotka\u0107 si\u0119 jeszcze w tym roku akademickim.\u00a0 Jeste\u015bmy przekonani, \u017ce prze\u017cyjemy ten trudny czas w zdrowiu i z jeszcze wi\u0119kszym zapa\u0142em\u00a0 zaanga\u017cujemy si\u0119 w zaj\u0119cia w Kole.\u00a0 Jednocze\u015bnie prosimy o zwr\u00f3cenie uwagi na osoby [&hellip;]<\/p>\n","protected":false},"author":2,"featured_media":0,"comment_status":"open","ping_status":"open","sticky":false,"template":"","format":"standard","meta":{"footnotes":""},"categories":[1,9],"tags":[],"class_list":["post-5411","post","type-post","status-publish","format-standard","hentry","category-bez-kategorii","category-ciekawostki"],"_links":{"self":[{"href":"https:\/\/www.milosnicylasu.olsztyn.pl\/index.php?rest_route=\/wp\/v2\/posts\/5411","targetHints":{"allow":["GET"]}}],"collection":[{"href":"https:\/\/www.milosnicylasu.olsztyn.pl\/index.php?rest_route=\/wp\/v2\/posts"}],"about":[{"href":"https:\/\/www.milosnicylasu.olsztyn.pl\/index.php?rest_route=\/wp\/v2\/types\/post"}],"author":[{"embeddable":true,"href":"https:\/\/www.milosnicylasu.olsztyn.pl\/index.php?rest_route=\/wp\/v2\/users\/2"}],"replies":[{"embeddable":true,"href":"https:\/\/www.milosnicylasu.olsztyn.pl\/index.php?rest_route=%2Fwp%2Fv2%2Fcomments&post=5411"}],"version-history":[{"count":1,"href":"https:\/\/www.milosnicylasu.olsztyn.pl\/index.php?rest_route=\/wp\/v2\/posts\/5411\/revisions"}],"predecessor-version":[{"id":5412,"href":"https:\/\/www.milosnicylasu.olsztyn.pl\/index.php?rest_route=\/wp\/v2\/posts\/5411\/revisions\/5412"}],"wp:attachment":[{"href":"https:\/\/www.milosnicylasu.olsztyn.pl\/index.php?rest_route=%2Fwp%2Fv2%2Fmedia&parent=5411"}],"wp:term":[{"taxonomy":"category","embeddable":true,"href":"https:\/\/www.milosnicylasu.olsztyn.pl\/index.php?rest_route=%2Fwp%2Fv2%2Fcategories&post=5411"},{"taxonomy":"post_tag","embeddable":true,"href":"https:\/\/www.milosnicylasu.olsztyn.pl\/index.php?rest_route=%2Fwp%2Fv2%2Ftags&post=5411"}],"curies":[{"name":"wp","href":"https:\/\/api.w.org\/{rel}","templated":true}]}}