{"id":543,"date":"2013-06-18T07:07:26","date_gmt":"2013-06-18T05:07:26","guid":{"rendered":"http:\/\/www.milosnicylasu.olsztyn.pl\/?p=543"},"modified":"2013-06-18T07:19:57","modified_gmt":"2013-06-18T05:19:57","slug":"jest-takie-miejsce-miejsce-mocy-w-puszczy-bialowieskiej","status":"publish","type":"post","link":"https:\/\/www.milosnicylasu.olsztyn.pl\/?p=543","title":{"rendered":"Jest takie miejsce&#8230;&#8230;.&#8221;Miejsce Mocy&#8221; w Puszczy Bia\u0142owieskiej"},"content":{"rendered":"<div><\/div>\n<div>\n<div itemprop=\"commentText\"><a href=\"http:\/\/www.milosnicylasu.olsztyn.pl\/wp-content\/uploads\/2013\/06\/PICT3094.jpg-www.jpg\" data-rel=\"lightbox-image-0\" data-magnific_type=\"image\" data-rl_title=\"\" data-rl_caption=\"\" title=\"\"><img loading=\"lazy\" decoding=\"async\" class=\"alignleft size-medium wp-image-546\" alt=\"PICT3094.jpg -www\" src=\"http:\/\/www.milosnicylasu.olsztyn.pl\/wp-content\/uploads\/2013\/06\/PICT3094.jpg-www-300x225.jpg\" width=\"300\" height=\"225\" srcset=\"https:\/\/www.milosnicylasu.olsztyn.pl\/wp-content\/uploads\/2013\/06\/PICT3094.jpg-www-300x225.jpg 300w, https:\/\/www.milosnicylasu.olsztyn.pl\/wp-content\/uploads\/2013\/06\/PICT3094.jpg-www-400x300.jpg 400w, https:\/\/www.milosnicylasu.olsztyn.pl\/wp-content\/uploads\/2013\/06\/PICT3094.jpg-www.jpg 1024w\" sizes=\"auto, (max-width: 300px) 100vw, 300px\" \/><\/a>W uroczysku, po\u0142o\u017conym w centralnej cz\u0119\u015bci Puszczy Bia\u0142owieskiej, kilkana\u015bcie lat temu odkryto kamienny kr\u0105g. Drzewa, a w szczeg\u00f3lno\u015bci d\u0119by, rosn\u0105ce w s\u0105siedztwie kr\u0119gu r\u00f3\u017cni\u0105 si\u0119 znacz\u0105co wygl\u0105dem od drzew rosn\u0105cych w okolicy. Wyrastaj\u0105, bowiem w formie wielu pni wprost z zie<a href=\"http:\/\/www.milosnicylasu.olsztyn.pl\/wp-content\/uploads\/2013\/06\/PICT3097.jpg-www.jpg\" data-rel=\"lightbox-image-1\" data-magnific_type=\"image\" data-rl_title=\"\" data-rl_caption=\"\" title=\"\"><img loading=\"lazy\" decoding=\"async\" class=\"size-medium wp-image-547 alignright\" alt=\"PICT3097.jpg-www\" src=\"http:\/\/www.milosnicylasu.olsztyn.pl\/wp-content\/uploads\/2013\/06\/PICT3097.jpg-www-300x225.jpg\" width=\"300\" height=\"225\" srcset=\"https:\/\/www.milosnicylasu.olsztyn.pl\/wp-content\/uploads\/2013\/06\/PICT3097.jpg-www-300x225.jpg 300w, https:\/\/www.milosnicylasu.olsztyn.pl\/wp-content\/uploads\/2013\/06\/PICT3097.jpg-www-400x300.jpg 400w, https:\/\/www.milosnicylasu.olsztyn.pl\/wp-content\/uploads\/2013\/06\/PICT3097.jpg-www.jpg 1024w\" sizes=\"auto, (max-width: 300px) 100vw, 300px\" \/><\/a>mi.<\/div>\n<div itemprop=\"commentText\"><\/div>\n<div itemprop=\"commentText\"><\/div>\n<div itemprop=\"commentText\">Co ciekawe kamienny kr\u0105g otoczony jest naturaln\u0105 polan\u0105 poro\u015bni\u0119t\u0105 przez krzewy g\u0142ogu, dzikich jab\u0142oni i kilka pomnikowych drzew, na kt\u00f3r\u0105 z nieznanych przyczyn nie wkracza las.Radiesteci\u00a0 twierdz\u0105, \u017ce w rejonie kamiennego kr\u0119gu wyczuwa si\u0119 szczeg\u00f3lny rodzaj energii wp\u0142ywaj\u0105cej korzystnie na ludzki organizm. W takich w\u0142a\u015bnie miejscach nasi przodkowie w okresie przed chrze\u015bcija\u0144skim oddawali si\u0119 mistycznym rytua\u0142om.<\/p>\n<div align=\"justify\">Uroczysko nazwane \u201eMiejscem Mocy\u201d wyr\u00f3\u017cnia si\u0119 niezwyk\u0142ymi formami drzew i krzew\u00f3w oraz\u00a0 nietypowym kamiennym kr\u0119giem. Wed\u0142ug miejscowych poda\u0144 w tym miejscu \u0142atwiej jest podj\u0105\u0107 decyzj\u0119 o rezygnacji z na\u0142og\u00f3w, a tak\u017ce odczu\u0107 oddzia\u0142ywanie pozytywnej energii.<\/div>\n<\/div>\n<\/div>\n","protected":false},"excerpt":{"rendered":"<p>W uroczysku, po\u0142o\u017conym w centralnej cz\u0119\u015bci Puszczy Bia\u0142owieskiej, kilkana\u015bcie lat temu odkryto kamienny kr\u0105g. Drzewa, a w szczeg\u00f3lno\u015bci d\u0119by, rosn\u0105ce w s\u0105siedztwie kr\u0119gu r\u00f3\u017cni\u0105 si\u0119 znacz\u0105co wygl\u0105dem od drzew rosn\u0105cych w okolicy. Wyrastaj\u0105, bowiem w formie wielu pni wprost z ziemi. Co ciekawe kamienny kr\u0105g otoczony jest naturaln\u0105 polan\u0105 poro\u015bni\u0119t\u0105 przez krzewy g\u0142ogu, dzikich jab\u0142oni [&hellip;]<\/p>\n","protected":false},"author":1,"featured_media":0,"comment_status":"open","ping_status":"open","sticky":false,"template":"","format":"standard","meta":{"footnotes":""},"categories":[1,9,5],"tags":[],"class_list":["post-543","post","type-post","status-publish","format-standard","hentry","category-bez-kategorii","category-ciekawostki","category-wycieczki"],"_links":{"self":[{"href":"https:\/\/www.milosnicylasu.olsztyn.pl\/index.php?rest_route=\/wp\/v2\/posts\/543","targetHints":{"allow":["GET"]}}],"collection":[{"href":"https:\/\/www.milosnicylasu.olsztyn.pl\/index.php?rest_route=\/wp\/v2\/posts"}],"about":[{"href":"https:\/\/www.milosnicylasu.olsztyn.pl\/index.php?rest_route=\/wp\/v2\/types\/post"}],"author":[{"embeddable":true,"href":"https:\/\/www.milosnicylasu.olsztyn.pl\/index.php?rest_route=\/wp\/v2\/users\/1"}],"replies":[{"embeddable":true,"href":"https:\/\/www.milosnicylasu.olsztyn.pl\/index.php?rest_route=%2Fwp%2Fv2%2Fcomments&post=543"}],"version-history":[{"count":5,"href":"https:\/\/www.milosnicylasu.olsztyn.pl\/index.php?rest_route=\/wp\/v2\/posts\/543\/revisions"}],"predecessor-version":[{"id":550,"href":"https:\/\/www.milosnicylasu.olsztyn.pl\/index.php?rest_route=\/wp\/v2\/posts\/543\/revisions\/550"}],"wp:attachment":[{"href":"https:\/\/www.milosnicylasu.olsztyn.pl\/index.php?rest_route=%2Fwp%2Fv2%2Fmedia&parent=543"}],"wp:term":[{"taxonomy":"category","embeddable":true,"href":"https:\/\/www.milosnicylasu.olsztyn.pl\/index.php?rest_route=%2Fwp%2Fv2%2Fcategories&post=543"},{"taxonomy":"post_tag","embeddable":true,"href":"https:\/\/www.milosnicylasu.olsztyn.pl\/index.php?rest_route=%2Fwp%2Fv2%2Ftags&post=543"}],"curies":[{"name":"wp","href":"https:\/\/api.w.org\/{rel}","templated":true}]}}