{"id":5463,"date":"2020-05-02T07:05:50","date_gmt":"2020-05-02T05:05:50","guid":{"rendered":"https:\/\/www.milosnicylasu.olsztyn.pl\/?p=5463"},"modified":"2020-05-03T16:46:03","modified_gmt":"2020-05-03T14:46:03","slug":"sasanka-i-nie-tylko","status":"publish","type":"post","link":"https:\/\/www.milosnicylasu.olsztyn.pl\/?p=5463","title":{"rendered":"Sasanka i nie tylko&#8230;&#8230;."},"content":{"rendered":"<div>Wiesia Filipek w\u0142\u0105czy\u0142a si\u0119 w wiosenne klimaty :<\/div>\n<div><strong><em>Znalaz\u0142am fajny wierszyk o sasance i \u017conkilu. Bardzo mi si\u0119 podoba stokrotka, kt\u00f3ra ma du\u017co p\u0142atk\u00f3w, a kiedy\u015b wyrywaj\u0105c po jednym p\u0142ateczk\u00f3w bawi\u0142o si\u0119 w kocha, lubi, szanuje itd.\u00a0 <\/em><\/strong><\/div>\n<div><strong><em>\u00a0\u00a0\u00a0\u00a0\u00a0\u00a0 <a href=\"https:\/\/www.milosnicylasu.olsztyn.pl\/wp-content\/uploads\/2020\/05\/DSCN5308-www.jpg\" data-rel=\"lightbox-image-0\" data-magnific_type=\"image\" data-rl_title=\"\" data-rl_caption=\"\" title=\"\"><img loading=\"lazy\" decoding=\"async\" class=\"size-medium wp-image-5464 alignleft\" src=\"https:\/\/www.milosnicylasu.olsztyn.pl\/wp-content\/uploads\/2020\/05\/DSCN5308-www-300x169.jpg\" alt=\"\" width=\"300\" height=\"169\" srcset=\"https:\/\/www.milosnicylasu.olsztyn.pl\/wp-content\/uploads\/2020\/05\/DSCN5308-www-300x169.jpg 300w, https:\/\/www.milosnicylasu.olsztyn.pl\/wp-content\/uploads\/2020\/05\/DSCN5308-www-768x432.jpg 768w, https:\/\/www.milosnicylasu.olsztyn.pl\/wp-content\/uploads\/2020\/05\/DSCN5308-www-730x410.jpg 730w, https:\/\/www.milosnicylasu.olsztyn.pl\/wp-content\/uploads\/2020\/05\/DSCN5308-www.jpg 1024w\" sizes=\"auto, (max-width: 300px) 100vw, 300px\" \/><\/a><br \/>\n<\/em><\/strong><\/div>\n<div><\/div>\n<div><strong><em>Ogrodow\u0105 wczesn\u0105 wiosn\u0105, dnia pi\u0119knego,<\/em><\/strong><\/div>\n<p align=\"justify\"><strong><em>Sasaneczka szuka tego jedynego.<\/em><\/strong><\/p>\n<p align=\"justify\"><strong><em>Jej wybredne, fioletowe, \u015bliczne p\u0142atki<\/em><\/strong><\/p>\n<p align=\"justify\"><strong><em>Przyci\u0105gaj\u0105 najr\u00f3\u017cniejsze m\u0119skie kwiatki.<\/em><\/strong><\/p>\n<p align=\"justify\"><strong><em>Zalotnicy przymilaj\u0105 si\u0119 nami\u0119tnie,<\/em><\/strong><\/p>\n<p align=\"justify\"><strong><em>Lecz Sasanka patrzy na nich oboj\u0119tnie.<\/em><\/strong><\/p>\n<p align=\"justify\"><strong><em>Wzrok podnios\u0142a na sekund\u0119 gdy zza drzewa<\/em><\/strong><\/p>\n<p align=\"justify\"><strong><em><a href=\"https:\/\/www.milosnicylasu.olsztyn.pl\/wp-content\/uploads\/2020\/05\/DSCF2080-www.jpg\" data-rel=\"lightbox-image-1\" data-magnific_type=\"image\" data-rl_title=\"\" data-rl_caption=\"\" title=\"\"><img loading=\"lazy\" decoding=\"async\" class=\"size-medium wp-image-5491 alignleft\" src=\"https:\/\/www.milosnicylasu.olsztyn.pl\/wp-content\/uploads\/2020\/05\/DSCF2080-www-300x225.jpg\" alt=\"\" width=\"300\" height=\"225\" srcset=\"https:\/\/www.milosnicylasu.olsztyn.pl\/wp-content\/uploads\/2020\/05\/DSCF2080-www-300x225.jpg 300w, https:\/\/www.milosnicylasu.olsztyn.pl\/wp-content\/uploads\/2020\/05\/DSCF2080-www-768x576.jpg 768w, https:\/\/www.milosnicylasu.olsztyn.pl\/wp-content\/uploads\/2020\/05\/DSCF2080-www.jpg 1024w\" sizes=\"auto, (max-width: 300px) 100vw, 300px\" \/><\/a>Wyjrza\u0142 \u017bonkil, kt\u00f3ry pi\u0119knie jej za\u015bpiewa\u0142:<\/em><\/strong><\/p>\n<p align=\"justify\"><strong><em>\u201eWybierz prosz\u0119 mnie i barw\u0119 m\u0105 gor\u0105c\u0105,<\/em><\/strong><\/p>\n<p align=\"justify\"><strong><em>Obiecuj\u0119 mi\u0142o\u015b\u0107 wieczn\u0105 i kwitn\u0105c\u0105.\u201d<\/em><\/strong><\/p>\n<p align=\"justify\"><strong><em>Demonstruj\u0105c cytrynow\u0105 przedni\u0105 stron\u0119,<\/em><\/strong><\/p>\n<p align=\"justify\"><strong><em>P\u0142atk\u00f3w jasn\u0105 \u017c\u00f3\u0142\u0107, a wewn\u0105trz niej koron\u0119,<\/em><\/strong><\/p>\n<p align=\"justify\"><strong><em>Odda\u0142 uk\u0142on wymarzonej swej kochance.<\/em><\/strong><\/p>\n<p align=\"justify\"><strong><em>Lecz czy p\u0142atki zarumieni\u0105 si\u0119 Sasance?<\/em><\/strong><\/p>\n<p align=\"justify\"><strong><em>Ziewa sennie i wygl\u0105da na znu\u017con\u0105,<\/em><\/strong><\/p>\n<p align=\"justify\"><strong><em>\u201eNie \u017bonkilu, ja nie b\u0119d\u0119 Twoj\u0105 \u017con\u0105.\u201d<\/em><\/strong><\/p>\n<p align=\"justify\"><strong><em>Wi\u0119dnie serce \u017conkilowe, drga podbr\u00f3dek,<\/em><\/strong><\/p>\n<p align=\"justify\"><strong><em>\u017b\u00f3\u0142ta rozpacz ogarn\u0119\u0142a nasz ogr\u00f3dek,<\/em><\/strong><\/p>\n<p align=\"justify\"><strong><em>Sunie w cie\u0144, a za nim, wdzi\u0119cz\u0105c si\u0119 nieskromny,<\/em><\/strong><\/p>\n<p align=\"justify\"><strong><em>Krokus pr\u0119\u017cy kielich w stron\u0119 Primadonny.<\/em><\/strong><\/p>\n<div><\/div>\n<p align=\"justify\"><strong><em>Motyl wlecia\u0142 do \u017co\u0142\u0105dka panieneczce,<\/em><\/strong><\/p>\n<p align=\"justify\"><strong><em>Stresu wstrz\u0105s na fioletowej sukieneczce,<\/em><\/strong><\/p>\n<p align=\"justify\"><strong><em>Sasankowe ostre p\u0142atki wyostrzone,<\/em><\/strong><\/p>\n<p align=\"justify\"><strong><em><a href=\"https:\/\/www.milosnicylasu.olsztyn.pl\/wp-content\/uploads\/2020\/03\/DSCN5092-www.jpg\" data-rel=\"lightbox-image-2\" data-magnific_type=\"image\" data-rl_title=\"\" data-rl_caption=\"\" title=\"\"><img loading=\"lazy\" decoding=\"async\" class=\"size-medium wp-image-5320 alignleft\" src=\"https:\/\/www.milosnicylasu.olsztyn.pl\/wp-content\/uploads\/2020\/03\/DSCN5092-www-300x225.jpg\" alt=\"\" width=\"300\" height=\"225\" srcset=\"https:\/\/www.milosnicylasu.olsztyn.pl\/wp-content\/uploads\/2020\/03\/DSCN5092-www-300x225.jpg 300w, https:\/\/www.milosnicylasu.olsztyn.pl\/wp-content\/uploads\/2020\/03\/DSCN5092-www-768x576.jpg 768w, https:\/\/www.milosnicylasu.olsztyn.pl\/wp-content\/uploads\/2020\/03\/DSCN5092-www.jpg 1024w\" sizes=\"auto, (max-width: 300px) 100vw, 300px\" \/><\/a>\u201eOh Krokusie, we\u017a mnie, we\u017a mnie na sw\u0105 \u017con\u0119!<\/em><\/strong><\/p>\n<p align=\"justify\"><strong><em>Jak kr\u00f3lowa rosn\u0105\u0107 wsp\u00f3lnie chc\u0119 przy Tobie,<\/em><\/strong><\/p>\n<p align=\"justify\"><strong><em>Mym fioletem \u017cycie pi\u0119knie Ci ozdobi\u0119,<\/em><\/strong><\/p>\n<p align=\"justify\"><strong><em>Ogr\u00f3d te\u017c i wielkie ostrokrzewne mury,<\/em><\/strong><\/p>\n<p align=\"justify\"><strong><em>Wszystko wok\u00f3\u0142 b\u0119dzie w kolorze purpury!\u201d\u00a0 Autor; AGA<\/em><\/strong><\/p>\n<div><\/div>\n","protected":false},"excerpt":{"rendered":"<p>Wiesia Filipek w\u0142\u0105czy\u0142a si\u0119 w wiosenne klimaty : Znalaz\u0142am fajny wierszyk o sasance i \u017conkilu. Bardzo mi si\u0119 podoba stokrotka, kt\u00f3ra ma du\u017co p\u0142atk\u00f3w, a kiedy\u015b wyrywaj\u0105c po jednym p\u0142ateczk\u00f3w bawi\u0142o si\u0119 w kocha, lubi, szanuje itd.\u00a0 \u00a0\u00a0\u00a0\u00a0\u00a0\u00a0 Ogrodow\u0105 wczesn\u0105 wiosn\u0105, dnia pi\u0119knego, Sasaneczka szuka tego jedynego. Jej wybredne, fioletowe, \u015bliczne p\u0142atki Przyci\u0105gaj\u0105 najr\u00f3\u017cniejsze m\u0119skie [&hellip;]<\/p>\n","protected":false},"author":2,"featured_media":0,"comment_status":"open","ping_status":"open","sticky":false,"template":"","format":"standard","meta":{"footnotes":""},"categories":[1,9,7],"tags":[],"class_list":["post-5463","post","type-post","status-publish","format-standard","hentry","category-bez-kategorii","category-ciekawostki","category-wiersze"],"_links":{"self":[{"href":"https:\/\/www.milosnicylasu.olsztyn.pl\/index.php?rest_route=\/wp\/v2\/posts\/5463","targetHints":{"allow":["GET"]}}],"collection":[{"href":"https:\/\/www.milosnicylasu.olsztyn.pl\/index.php?rest_route=\/wp\/v2\/posts"}],"about":[{"href":"https:\/\/www.milosnicylasu.olsztyn.pl\/index.php?rest_route=\/wp\/v2\/types\/post"}],"author":[{"embeddable":true,"href":"https:\/\/www.milosnicylasu.olsztyn.pl\/index.php?rest_route=\/wp\/v2\/users\/2"}],"replies":[{"embeddable":true,"href":"https:\/\/www.milosnicylasu.olsztyn.pl\/index.php?rest_route=%2Fwp%2Fv2%2Fcomments&post=5463"}],"version-history":[{"count":3,"href":"https:\/\/www.milosnicylasu.olsztyn.pl\/index.php?rest_route=\/wp\/v2\/posts\/5463\/revisions"}],"predecessor-version":[{"id":5493,"href":"https:\/\/www.milosnicylasu.olsztyn.pl\/index.php?rest_route=\/wp\/v2\/posts\/5463\/revisions\/5493"}],"wp:attachment":[{"href":"https:\/\/www.milosnicylasu.olsztyn.pl\/index.php?rest_route=%2Fwp%2Fv2%2Fmedia&parent=5463"}],"wp:term":[{"taxonomy":"category","embeddable":true,"href":"https:\/\/www.milosnicylasu.olsztyn.pl\/index.php?rest_route=%2Fwp%2Fv2%2Fcategories&post=5463"},{"taxonomy":"post_tag","embeddable":true,"href":"https:\/\/www.milosnicylasu.olsztyn.pl\/index.php?rest_route=%2Fwp%2Fv2%2Ftags&post=5463"}],"curies":[{"name":"wp","href":"https:\/\/api.w.org\/{rel}","templated":true}]}}