{"id":5466,"date":"2020-05-02T07:38:58","date_gmt":"2020-05-02T05:38:58","guid":{"rendered":"https:\/\/www.milosnicylasu.olsztyn.pl\/?p=5466"},"modified":"2020-05-03T06:38:12","modified_gmt":"2020-05-03T04:38:12","slug":"biale-w-czarne-latki-nie-tylko-w-olsztynie","status":"publish","type":"post","link":"https:\/\/www.milosnicylasu.olsztyn.pl\/?p=5466","title":{"rendered":"Bia\u0142e w czarne \u0142atki nie tylko w Olsztynie"},"content":{"rendered":"<p><a href=\"https:\/\/www.milosnicylasu.olsztyn.pl\/wp-content\/uploads\/2020\/04\/P4160029-www.jpg\" data-rel=\"lightbox-image-0\" data-magnific_type=\"image\" data-rl_title=\"\" data-rl_caption=\"\" title=\"\"><img loading=\"lazy\" decoding=\"async\" class=\"size-medium wp-image-5424 alignleft\" src=\"https:\/\/www.milosnicylasu.olsztyn.pl\/wp-content\/uploads\/2020\/04\/P4160029-www-300x225.jpg\" alt=\"\" width=\"300\" height=\"225\" srcset=\"https:\/\/www.milosnicylasu.olsztyn.pl\/wp-content\/uploads\/2020\/04\/P4160029-www-300x225.jpg 300w, https:\/\/www.milosnicylasu.olsztyn.pl\/wp-content\/uploads\/2020\/04\/P4160029-www-768x576.jpg 768w, https:\/\/www.milosnicylasu.olsztyn.pl\/wp-content\/uploads\/2020\/04\/P4160029-www.jpg 1024w\" sizes=\"auto, (max-width: 300px) 100vw, 300px\" \/><\/a><\/p>\n<p>Znalaz\u0142am w internecie kilka informacji o pojawiaj\u0105cych si\u0119 bia\u0142ych dzikach w czarne \u0142atki w innych rejonach kraju.<\/p>\n<p><strong>Informacje\u00a0 z Nadle\u015bnictwa Mi\u0119dzyzdroje<\/strong><\/p>\n<p>Wypoczywaj\u0105cy w Mi\u0119dzywodziu przyzwyczaili si\u0119 ju\u017c do watah dzik\u00f3w, kt\u00f3re przebiegaj\u0105 po chodniku prowadz\u0105cym na pla\u017c\u0119 z jednej wydmy na drug\u0105.<\/p>\n<p>Szczeg\u00f3lnie zainteresowa\u0142 ich jeden okaz. Wielu jest przekonanych, \u017ce to krzy\u017c\u00f3wka domowej \u015bwini i dzika. Ma bowiem jasn\u0105 sier\u015b\u0107, a na niej ciemne \u0142aty.<\/p>\n<p>&#8211; To forma naturalna &#8211; zapewnia Jacek Szczepaniak, zast\u0119pca nadle\u015bniczego z Nadle\u015bnictwa Mi\u0119dzyzdroje. &#8211; To tak zwany dzik \u0142aciaty. Czasem si\u0119 pojawia w lasach.<\/p>\n<p>Jacek Szczepaniak uwa\u017ca, \u017ce nie ma powodu obawia\u0107 si\u0119 dzik\u00f3w. Nawet gdy, tak jak w Mi\u0119dzywodziu, biegaj\u0105 obok ludzi.<\/p>\n<p>&#8211; Chyba \u017ce ma\u0142y dzik zacznie piszcze\u0107 i wzywa\u0107 pomocy. Wtedy matka mo\u017ce zareagowa\u0107 &#8211; m\u00f3wi.- Te zwierz\u0119ta s\u0105 dzi\u015b prawie wsz\u0119dzie. Na wydmach, pla\u017cy na wysypiskach \u015bmieci. Kr\u0105\u017c\u0105 tam, gdzie s\u0105 ludzie.<\/p>\n<p><strong>I z Nadle\u015bnictwa Pniewy \/2017 rok\/<br \/>\n<\/strong><\/p>\n<p>Wszystkie warchlaki dzika wygl\u0105daj\u0105 podobnie: br\u0105zowe umaszczenie, a na grzbiecie paski. Ale ten osobnik zdecydowanie wyr\u00f3\u017cnia si\u0119 na tle swojego licznego rodze\u0144stwa. Ju\u017c z daleka przyci\u0105ga uwag\u0119 bia\u0142ym w\u0142osiem i czarnymi kropkami. Spotka\u0107 dziczego albinosa to prawdziwa gratka. Uda\u0142o si\u0119 to le\u015bniczemu z Nadle\u015bnictwa Pniewy.<\/p>\n<p>Wiosna to dla wielu ssak\u00f3w czas narodzin potomstwa. Dla dzik\u00f3w r\u00f3wnie\u017c. Po jesiennej huczce i zimowej ci\u0105\u017cy, w lesie mo\u017cna zaobserwowa\u0107 starannie przygotowane przez samice bar\u0142ogi. W miar\u0119 mo\u017cliwo\u015bci os\u0142oni\u0119te od wiatru i deszczu, wy\u015bcie\u0142ane mchem i trzcin\u0105, s\u0105 pierwszym domem warchlak\u00f3w. Kiedy troch\u0119 podrosn\u0105, lochy zabieraj\u0105 je na wsp\u00f3lne w\u0119dr\u00f3wki po okolicy.<\/p>\n<p><strong>Tylko on kropkowany<\/strong><\/p>\n<p>Le\u015bniczy z Pniew mia\u0142 szcz\u0119\u015bcie natrafi\u0107 na tak\u0105 watah\u0119. Warchlak\u00f3w by\u0142o ok. 30, ale jeden szczeg\u00f3lnie przyci\u0105ga\u0142 uwag\u0119. Tamte by\u0142y pasiaste, a on &#8211; kropkowany.<\/p>\n<p>To niecodzienne umaszczenie, to nic innego jak albinizm. Choroba genetyczna, zwi\u0105zana z nieprawid\u0142owym wi\u0105zaniem pigmentu &#8211; melaniny. To w przyrodzie normalnie wyst\u0119puj\u0105ce zjawisko, cho\u0107 rzadkie. Ma\u0142y dzik nie wygl\u0105da jednak jakby si\u0119 tym przejmowa\u0142. Nie jest jedynym, kt\u00f3ry \u017cyje na terenie nadle\u015bnictwa. <em>&#8211; Okaza\u0142o si\u0119, \u017ce w drugiej watasze dzik\u00f3w na \u015bwiat przysz\u0142y a\u017c trzy warchlaki &#8211; albinosy. Dlatego teraz po lesie biegaj\u0105 cztery takie maluchy. <\/em><\/p>\n<p><strong>A w Olsztynie?<\/strong><\/p>\n<p>Nie spotykamy ju\u017c rodziny dzik\u00f3w z dziwnymi ma\u0142ymi, ale tych br\u0105zowych nie brakuje. Dwa dni temu przy ulicy Sikorskiego by\u0142o ich ponad dwadzie\u015bcia sztuk!<a href=\"https:\/\/www.milosnicylasu.olsztyn.pl\/wp-content\/uploads\/2020\/05\/DSCN5353-www.jpg\" data-rel=\"lightbox-image-1\" data-magnific_type=\"image\" data-rl_title=\"\" data-rl_caption=\"\" title=\"\"><img loading=\"lazy\" decoding=\"async\" class=\"size-medium wp-image-5487 alignleft\" src=\"https:\/\/www.milosnicylasu.olsztyn.pl\/wp-content\/uploads\/2020\/05\/DSCN5353-www-300x169.jpg\" alt=\"\" width=\"300\" height=\"169\" srcset=\"https:\/\/www.milosnicylasu.olsztyn.pl\/wp-content\/uploads\/2020\/05\/DSCN5353-www-300x169.jpg 300w, https:\/\/www.milosnicylasu.olsztyn.pl\/wp-content\/uploads\/2020\/05\/DSCN5353-www-768x432.jpg 768w, https:\/\/www.milosnicylasu.olsztyn.pl\/wp-content\/uploads\/2020\/05\/DSCN5353-www-730x410.jpg 730w, https:\/\/www.milosnicylasu.olsztyn.pl\/wp-content\/uploads\/2020\/05\/DSCN5353-www.jpg 1024w\" sizes=\"auto, (max-width: 300px) 100vw, 300px\" \/><\/a><a href=\"https:\/\/www.milosnicylasu.olsztyn.pl\/wp-content\/uploads\/2020\/05\/DSCN5354-www.jpg\" data-rel=\"lightbox-image-2\" data-magnific_type=\"image\" data-rl_title=\"\" data-rl_caption=\"\" title=\"\"><img loading=\"lazy\" decoding=\"async\" class=\"alignnone size-medium wp-image-5488\" src=\"https:\/\/www.milosnicylasu.olsztyn.pl\/wp-content\/uploads\/2020\/05\/DSCN5354-www-300x169.jpg\" alt=\"\" width=\"300\" height=\"169\" srcset=\"https:\/\/www.milosnicylasu.olsztyn.pl\/wp-content\/uploads\/2020\/05\/DSCN5354-www-300x169.jpg 300w, https:\/\/www.milosnicylasu.olsztyn.pl\/wp-content\/uploads\/2020\/05\/DSCN5354-www-768x432.jpg 768w, https:\/\/www.milosnicylasu.olsztyn.pl\/wp-content\/uploads\/2020\/05\/DSCN5354-www-730x410.jpg 730w, https:\/\/www.milosnicylasu.olsztyn.pl\/wp-content\/uploads\/2020\/05\/DSCN5354-www.jpg 1024w\" sizes=\"auto, (max-width: 300px) 100vw, 300px\" \/><\/a><a href=\"https:\/\/www.milosnicylasu.olsztyn.pl\/wp-content\/uploads\/2020\/05\/DSCN5355-www.jpg\" data-rel=\"lightbox-image-3\" data-magnific_type=\"image\" data-rl_title=\"\" data-rl_caption=\"\" title=\"\"><img loading=\"lazy\" decoding=\"async\" class=\"size-medium wp-image-5489 alignleft\" src=\"https:\/\/www.milosnicylasu.olsztyn.pl\/wp-content\/uploads\/2020\/05\/DSCN5355-www-169x300.jpg\" alt=\"\" width=\"169\" height=\"300\" srcset=\"https:\/\/www.milosnicylasu.olsztyn.pl\/wp-content\/uploads\/2020\/05\/DSCN5355-www-169x300.jpg 169w, https:\/\/www.milosnicylasu.olsztyn.pl\/wp-content\/uploads\/2020\/05\/DSCN5355-www.jpg 576w\" sizes=\"auto, (max-width: 169px) 100vw, 169px\" \/><\/a><\/p>\n","protected":false},"excerpt":{"rendered":"<p>Znalaz\u0142am w internecie kilka informacji o pojawiaj\u0105cych si\u0119 bia\u0142ych dzikach w czarne \u0142atki w innych rejonach kraju. Informacje\u00a0 z Nadle\u015bnictwa Mi\u0119dzyzdroje Wypoczywaj\u0105cy w Mi\u0119dzywodziu przyzwyczaili si\u0119 ju\u017c do watah dzik\u00f3w, kt\u00f3re przebiegaj\u0105 po chodniku prowadz\u0105cym na pla\u017c\u0119 z jednej wydmy na drug\u0105. Szczeg\u00f3lnie zainteresowa\u0142 ich jeden okaz. Wielu jest przekonanych, \u017ce to krzy\u017c\u00f3wka domowej \u015bwini [&hellip;]<\/p>\n","protected":false},"author":2,"featured_media":0,"comment_status":"open","ping_status":"open","sticky":false,"template":"","format":"standard","meta":{"footnotes":""},"categories":[1,9,17],"tags":[],"class_list":["post-5466","post","type-post","status-publish","format-standard","hentry","category-bez-kategorii","category-ciekawostki","category-edukacja-w-terenie"],"_links":{"self":[{"href":"https:\/\/www.milosnicylasu.olsztyn.pl\/index.php?rest_route=\/wp\/v2\/posts\/5466","targetHints":{"allow":["GET"]}}],"collection":[{"href":"https:\/\/www.milosnicylasu.olsztyn.pl\/index.php?rest_route=\/wp\/v2\/posts"}],"about":[{"href":"https:\/\/www.milosnicylasu.olsztyn.pl\/index.php?rest_route=\/wp\/v2\/types\/post"}],"author":[{"embeddable":true,"href":"https:\/\/www.milosnicylasu.olsztyn.pl\/index.php?rest_route=\/wp\/v2\/users\/2"}],"replies":[{"embeddable":true,"href":"https:\/\/www.milosnicylasu.olsztyn.pl\/index.php?rest_route=%2Fwp%2Fv2%2Fcomments&post=5466"}],"version-history":[{"count":4,"href":"https:\/\/www.milosnicylasu.olsztyn.pl\/index.php?rest_route=\/wp\/v2\/posts\/5466\/revisions"}],"predecessor-version":[{"id":5490,"href":"https:\/\/www.milosnicylasu.olsztyn.pl\/index.php?rest_route=\/wp\/v2\/posts\/5466\/revisions\/5490"}],"wp:attachment":[{"href":"https:\/\/www.milosnicylasu.olsztyn.pl\/index.php?rest_route=%2Fwp%2Fv2%2Fmedia&parent=5466"}],"wp:term":[{"taxonomy":"category","embeddable":true,"href":"https:\/\/www.milosnicylasu.olsztyn.pl\/index.php?rest_route=%2Fwp%2Fv2%2Fcategories&post=5466"},{"taxonomy":"post_tag","embeddable":true,"href":"https:\/\/www.milosnicylasu.olsztyn.pl\/index.php?rest_route=%2Fwp%2Fv2%2Ftags&post=5466"}],"curies":[{"name":"wp","href":"https:\/\/api.w.org\/{rel}","templated":true}]}}