{"id":5481,"date":"2020-05-02T19:07:42","date_gmt":"2020-05-02T17:07:42","guid":{"rendered":"https:\/\/www.milosnicylasu.olsztyn.pl\/?p=5481"},"modified":"2020-05-03T06:24:25","modified_gmt":"2020-05-03T04:24:25","slug":"dzien-flagi","status":"publish","type":"post","link":"https:\/\/www.milosnicylasu.olsztyn.pl\/?p=5481","title":{"rendered":"Dzie\u0144 Flagi"},"content":{"rendered":"<p>Dzie\u0144 Flagi Rzeczypospolitej Polskiej \u015bwi\u0119tujemy 2 maja. Tego samego dnia obchodzony jest Dzie\u0144 Polonii i Polak\u00f3w za Granic\u0105.<\/p>\n<p>Wyb\u00f3r tej daty nie by\u0142 przypadkowy. Chodzi\u0142o o wyb\u00f3r dnia, w kt\u00f3rym Polakom towarzyszy refleksja o szczytnych kartach historii Polski, wype\u0142nienie wolnego dnia pomi\u0119dzy \u015bwi\u0119tami narodowymi, oraz podkre\u015blenie obchod\u00f3w \u015awiatowego Dnia Polonii.<\/p>\n<p>W ustawie z 2004 r., kt\u00f3ra wprowadzi\u0142a Dzie\u0144 Flagi, znalaz\u0142y si\u0119 tak\u017ce wa\u017cne regulacje dotycz\u0105ce pos\u0142ugiwania si\u0119 flag\u0105. Zezwala ona ka\u017cdemu obywatelowi na umieszczanie barw Rzeczypospolitej Polskiej na swoich domach, balkonach i innych widocznych miejscach. Wcze\u015bniej przepisy dopuszcza\u0142y tak\u0105 mo\u017cliwo\u015b\u0107 tylko w \u015bci\u015ble okre\u015blonych sytuacjach, na przyk\u0142ad z okazji \u015bwiat pa\u0144stwowych. Wywieszenie flagi bez powodu by\u0142o przed 2004 r. wykroczeniem.<\/p>\n<p>Z okazji Dnia Flagi organizowane s\u0105 r\u00f3\u017cnego rodzaju akcje i manifestacje patriotyczne. Powszechne sta\u0142o si\u0119 noszenie w tym dniu kokardy narodowej w bia\u0142o-czerwonych barwach. Zwyczaj ten spopularyzowa\u0142 prezydent Lech Kaczy\u0144ski. By\u0142 kontynuowany przez Bronis\u0142awa Komorowskiego, a obecnie r\u00f3wnie\u017c przez Andrzeja Dud\u0119.<\/p>\n<p><strong>Ciekawostka: w\u0142a\u015bnie dnia 2 maja w 1945 r. polscy \u017co\u0142nierze zdobywaj\u0105cy stolic\u0119 hitlerowskich Niemiec umie\u015bcili bia\u0142o-czerwon\u0105 flag\u0119 na kolumnie zwyci\u0119stwa \u2013 Siegess\u00e4ule oraz na Reichstagu w Berlinie.<\/strong><\/p>\n<p>A pi\u0119kna bia\u0142o-czerwona powiewa na naszej stronie dzi\u0119ki Tomkowi Kicowskiemu, kt\u00f3ry napisa\u0142:<\/p>\n<p><strong><em>Wszak Dzie\u0144 Flagi mamy, jak\u017ce to, aby ko\u0142o mi\u0142o\u015bnik\u00f3w militari\u00f3w nie mia\u0142o flagi na maszcie? \ud83d\ude42<\/em><\/strong><br \/>\n<strong><em>A flaga ta powiewa\u0142a dwa lata temu nad zamkiem Tropsztyn w miejscowo\u015bci Wytrzyszczka (dzi\u015b pewnie te\u017c powiewa, mo\u017ce nawet ta sama).<\/em><\/strong><\/p>\n","protected":false},"excerpt":{"rendered":"<p>Dzie\u0144 Flagi Rzeczypospolitej Polskiej \u015bwi\u0119tujemy 2 maja. Tego samego dnia obchodzony jest Dzie\u0144 Polonii i Polak\u00f3w za Granic\u0105. Wyb\u00f3r tej daty nie by\u0142 przypadkowy. Chodzi\u0142o o wyb\u00f3r dnia, w kt\u00f3rym Polakom towarzyszy refleksja o szczytnych kartach historii Polski, wype\u0142nienie wolnego dnia pomi\u0119dzy \u015bwi\u0119tami narodowymi, oraz podkre\u015blenie obchod\u00f3w \u015awiatowego Dnia Polonii. W ustawie z 2004 r., [&hellip;]<\/p>\n","protected":false},"author":2,"featured_media":0,"comment_status":"open","ping_status":"open","sticky":false,"template":"","format":"standard","meta":{"footnotes":""},"categories":[1,9],"tags":[],"class_list":["post-5481","post","type-post","status-publish","format-standard","hentry","category-bez-kategorii","category-ciekawostki"],"_links":{"self":[{"href":"https:\/\/www.milosnicylasu.olsztyn.pl\/index.php?rest_route=\/wp\/v2\/posts\/5481","targetHints":{"allow":["GET"]}}],"collection":[{"href":"https:\/\/www.milosnicylasu.olsztyn.pl\/index.php?rest_route=\/wp\/v2\/posts"}],"about":[{"href":"https:\/\/www.milosnicylasu.olsztyn.pl\/index.php?rest_route=\/wp\/v2\/types\/post"}],"author":[{"embeddable":true,"href":"https:\/\/www.milosnicylasu.olsztyn.pl\/index.php?rest_route=\/wp\/v2\/users\/2"}],"replies":[{"embeddable":true,"href":"https:\/\/www.milosnicylasu.olsztyn.pl\/index.php?rest_route=%2Fwp%2Fv2%2Fcomments&post=5481"}],"version-history":[{"count":3,"href":"https:\/\/www.milosnicylasu.olsztyn.pl\/index.php?rest_route=\/wp\/v2\/posts\/5481\/revisions"}],"predecessor-version":[{"id":5484,"href":"https:\/\/www.milosnicylasu.olsztyn.pl\/index.php?rest_route=\/wp\/v2\/posts\/5481\/revisions\/5484"}],"wp:attachment":[{"href":"https:\/\/www.milosnicylasu.olsztyn.pl\/index.php?rest_route=%2Fwp%2Fv2%2Fmedia&parent=5481"}],"wp:term":[{"taxonomy":"category","embeddable":true,"href":"https:\/\/www.milosnicylasu.olsztyn.pl\/index.php?rest_route=%2Fwp%2Fv2%2Fcategories&post=5481"},{"taxonomy":"post_tag","embeddable":true,"href":"https:\/\/www.milosnicylasu.olsztyn.pl\/index.php?rest_route=%2Fwp%2Fv2%2Ftags&post=5481"}],"curies":[{"name":"wp","href":"https:\/\/api.w.org\/{rel}","templated":true}]}}