{"id":5501,"date":"2020-05-11T19:17:03","date_gmt":"2020-05-11T17:17:03","guid":{"rendered":"https:\/\/www.milosnicylasu.olsztyn.pl\/?p=5501"},"modified":"2020-05-11T19:17:03","modified_gmt":"2020-05-11T17:17:03","slug":"15-maja-dzien-polskiej-niezapominajki","status":"publish","type":"post","link":"https:\/\/www.milosnicylasu.olsztyn.pl\/?p=5501","title":{"rendered":"15 maja &#8211; Dzie\u0144 Polskiej Niezapominajki"},"content":{"rendered":"<p><a href=\"https:\/\/www.milosnicylasu.olsztyn.pl\/wp-content\/uploads\/2020\/05\/DSCN5370-www.jpg\" data-rel=\"lightbox-image-0\" data-magnific_type=\"image\" data-rl_title=\"\" data-rl_caption=\"\" title=\"\"><img loading=\"lazy\" decoding=\"async\" class=\"size-medium wp-image-5502 alignleft\" src=\"https:\/\/www.milosnicylasu.olsztyn.pl\/wp-content\/uploads\/2020\/05\/DSCN5370-www-300x169.jpg\" alt=\"\" width=\"300\" height=\"169\" srcset=\"https:\/\/www.milosnicylasu.olsztyn.pl\/wp-content\/uploads\/2020\/05\/DSCN5370-www-300x169.jpg 300w, https:\/\/www.milosnicylasu.olsztyn.pl\/wp-content\/uploads\/2020\/05\/DSCN5370-www-768x432.jpg 768w, https:\/\/www.milosnicylasu.olsztyn.pl\/wp-content\/uploads\/2020\/05\/DSCN5370-www-730x410.jpg 730w, https:\/\/www.milosnicylasu.olsztyn.pl\/wp-content\/uploads\/2020\/05\/DSCN5370-www.jpg 1024w\" sizes=\"auto, (max-width: 300px) 100vw, 300px\" \/><\/a>Niezapominajki, zwane r\u00f3wnie\u017c \u201eniezabudkami\u201d, nale\u017c\u0105 do rodziny og\u00f3recznikowatych. Najcz\u0119\u015bciej wyst\u0119puj\u0105 w kolorze niebieskim, rzadziej r\u00f3\u017cowym lub bia\u0142ym. Mo\u017cemy je spotka\u0107 na terenie ca\u0142ej Europy (pami\u0119tajmy, \u017ce s\u0105 obj\u0119te \u015bcis\u0142\u0105 ochron\u0105). Najcz\u0119\u015bciej rosn\u0105 dziko w lesie lub nad brzegiem jeziora. Niezapominajka znana jest jako ro\u015blina symbolizuj\u0105ca pami\u0119\u0107. Jest te\u017c kwiatem stanowym Alaski, a od 2002 roku w Polsce obchodzimy Dzie\u0144 Polskiej Niezapominajki, kt\u00f3ry ma za zadanie przypomina\u0107 o konieczno\u015bci ochrony polskiej przyrody.<\/p>\n<p><strong>Dzie\u0144 Niezapominajki obchodzimy 15 maja<\/strong>. W tym dniu promujemy szczeg\u00f3lnie walory polskiej przyrody i r\u00f3\u017cnorodno\u015b\u0107 biologiczn\u0105, przypominamy o potrzebie jej ochrony. Dodatkowo \u201enie-zapominajka\u201d ma na celu zachowanie od zapomnienia wa\u017cnych chwil w\u00a0\u017cyciu, os\u00f3b, miejsc i sytuacji, lokalnych tradycji. <strong>\u015awi\u0119to to zach\u0119ca nas do pami\u0119tania o bliskich, \u017cyczliwo\u015bci i otwarcia na drugiego cz\u0142owieka, dostrze\u017cenia go na w\u0142asnym osiedlu, dzielnicy czy mie\u015bcie, przypomina o istocie dbania o nasze otoczenie.<\/strong><\/p>\n<p><strong> Jakie to aktualne \u015awi\u0119to, szczeg\u00f3lnie w tych trudnych &#8211; nienormalnych czasach.\u00a0<\/strong><\/p>\n<p>A tak na marginesie, wychowana w domku z ogrodem, na osiedlu przylegaj\u0105cym do lasu, wydawa\u0142o mi si\u0119, \u017ce wszyscy wiedz\u0105 jak wygl\u0105da niezapominajka i inne ro\u015bliny le\u015bne, \u0142\u0105kowe ale te\u017c ogrodowe. Ostatnio spotka\u0142am jednak ponad czterdziestoletniego, kt\u00f3ry zachwyca\u0142 si\u0119 pi\u0119knymi niebieskimi i bia\u0142ymi kwiatkami. By\u0142 zaskoczony jak mu powiedzia\u0142am, \u017ce jest to niezapominajka.<\/p>\n<p>Jest wiosna, lato przed nami. Postaram si\u0119 zamieszcza\u0107 zdj\u0119cia popularnych kwiat\u00f3w, aby\u015bmy mogli przypomnie\u0107, pozna\u0107 ich nazwy.<\/p>\n<p>A na koniec zagadka: jakie to kwiaty?<a href=\"https:\/\/www.milosnicylasu.olsztyn.pl\/wp-content\/uploads\/2020\/05\/DSCN5393-www.jpg\" data-rel=\"lightbox-image-1\" data-magnific_type=\"image\" data-rl_title=\"\" data-rl_caption=\"\" title=\"\"><img loading=\"lazy\" decoding=\"async\" class=\"size-medium wp-image-5506 alignright\" src=\"https:\/\/www.milosnicylasu.olsztyn.pl\/wp-content\/uploads\/2020\/05\/DSCN5393-www-300x169.jpg\" alt=\"\" width=\"300\" height=\"169\" srcset=\"https:\/\/www.milosnicylasu.olsztyn.pl\/wp-content\/uploads\/2020\/05\/DSCN5393-www-300x169.jpg 300w, https:\/\/www.milosnicylasu.olsztyn.pl\/wp-content\/uploads\/2020\/05\/DSCN5393-www-768x432.jpg 768w, https:\/\/www.milosnicylasu.olsztyn.pl\/wp-content\/uploads\/2020\/05\/DSCN5393-www-730x410.jpg 730w, https:\/\/www.milosnicylasu.olsztyn.pl\/wp-content\/uploads\/2020\/05\/DSCN5393-www.jpg 1024w\" sizes=\"auto, (max-width: 300px) 100vw, 300px\" \/><\/a> <a href=\"https:\/\/www.milosnicylasu.olsztyn.pl\/wp-content\/uploads\/2020\/05\/DSCN5379-www.jpg\" data-rel=\"lightbox-image-2\" data-magnific_type=\"image\" data-rl_title=\"\" data-rl_caption=\"\" title=\"\"><img loading=\"lazy\" decoding=\"async\" class=\"size-medium wp-image-5505 alignright\" src=\"https:\/\/www.milosnicylasu.olsztyn.pl\/wp-content\/uploads\/2020\/05\/DSCN5379-www-300x169.jpg\" alt=\"\" width=\"300\" height=\"169\" srcset=\"https:\/\/www.milosnicylasu.olsztyn.pl\/wp-content\/uploads\/2020\/05\/DSCN5379-www-300x169.jpg 300w, https:\/\/www.milosnicylasu.olsztyn.pl\/wp-content\/uploads\/2020\/05\/DSCN5379-www-768x432.jpg 768w, https:\/\/www.milosnicylasu.olsztyn.pl\/wp-content\/uploads\/2020\/05\/DSCN5379-www-730x410.jpg 730w, https:\/\/www.milosnicylasu.olsztyn.pl\/wp-content\/uploads\/2020\/05\/DSCN5379-www.jpg 1024w\" sizes=\"auto, (max-width: 300px) 100vw, 300px\" \/><\/a><\/p>\n","protected":false},"excerpt":{"rendered":"<p>Niezapominajki, zwane r\u00f3wnie\u017c \u201eniezabudkami\u201d, nale\u017c\u0105 do rodziny og\u00f3recznikowatych. Najcz\u0119\u015bciej wyst\u0119puj\u0105 w kolorze niebieskim, rzadziej r\u00f3\u017cowym lub bia\u0142ym. Mo\u017cemy je spotka\u0107 na terenie ca\u0142ej Europy (pami\u0119tajmy, \u017ce s\u0105 obj\u0119te \u015bcis\u0142\u0105 ochron\u0105). Najcz\u0119\u015bciej rosn\u0105 dziko w lesie lub nad brzegiem jeziora. Niezapominajka znana jest jako ro\u015blina symbolizuj\u0105ca pami\u0119\u0107. Jest te\u017c kwiatem stanowym Alaski, a od 2002 roku [&hellip;]<\/p>\n","protected":false},"author":2,"featured_media":0,"comment_status":"open","ping_status":"open","sticky":false,"template":"","format":"standard","meta":{"footnotes":""},"categories":[1,9,17],"tags":[],"class_list":["post-5501","post","type-post","status-publish","format-standard","hentry","category-bez-kategorii","category-ciekawostki","category-edukacja-w-terenie"],"_links":{"self":[{"href":"https:\/\/www.milosnicylasu.olsztyn.pl\/index.php?rest_route=\/wp\/v2\/posts\/5501","targetHints":{"allow":["GET"]}}],"collection":[{"href":"https:\/\/www.milosnicylasu.olsztyn.pl\/index.php?rest_route=\/wp\/v2\/posts"}],"about":[{"href":"https:\/\/www.milosnicylasu.olsztyn.pl\/index.php?rest_route=\/wp\/v2\/types\/post"}],"author":[{"embeddable":true,"href":"https:\/\/www.milosnicylasu.olsztyn.pl\/index.php?rest_route=\/wp\/v2\/users\/2"}],"replies":[{"embeddable":true,"href":"https:\/\/www.milosnicylasu.olsztyn.pl\/index.php?rest_route=%2Fwp%2Fv2%2Fcomments&post=5501"}],"version-history":[{"count":1,"href":"https:\/\/www.milosnicylasu.olsztyn.pl\/index.php?rest_route=\/wp\/v2\/posts\/5501\/revisions"}],"predecessor-version":[{"id":5507,"href":"https:\/\/www.milosnicylasu.olsztyn.pl\/index.php?rest_route=\/wp\/v2\/posts\/5501\/revisions\/5507"}],"wp:attachment":[{"href":"https:\/\/www.milosnicylasu.olsztyn.pl\/index.php?rest_route=%2Fwp%2Fv2%2Fmedia&parent=5501"}],"wp:term":[{"taxonomy":"category","embeddable":true,"href":"https:\/\/www.milosnicylasu.olsztyn.pl\/index.php?rest_route=%2Fwp%2Fv2%2Fcategories&post=5501"},{"taxonomy":"post_tag","embeddable":true,"href":"https:\/\/www.milosnicylasu.olsztyn.pl\/index.php?rest_route=%2Fwp%2Fv2%2Ftags&post=5501"}],"curies":[{"name":"wp","href":"https:\/\/api.w.org\/{rel}","templated":true}]}}