{"id":555,"date":"2013-06-20T07:51:51","date_gmt":"2013-06-20T05:51:51","guid":{"rendered":"http:\/\/www.milosnicylasu.olsztyn.pl\/?p=555"},"modified":"2013-06-20T08:15:17","modified_gmt":"2013-06-20T06:15:17","slug":"jest-takie-miejsce-kostomloty-sanktuarium-unitow-podlaskich","status":"publish","type":"post","link":"https:\/\/www.milosnicylasu.olsztyn.pl\/?p=555","title":{"rendered":"Jest takie miejsce&#8230;&#8230;&#8230; Kostom\u0142oty &#8211; Sanktuarium Unit\u00f3w Podlaskich"},"content":{"rendered":"<p>&nbsp;<\/p>\n<p><a href=\"http:\/\/www.milosnicylasu.olsztyn.pl\/wp-content\/uploads\/2013\/06\/DSCN2571.jpg-www.jpg\" data-rel=\"lightbox-image-0\" data-magnific_type=\"image\" data-rl_title=\"\" data-rl_caption=\"\" title=\"\"><img loading=\"lazy\" decoding=\"async\" class=\"alignleft size-medium wp-image-557\" alt=\"DSCN2571.jpg-www\" src=\"http:\/\/www.milosnicylasu.olsztyn.pl\/wp-content\/uploads\/2013\/06\/DSCN2571.jpg-www-300x225.jpg\" width=\"300\" height=\"225\" srcset=\"https:\/\/www.milosnicylasu.olsztyn.pl\/wp-content\/uploads\/2013\/06\/DSCN2571.jpg-www-300x225.jpg 300w, https:\/\/www.milosnicylasu.olsztyn.pl\/wp-content\/uploads\/2013\/06\/DSCN2571.jpg-www-400x300.jpg 400w, https:\/\/www.milosnicylasu.olsztyn.pl\/wp-content\/uploads\/2013\/06\/DSCN2571.jpg-www.jpg 1024w\" sizes=\"auto, (max-width: 300px) 100vw, 300px\" \/><\/a>Kostom\u0142oty le\u017c\u0105 nad pi\u0119knym i malowniczym Bugiem w odleg\u0142o\u015bci niespe\u0142na 15 km od Brze\u015bcia.<\/p>\n<p>Parafia katolicka obrz\u0105dku wschodniego w Kostom\u0142otach powsta\u0142a w 1627 r. na fali wydarze\u0144 zwi\u0105zanych z zawarciem tzw. Unii Brzeskiej. Drewniana kostom\u0142ocka cerkiew pochodzi z pierwszej po\u0142owy XVII w. Patronuje jej m\u0119czennik \u2013 rzymski legionista Nicetas, kt\u00f3ry odda\u0142 \u017cycie za Chrystusa w 370 r. na terenie dzisiejszych W\u0119gier.<\/p>\n<p><a href=\"http:\/\/www.milosnicylasu.olsztyn.pl\/wp-content\/uploads\/2013\/06\/DSCN2579.jpg-www.jpg\" data-rel=\"lightbox-image-1\" data-magnific_type=\"image\" data-rl_title=\"\" data-rl_caption=\"\" title=\"\"><img loading=\"lazy\" decoding=\"async\" class=\"size-medium wp-image-561 alignright\" alt=\"DSCN2579.jpg-www\" src=\"http:\/\/www.milosnicylasu.olsztyn.pl\/wp-content\/uploads\/2013\/06\/DSCN2579.jpg-www-300x225.jpg\" width=\"300\" height=\"225\" srcset=\"https:\/\/www.milosnicylasu.olsztyn.pl\/wp-content\/uploads\/2013\/06\/DSCN2579.jpg-www-300x225.jpg 300w, https:\/\/www.milosnicylasu.olsztyn.pl\/wp-content\/uploads\/2013\/06\/DSCN2579.jpg-www-400x300.jpg 400w, https:\/\/www.milosnicylasu.olsztyn.pl\/wp-content\/uploads\/2013\/06\/DSCN2579.jpg-www.jpg 1024w\" sizes=\"auto, (max-width: 300px) 100vw, 300px\" \/><\/a>To jedyna parafia neounicka zachowana na\u00a0terenie powojennej Polski spo\u015br\u00f3d parafii grekokatolickich odnowionych na\u00a0terenie Che\u0142mszczyzmy i\u00a0Podlasia w\u00a0okresie mi\u0119dzywojennym. Obecnie parafia liczy zaledwie 147 wiernych. Od 2007 r. pos\u0142ug\u0105 jej dwaj ksi\u0119\u017ca diecezji siedleckiej (birytuali\u015bci), proboszcz &#8211; Ks. Mgr Zbigniew Nikoniuk pochodz\u0105cy z parafii Pratulin z rodziny o korzeniach i tradycjach unickich oraz wicedyrektor Katolickiego Liceum Og\u00f3lnokszta\u0142c\u0105cego w Bia\u0142ej Podlaskiej Ks. Mgr Andrzej Daniluk. Od tego te\u017c roku, z woli Stolicy Apostolskiej parafia podlega jurysdykcji biskupa Zbigniewa Kiernikowskiego \u2013 ordynariusza \u0142aci\u0144skiej diecezji siedleckiej. Parafia Kostom\u0142oty jest dzi\u015b miejscem ch\u0119tnie odwiedzanym przez tysi\u0105ce pielgrzym\u00f3w i turyst\u00f3w, cenionym o\u015brodkiem rekolekcyjnym, zak\u0105tkiem odwiedzanym przez m\u0142odszych i starszych. Od lat maj\u0105 tu miejsce spotkania ekumeniczne, obozy harcerskie, za\u015b w 2010 r. odby\u0142 si\u0119 tu og\u00f3lnodiecezjalny zlot m\u0142odzie\u017cy katolickiej obu obrz\u0105dk\u00f3w \u201eJerycho M\u0142odych\u201d.<\/p>\n","protected":false},"excerpt":{"rendered":"<p>&nbsp; Kostom\u0142oty le\u017c\u0105 nad pi\u0119knym i malowniczym Bugiem w odleg\u0142o\u015bci niespe\u0142na 15 km od Brze\u015bcia. Parafia katolicka obrz\u0105dku wschodniego w Kostom\u0142otach powsta\u0142a w 1627 r. na fali wydarze\u0144 zwi\u0105zanych z zawarciem tzw. Unii Brzeskiej. Drewniana kostom\u0142ocka cerkiew pochodzi z pierwszej po\u0142owy XVII w. Patronuje jej m\u0119czennik \u2013 rzymski legionista Nicetas, kt\u00f3ry odda\u0142 \u017cycie za Chrystusa [&hellip;]<\/p>\n","protected":false},"author":1,"featured_media":0,"comment_status":"open","ping_status":"open","sticky":false,"template":"","format":"standard","meta":{"footnotes":""},"categories":[1,9,5],"tags":[],"class_list":["post-555","post","type-post","status-publish","format-standard","hentry","category-bez-kategorii","category-ciekawostki","category-wycieczki"],"_links":{"self":[{"href":"https:\/\/www.milosnicylasu.olsztyn.pl\/index.php?rest_route=\/wp\/v2\/posts\/555","targetHints":{"allow":["GET"]}}],"collection":[{"href":"https:\/\/www.milosnicylasu.olsztyn.pl\/index.php?rest_route=\/wp\/v2\/posts"}],"about":[{"href":"https:\/\/www.milosnicylasu.olsztyn.pl\/index.php?rest_route=\/wp\/v2\/types\/post"}],"author":[{"embeddable":true,"href":"https:\/\/www.milosnicylasu.olsztyn.pl\/index.php?rest_route=\/wp\/v2\/users\/1"}],"replies":[{"embeddable":true,"href":"https:\/\/www.milosnicylasu.olsztyn.pl\/index.php?rest_route=%2Fwp%2Fv2%2Fcomments&post=555"}],"version-history":[{"count":5,"href":"https:\/\/www.milosnicylasu.olsztyn.pl\/index.php?rest_route=\/wp\/v2\/posts\/555\/revisions"}],"predecessor-version":[{"id":558,"href":"https:\/\/www.milosnicylasu.olsztyn.pl\/index.php?rest_route=\/wp\/v2\/posts\/555\/revisions\/558"}],"wp:attachment":[{"href":"https:\/\/www.milosnicylasu.olsztyn.pl\/index.php?rest_route=%2Fwp%2Fv2%2Fmedia&parent=555"}],"wp:term":[{"taxonomy":"category","embeddable":true,"href":"https:\/\/www.milosnicylasu.olsztyn.pl\/index.php?rest_route=%2Fwp%2Fv2%2Fcategories&post=555"},{"taxonomy":"post_tag","embeddable":true,"href":"https:\/\/www.milosnicylasu.olsztyn.pl\/index.php?rest_route=%2Fwp%2Fv2%2Ftags&post=555"}],"curies":[{"name":"wp","href":"https:\/\/api.w.org\/{rel}","templated":true}]}}