{"id":5584,"date":"2020-07-01T10:31:41","date_gmt":"2020-07-01T08:31:41","guid":{"rendered":"https:\/\/www.milosnicylasu.olsztyn.pl\/?p=5584"},"modified":"2020-07-01T10:32:21","modified_gmt":"2020-07-01T08:32:21","slug":"zmiany-w-rdlp-w-olsztynie","status":"publish","type":"post","link":"https:\/\/www.milosnicylasu.olsztyn.pl\/?p=5584","title":{"rendered":"Zmiany w RDLP w Olsztynie"},"content":{"rendered":"<p>12 maja br. Dyrektorem Regionalnej Dyrekcji Las\u00f3w Pa\u0144stwowych w Olsztynie zosta\u0142 Adam Roczniak.<\/p>\n<p>Adam Roczniak na stanowisku Dyrektora RDLP w Olsztynie zast\u0105pi\u0142 Mariusza Orzechowskiego, kt\u00f3ry obj\u0105\u0142 stanowisko Nadle\u015bniczego Nadle\u015bnictwa Kudypy.<\/p>\n<p>W zwi\u0105zku z tak wa\u017cnymi zmianami personalnymi w instytucjach z kt\u00f3rymi wsp\u00f3\u0142pracujemy od\u00a0 pocz\u0105tku naszej dzia\u0142alno\u015bci, Prezes Ko\u0142a Anatol Leszczy\u0144ski spotka\u0142 si\u0119\u00a0 z Panem Adamem Roczniakiem aby przedstawi\u0107 dzia\u0142alno\u015b\u0107 Ko\u0142a Mi\u0142o\u015bnik\u00f3w Lasu i Militari\u00f3w LOK przy ATW w Olsztynie i poprosi\u0107 o dalsz\u0105 pomoc i wsparcie pracy Ko\u0142a. Dyrektor RDLP\u00a0 bardzo przychylnie ustosunkowa\u0142 si\u0119 do naszej pro\u015bby. Nast\u0119pne spotkanie odby\u0142o si\u0119 w Nadle\u015bnictwie Kudypy z Nadle\u015bniczym Mariuszem Orzechowskim, kt\u00f3remu Prezes podzi\u0119kowa\u0142 za przychylne podej\u015bcie do KMLiM, podczas jego pracy na stanowisku Dyrektora RDLP w Olsztynie i prosz\u0105c o dalsz\u0105 wsp\u00f3\u0142prac\u0119, tym razem z Nadle\u015bnictwem Kudypy. Pan Mariusz Orzechowski, doskonalenie znaj\u0105c\u00a0 prac\u0119\u00a0 naszego Ko\u0142a bardzo pozytywnie odni\u00f3s\u0142 si\u0119 do naszego wyst\u0105pienia.<\/p>\n<p>Jak wida\u0107 wszystko powinno u\u0142o\u017cy\u0107 si\u0119 bardzo dobrze i po wakacjach wr\u00f3cimy do realizacji naszego planu pracy&#8230;.. zebrania, rajdy, wycieczki, konkursy&#8230;.. Mamy nadziej\u0119, \u017ce epidemia naprawd\u0119 wyga\u015bnie i b\u0119dziemy mogli normalnie \u017cy\u0107 &#8211; spotyka\u0107 si\u0119 w naszym gronie.<\/p>\n<p>&nbsp;<\/p>\n","protected":false},"excerpt":{"rendered":"<p>12 maja br. Dyrektorem Regionalnej Dyrekcji Las\u00f3w Pa\u0144stwowych w Olsztynie zosta\u0142 Adam Roczniak. Adam Roczniak na stanowisku Dyrektora RDLP w Olsztynie zast\u0105pi\u0142 Mariusza Orzechowskiego, kt\u00f3ry obj\u0105\u0142 stanowisko Nadle\u015bniczego Nadle\u015bnictwa Kudypy. W zwi\u0105zku z tak wa\u017cnymi zmianami personalnymi w instytucjach z kt\u00f3rymi wsp\u00f3\u0142pracujemy od\u00a0 pocz\u0105tku naszej dzia\u0142alno\u015bci, Prezes Ko\u0142a Anatol Leszczy\u0144ski spotka\u0142 si\u0119\u00a0 z Panem Adamem [&hellip;]<\/p>\n","protected":false},"author":2,"featured_media":0,"comment_status":"open","ping_status":"open","sticky":false,"template":"","format":"standard","meta":{"footnotes":""},"categories":[1,9,17,2,5],"tags":[],"class_list":["post-5584","post","type-post","status-publish","format-standard","hentry","category-bez-kategorii","category-ciekawostki","category-edukacja-w-terenie","category-rajdy","category-wycieczki"],"_links":{"self":[{"href":"https:\/\/www.milosnicylasu.olsztyn.pl\/index.php?rest_route=\/wp\/v2\/posts\/5584","targetHints":{"allow":["GET"]}}],"collection":[{"href":"https:\/\/www.milosnicylasu.olsztyn.pl\/index.php?rest_route=\/wp\/v2\/posts"}],"about":[{"href":"https:\/\/www.milosnicylasu.olsztyn.pl\/index.php?rest_route=\/wp\/v2\/types\/post"}],"author":[{"embeddable":true,"href":"https:\/\/www.milosnicylasu.olsztyn.pl\/index.php?rest_route=\/wp\/v2\/users\/2"}],"replies":[{"embeddable":true,"href":"https:\/\/www.milosnicylasu.olsztyn.pl\/index.php?rest_route=%2Fwp%2Fv2%2Fcomments&post=5584"}],"version-history":[{"count":1,"href":"https:\/\/www.milosnicylasu.olsztyn.pl\/index.php?rest_route=\/wp\/v2\/posts\/5584\/revisions"}],"predecessor-version":[{"id":5585,"href":"https:\/\/www.milosnicylasu.olsztyn.pl\/index.php?rest_route=\/wp\/v2\/posts\/5584\/revisions\/5585"}],"wp:attachment":[{"href":"https:\/\/www.milosnicylasu.olsztyn.pl\/index.php?rest_route=%2Fwp%2Fv2%2Fmedia&parent=5584"}],"wp:term":[{"taxonomy":"category","embeddable":true,"href":"https:\/\/www.milosnicylasu.olsztyn.pl\/index.php?rest_route=%2Fwp%2Fv2%2Fcategories&post=5584"},{"taxonomy":"post_tag","embeddable":true,"href":"https:\/\/www.milosnicylasu.olsztyn.pl\/index.php?rest_route=%2Fwp%2Fv2%2Ftags&post=5584"}],"curies":[{"name":"wp","href":"https:\/\/api.w.org\/{rel}","templated":true}]}}