{"id":5586,"date":"2020-07-01T10:47:28","date_gmt":"2020-07-01T08:47:28","guid":{"rendered":"https:\/\/www.milosnicylasu.olsztyn.pl\/?p=5586"},"modified":"2020-07-01T10:52:14","modified_gmt":"2020-07-01T08:52:14","slug":"odznaczenia-dla-lesnikow","status":"publish","type":"post","link":"https:\/\/www.milosnicylasu.olsztyn.pl\/?p=5586","title":{"rendered":"Odznaczenia dla le\u015bnik\u00f3w"},"content":{"rendered":"<p><a href=\"https:\/\/www.milosnicylasu.olsztyn.pl\/wp-content\/uploads\/2020\/07\/IMG_20200623_092127-www.jpg\" data-rel=\"lightbox-image-0\" data-magnific_type=\"image\" data-rl_title=\"\" data-rl_caption=\"\" title=\"\"><img loading=\"lazy\" decoding=\"async\" class=\"size-medium wp-image-5587 alignleft\" src=\"https:\/\/www.milosnicylasu.olsztyn.pl\/wp-content\/uploads\/2020\/07\/IMG_20200623_092127-www-300x225.jpg\" alt=\"\" width=\"300\" height=\"225\" srcset=\"https:\/\/www.milosnicylasu.olsztyn.pl\/wp-content\/uploads\/2020\/07\/IMG_20200623_092127-www-300x225.jpg 300w, https:\/\/www.milosnicylasu.olsztyn.pl\/wp-content\/uploads\/2020\/07\/IMG_20200623_092127-www-768x576.jpg 768w, https:\/\/www.milosnicylasu.olsztyn.pl\/wp-content\/uploads\/2020\/07\/IMG_20200623_092127-www.jpg 1024w\" sizes=\"auto, (max-width: 300px) 100vw, 300px\" \/><\/a>23.06.2020 roku w RDLP w Olsztynie, odby\u0142a si\u0119 roczna narada po\u015bwi\u0119cona zagadnieniom ochrony mienia i zwalczania szkodnictwa le\u015bnego.<\/p>\n<p>Podczas narady Pan Anatol Leszczy\u0144ski Prezes Ko\u0142o Mi\u0142o\u015bnik\u00f3w Lasu i Militari\u00f3w Ligi Obrony Kraju przy ATW w Olsztynie w imieniu Prezesa Zarz\u0105du G\u0142\u00f3wnego LOK wr\u0119czy\u0142 srebrne Odznaki Zas\u0142u\u017cony Dzia\u0142acz LOK\u00a0 dla nast\u0119puj\u0105cych\u00a0 pracownik\u00f3w Stra\u017cy Le\u015bnej b\u0119d\u0105cych cz\u0142onkami Stowarzyszenia :<\/p>\n<p>&#8211; Janusz \u015ali\u017cewski (N-ctwo I\u0142awa);<\/p>\n<p>&#8211; Maciej Malinowski (N-ctwo Jedwabno);<\/p>\n<p>&#8211; Jaros\u0142aw Turek (N-ctwo Kudypy);<\/p>\n<p>&#8211; Zbigniew Dembowski (N-ctwo Mr\u0105gowo).<\/p>\n<p>Jednocze\u015bnie br\u0105zowym krzy\u017cem\u00a0 Za Zas\u0142ugi dla Klub\u00f3w \u017bo\u0142nierzy Rezerwy LOK zosta\u0142 uhonorowany Pan Zdzis\u0142aw Stoli\u0144ski z Nadle\u015bnictwa Kudypy. Prezes Anatol Leszczy\u0144ski podkre\u015bli\u0142, \u017ce z przypadaj\u0105cej okazji 75-lecia funkcjonowania Regionalnej Dyrekcji Las\u00f3w Pa\u0144stwowych w Olsztynie, a tak\u017ce 11-lecia rocznicy powo\u0142ania Ko\u0142a, dla os\u00f3b i firm, kt\u00f3re by\u0142y w minionym okresie szczeg\u00f3lnie zaanga\u017cowane w realizacj\u0119 plan\u00f3w pracy Ko\u0142a, zosta\u0142y przyznane odznaczenia i wyr\u00f3\u017cnienia, a w\u015br\u00f3d wyr\u00f3\u017cnionych\u00a0 znale\u017ali si\u0119 r\u00f3wnie\u017c stra\u017cnicy le\u015bni.<\/p>\n<p>\/Na zdj\u0119ciu pierwszy z lewej nowy dyrektor RDLP w Olsztynie\/<\/p>\n<p>&nbsp;<\/p>\n","protected":false},"excerpt":{"rendered":"<p>23.06.2020 roku w RDLP w Olsztynie, odby\u0142a si\u0119 roczna narada po\u015bwi\u0119cona zagadnieniom ochrony mienia i zwalczania szkodnictwa le\u015bnego. Podczas narady Pan Anatol Leszczy\u0144ski Prezes Ko\u0142o Mi\u0142o\u015bnik\u00f3w Lasu i Militari\u00f3w Ligi Obrony Kraju przy ATW w Olsztynie w imieniu Prezesa Zarz\u0105du G\u0142\u00f3wnego LOK wr\u0119czy\u0142 srebrne Odznaki Zas\u0142u\u017cony Dzia\u0142acz LOK\u00a0 dla nast\u0119puj\u0105cych\u00a0 pracownik\u00f3w Stra\u017cy Le\u015bnej b\u0119d\u0105cych cz\u0142onkami [&hellip;]<\/p>\n","protected":false},"author":2,"featured_media":0,"comment_status":"open","ping_status":"open","sticky":false,"template":"","format":"standard","meta":{"footnotes":""},"categories":[1,6],"tags":[],"class_list":["post-5586","post","type-post","status-publish","format-standard","hentry","category-bez-kategorii","category-odznaczenia"],"_links":{"self":[{"href":"https:\/\/www.milosnicylasu.olsztyn.pl\/index.php?rest_route=\/wp\/v2\/posts\/5586","targetHints":{"allow":["GET"]}}],"collection":[{"href":"https:\/\/www.milosnicylasu.olsztyn.pl\/index.php?rest_route=\/wp\/v2\/posts"}],"about":[{"href":"https:\/\/www.milosnicylasu.olsztyn.pl\/index.php?rest_route=\/wp\/v2\/types\/post"}],"author":[{"embeddable":true,"href":"https:\/\/www.milosnicylasu.olsztyn.pl\/index.php?rest_route=\/wp\/v2\/users\/2"}],"replies":[{"embeddable":true,"href":"https:\/\/www.milosnicylasu.olsztyn.pl\/index.php?rest_route=%2Fwp%2Fv2%2Fcomments&post=5586"}],"version-history":[{"count":3,"href":"https:\/\/www.milosnicylasu.olsztyn.pl\/index.php?rest_route=\/wp\/v2\/posts\/5586\/revisions"}],"predecessor-version":[{"id":5590,"href":"https:\/\/www.milosnicylasu.olsztyn.pl\/index.php?rest_route=\/wp\/v2\/posts\/5586\/revisions\/5590"}],"wp:attachment":[{"href":"https:\/\/www.milosnicylasu.olsztyn.pl\/index.php?rest_route=%2Fwp%2Fv2%2Fmedia&parent=5586"}],"wp:term":[{"taxonomy":"category","embeddable":true,"href":"https:\/\/www.milosnicylasu.olsztyn.pl\/index.php?rest_route=%2Fwp%2Fv2%2Fcategories&post=5586"},{"taxonomy":"post_tag","embeddable":true,"href":"https:\/\/www.milosnicylasu.olsztyn.pl\/index.php?rest_route=%2Fwp%2Fv2%2Ftags&post=5586"}],"curies":[{"name":"wp","href":"https:\/\/api.w.org\/{rel}","templated":true}]}}