{"id":5605,"date":"2020-07-21T19:08:14","date_gmt":"2020-07-21T17:08:14","guid":{"rendered":"https:\/\/www.milosnicylasu.olsztyn.pl\/?p=5605"},"modified":"2020-07-21T19:33:06","modified_gmt":"2020-07-21T17:33:06","slug":"jest-takie-miejsce-orzechowo","status":"publish","type":"post","link":"https:\/\/www.milosnicylasu.olsztyn.pl\/?p=5605","title":{"rendered":"Jest takie miejsce &#8211; Orzechowo"},"content":{"rendered":"<h2>Orzechowo jest wiosk\u0105, kt\u00f3rej na pr\u00f3\u017cno b\u0119dziemy szuka\u0107 na mapach Polski. Jest po prostu wsi\u0105 widmem. Istnieje i zarazem nie istnieje.<\/h2>\n<p>Wie\u015b powsta\u0142a prawdopodobnie w roku 1575 w dobrach kapitu\u0142y warmi\u0144skiej. Za\u0142o\u017cono j\u0105 jako osad\u0119 m\u0142y\u0144sk\u0105, zasiedlon\u0105 przez Polak\u00f3w. Dane z lat 1785 i 1820 okre\u015blaj\u0105 Orzechowo jako \u201ekr\u00f3lewsk\u0105 wie\u015b ch\u0142opsk\u0105\u201d, z 15 dymami i 85 mieszka\u0144cami.<\/p>\n<p><a href=\"https:\/\/www.milosnicylasu.olsztyn.pl\/wp-content\/uploads\/2020\/07\/P7190003-www.jpg\" data-rel=\"lightbox-image-0\" data-magnific_type=\"image\" data-rl_title=\"\" data-rl_caption=\"\" title=\"\"><img loading=\"lazy\" decoding=\"async\" class=\"size-medium wp-image-5606 alignleft\" src=\"https:\/\/www.milosnicylasu.olsztyn.pl\/wp-content\/uploads\/2020\/07\/P7190003-www-300x225.jpg\" alt=\"\" width=\"300\" height=\"225\" srcset=\"https:\/\/www.milosnicylasu.olsztyn.pl\/wp-content\/uploads\/2020\/07\/P7190003-www-300x225.jpg 300w, https:\/\/www.milosnicylasu.olsztyn.pl\/wp-content\/uploads\/2020\/07\/P7190003-www-768x576.jpg 768w, https:\/\/www.milosnicylasu.olsztyn.pl\/wp-content\/uploads\/2020\/07\/P7190003-www.jpg 1024w\" sizes=\"auto, (max-width: 300px) 100vw, 300px\" \/><\/a><\/p>\n<p>Na pocz\u0105tku XX w. za\u0142o\u017cono cmentarz katolicki. W 1910 r. z inicjatywy ks. Proboszcza Kierszpowskiego zbudowano ko\u015bci\u00f3\u0142 katolicki pod wezwaniem Jana Chrzciciela (do tego czasu Orzechowo nale\u017ca\u0142o do parafii Butryny), konsekrowany 12 lipca 1913 r. przez bp. Edwarda Herrmanna. W latach 1930-1935 proboszczem w Orzechowie by\u0142 ks. Albin Wenskowski (p\u00f3\u017aniej obj\u0105\u0142 probostwo we Wrzesinie). W 1939 r. mieszka\u0142o tu 14 rodzin, by\u0142a szko\u0142a, dom parafialny dla starszych ludzi, ku\u017cnia.<\/p>\n<p>Po 1945 r. Orzechowo podlega\u0142o pod parafi\u0119 w Gry\u017alinach. Wie\u015b uleg\u0142a wyludnieniu w okresie PRL (lata siedemdziesi\u0105te XX w.) na skutek dzia\u0142a\u0144 pobliskiego o\u015brodka wypoczynkowego Urz\u0119du Rady Ministr\u00f3w w \u0141a\u0144sku. \u00d3wczesne w\u0142adze pa\u0144stwowe i PZPR d\u0105\u017cy\u0142y do likwidacji wioski i przej\u0119cia grunt\u00f3w z przeznaczeniem m.in. na tereny \u0142owieckie.<\/p>\n<p>Uroki tego niezwyk\u0142ego miejsca docenia\u0142 Prymas Tysi\u0105clecia \u2013 kardyna\u0142 Stefan Wyszy\u0144ski. Przebywa\u0142 w Orzechowie w sierpniu 1953 roku \u2013 zaledwie miesi\u0105c przed internowaniem. Cho\u0107 sp\u0119dzi\u0142 tu tylko dziesi\u0119\u0107 dni, Orzechowo zrobi\u0142o na nim nie lada wra\u017cenie. Tak wspomina\u0142 to miejsce w swoich zapiskach:<\/p>\n<p><em>Wioska jest niemal w po\u0142owie wyludniona, po\u0142o\u017cona uroczo. Ile tu jest w lasach jezior, trudno obliczy\u0107. Niekt\u00f3re cudowne jak jezioro Pluszne. \u015awietne i inne. W kt\u00f3r\u0105kolwiek stron\u0119 nie wyjdzie si\u0119 z Orzechowa, zawsze mo\u017cna trafi\u0107, w odleg\u0142o\u015bci p\u00f3\u0142 do dw\u00f3ch kilometr\u00f3w, na jezioro otoczone lasem.<\/em><\/p>\n<p>W tym czasie we wsi mieszka\u0142o 20 kobiet i jeden m\u0119\u017cczyzna (wie\u015b by\u0142a ju\u017c w po\u0142owie wyludniona). W 1977 roku ze wsi wyjechali do Niemiec ostatni mieszka\u0144cy (rodzina Biehs). W 1991 r. bp Edmund Piszcz reaktywowa\u0142 parafi\u0119 w Orzechowie (z rezydencj\u0105 proboszcza w Pluskach).<\/p>\n<p><strong>Orzechowo &#8211; dzi\u015b<\/strong><\/p>\n<p><strong>W Orzechowie nadle\u015bnictwo Nowe Ramuki wyremontowa\u0142o dawn\u0105 szko\u0142\u0119 przeznaczaj\u0105c j\u0105 na le\u015bnicz\u00f3wk\u0119. Budynek s\u0105siaduj\u0105cy z le\u015bnicz\u00f3wk\u0105 nale\u017cy r\u00f3wnie\u017c do nadle\u015bnictwa i zamieszkiwany jest przez podle\u015bniczego. Niew\u0105tpliwie charakteru kontemplacyjnej zadumy temu miejscu nadaje cmentarz podzielony na dwie cz\u0119\u015bci &#8211; star\u0105 i now\u0105.<\/strong><\/p>\n<p><strong>Ko\u015bci\u00f3\u0142 pw. \u015aw. Jana Chrzciciele w Orzechowie dzisiaj s\u0142u\u017cy wiernym, kt\u00f3rzy w ka\u017cd\u0105 niedziel\u0119 i \u015bwi\u0119ta gromadz\u0105 si\u0119 na msz\u0119 \u015bw. godz. 11.00. W sezonie bardzo licznie w tym\u017ce ko\u015bciele we wsp\u00f3lnej modlitwie uczestnicz\u0105 r\u00f3wnie\u017c przebywaj\u0105cy na urlopach mieszka\u0144cy innych region\u00f3w Polski, jak te\u017c tury\u015bci z innych kraj\u00f3w. Wielkim zainteresowaniem cieszy si\u0119 ko\u015bci\u00f3\u0142 i cmentarz po\u015br\u00f3d rdzennych mieszka\u0144c\u00f3w, kt\u00f3rzy obecnie mieszkaj\u0105 najcz\u0119\u015bciej w Niemczech. Zainteresowanie Orzechowem jest tak du\u017ce gdy\u017c stanowi to swoistego rodzaju ewenement: wioski niema, a ko\u015bci\u00f3\u0142 i le\u015bnictwo funkcjonuj\u0105. Do tego miejsca przyci\u0105ga r\u00f3wnie\u017c cisza i spok\u00f3j, a przede wszystkim bogactwo przyrody zar\u00f3wno fauny jak i flory. <\/strong><\/p>\n<p><a href=\"https:\/\/www.milosnicylasu.olsztyn.pl\/wp-content\/uploads\/2020\/07\/P7190020-www.jpg\" data-rel=\"lightbox-image-1\" data-magnific_type=\"image\" data-rl_title=\"\" data-rl_caption=\"\" title=\"\"><img loading=\"lazy\" decoding=\"async\" class=\"size-medium wp-image-5607 alignleft\" src=\"https:\/\/www.milosnicylasu.olsztyn.pl\/wp-content\/uploads\/2020\/07\/P7190020-www-300x225.jpg\" alt=\"\" width=\"300\" height=\"225\" srcset=\"https:\/\/www.milosnicylasu.olsztyn.pl\/wp-content\/uploads\/2020\/07\/P7190020-www-300x225.jpg 300w, https:\/\/www.milosnicylasu.olsztyn.pl\/wp-content\/uploads\/2020\/07\/P7190020-www-768x576.jpg 768w, https:\/\/www.milosnicylasu.olsztyn.pl\/wp-content\/uploads\/2020\/07\/P7190020-www.jpg 1024w\" sizes=\"auto, (max-width: 300px) 100vw, 300px\" \/><\/a><\/p>\n<p><strong>Wystr\u00f3j ko\u015bcio\u0142a jest skromny. Uwag\u0119 zwracaj\u0105 przede wszystkim pi\u0119kne \u017cyrandole w kszta\u0142cie dzwon\u00f3w. Starszy drewniany, upami\u0119tnia poleg\u0142ych podczas I wojny \u015bwiatowej mieszka\u0144c\u00f3w wsi,<\/strong><\/p>\n<p><a href=\"https:\/\/www.milosnicylasu.olsztyn.pl\/wp-content\/uploads\/2020\/07\/P7190007-001-www.jpg\" data-rel=\"lightbox-image-2\" data-magnific_type=\"image\" data-rl_title=\"\" data-rl_caption=\"\" title=\"\"><img loading=\"lazy\" decoding=\"async\" class=\"size-medium wp-image-5608 alignleft\" src=\"https:\/\/www.milosnicylasu.olsztyn.pl\/wp-content\/uploads\/2020\/07\/P7190007-001-www-300x225.jpg\" alt=\"\" width=\"300\" height=\"225\" srcset=\"https:\/\/www.milosnicylasu.olsztyn.pl\/wp-content\/uploads\/2020\/07\/P7190007-001-www-300x225.jpg 300w, https:\/\/www.milosnicylasu.olsztyn.pl\/wp-content\/uploads\/2020\/07\/P7190007-001-www-768x576.jpg 768w, https:\/\/www.milosnicylasu.olsztyn.pl\/wp-content\/uploads\/2020\/07\/P7190007-001-www.jpg 1024w\" sizes=\"auto, (max-width: 300px) 100vw, 300px\" \/><\/a><\/p>\n<p><a href=\"https:\/\/www.milosnicylasu.olsztyn.pl\/wp-content\/uploads\/2020\/07\/P7190014-www.jpg\" data-rel=\"lightbox-image-3\" data-magnific_type=\"image\" data-rl_title=\"\" data-rl_caption=\"\" title=\"\"><img loading=\"lazy\" decoding=\"async\" class=\"size-medium wp-image-5609 alignright\" src=\"https:\/\/www.milosnicylasu.olsztyn.pl\/wp-content\/uploads\/2020\/07\/P7190014-www-300x225.jpg\" alt=\"\" width=\"300\" height=\"225\" srcset=\"https:\/\/www.milosnicylasu.olsztyn.pl\/wp-content\/uploads\/2020\/07\/P7190014-www-300x225.jpg 300w, https:\/\/www.milosnicylasu.olsztyn.pl\/wp-content\/uploads\/2020\/07\/P7190014-www-768x576.jpg 768w, https:\/\/www.milosnicylasu.olsztyn.pl\/wp-content\/uploads\/2020\/07\/P7190014-www.jpg 1024w\" sizes=\"auto, (max-width: 300px) 100vw, 300px\" \/><\/a><\/p>\n<p><strong>drugi wykonany z poro\u017cy jest darem od ko\u0142a \u0142owieckiego. Ciekawy jest te\u017c neogotycki konfesjona\u0142 tzw. szafowy, zbudowany tak, aby nikt opr\u00f3cz ksi\u0119dza nie s\u0142ysza\u0142 spowiadaj\u0105cego si\u0119. Z tego samego okresu pochodzi ambona i barokowy o\u0142tarz g\u0142\u00f3wny. W ko\u015bciele w ostatnich latach wstawiono nowe okna i witra\u017ce. Cz\u0119\u015b\u0107 z nich przedstawia sceny z \u017cycia Jana Chrzciciela patrona ko\u015bcio\u0142a. Odremontowano te\u017c przedwojenne organy. Ich brzmienie jest por\u00f3wnywalne<\/strong><strong> do organ\u00f3w ze \u015awi\u0119tej Lipki.<\/strong><\/p>\n<p><a href=\"https:\/\/www.milosnicylasu.olsztyn.pl\/wp-content\/uploads\/2020\/07\/P7190009-www.jpg\" data-rel=\"lightbox-image-4\" data-magnific_type=\"image\" data-rl_title=\"\" data-rl_caption=\"\" title=\"\"><img loading=\"lazy\" decoding=\"async\" class=\"size-medium wp-image-5610 alignleft\" src=\"https:\/\/www.milosnicylasu.olsztyn.pl\/wp-content\/uploads\/2020\/07\/P7190009-www-300x225.jpg\" alt=\"\" width=\"300\" height=\"225\" srcset=\"https:\/\/www.milosnicylasu.olsztyn.pl\/wp-content\/uploads\/2020\/07\/P7190009-www-300x225.jpg 300w, https:\/\/www.milosnicylasu.olsztyn.pl\/wp-content\/uploads\/2020\/07\/P7190009-www-768x576.jpg 768w, https:\/\/www.milosnicylasu.olsztyn.pl\/wp-content\/uploads\/2020\/07\/P7190009-www.jpg 1024w\" sizes=\"auto, (max-width: 300px) 100vw, 300px\" \/><\/a><\/p>\n<p><strong>Ciekawostk\u0105 w ko\u015bciele s\u0105 opr\u00f3cz \u017cyrandola inne elementy wyposa\u017cenia wykonane z poro\u017cy.<\/strong><\/p>\n<p><a href=\"https:\/\/www.milosnicylasu.olsztyn.pl\/wp-content\/uploads\/2020\/07\/P7190010-www.jpg\" data-rel=\"lightbox-image-5\" data-magnific_type=\"image\" data-rl_title=\"\" data-rl_caption=\"\" title=\"\"><img loading=\"lazy\" decoding=\"async\" class=\"size-medium wp-image-5611\" src=\"https:\/\/www.milosnicylasu.olsztyn.pl\/wp-content\/uploads\/2020\/07\/P7190010-www-300x225.jpg\" alt=\"\" width=\"300\" height=\"225\" srcset=\"https:\/\/www.milosnicylasu.olsztyn.pl\/wp-content\/uploads\/2020\/07\/P7190010-www-300x225.jpg 300w, https:\/\/www.milosnicylasu.olsztyn.pl\/wp-content\/uploads\/2020\/07\/P7190010-www-768x576.jpg 768w, https:\/\/www.milosnicylasu.olsztyn.pl\/wp-content\/uploads\/2020\/07\/P7190010-www.jpg 1024w\" sizes=\"auto, (max-width: 300px) 100vw, 300px\" \/><\/a><\/p>\n<p>&nbsp;<\/p>\n<p><strong>26 stycznia 2000 roku ko\u015bci\u00f3\u0142 w Orzechowie zosta\u0142 wpisany do rejestru zabytk\u00f3w na list\u0119 d\u00f3br kultury.<\/strong><\/p>\n<p>W Orzechowie byli\u015bmy kolejny raz i zawsze robi na nas ogromne wra\u017cenie. Wracali\u015bmy zamy\u015bleni. To miejsce jest tak pe\u0142ne symboliki, \u017ce zmusi\u0142o nas do g\u0142\u0119bszej refleksji. Tej miejscowo\u015bci, tego ko\u015bcio\u0142a mia\u0142o nie by\u0107. Ale jest. I wci\u0105\u017c przyci\u0105ga t\u0142umy \u2013 nawet wi\u0119ksze ni\u017c kiedy\u015b. Mimo tak pot\u0119\u017cnych przeciwno\u015bci.<\/p>\n","protected":false},"excerpt":{"rendered":"<p>Orzechowo jest wiosk\u0105, kt\u00f3rej na pr\u00f3\u017cno b\u0119dziemy szuka\u0107 na mapach Polski. Jest po prostu wsi\u0105 widmem. Istnieje i zarazem nie istnieje. Wie\u015b powsta\u0142a prawdopodobnie w roku 1575 w dobrach kapitu\u0142y warmi\u0144skiej. Za\u0142o\u017cono j\u0105 jako osad\u0119 m\u0142y\u0144sk\u0105, zasiedlon\u0105 przez Polak\u00f3w. Dane z lat 1785 i 1820 okre\u015blaj\u0105 Orzechowo jako \u201ekr\u00f3lewsk\u0105 wie\u015b ch\u0142opsk\u0105\u201d, z 15 dymami i [&hellip;]<\/p>\n","protected":false},"author":2,"featured_media":0,"comment_status":"open","ping_status":"open","sticky":false,"template":"","format":"standard","meta":{"footnotes":""},"categories":[1,9,17],"tags":[],"class_list":["post-5605","post","type-post","status-publish","format-standard","hentry","category-bez-kategorii","category-ciekawostki","category-edukacja-w-terenie"],"_links":{"self":[{"href":"https:\/\/www.milosnicylasu.olsztyn.pl\/index.php?rest_route=\/wp\/v2\/posts\/5605","targetHints":{"allow":["GET"]}}],"collection":[{"href":"https:\/\/www.milosnicylasu.olsztyn.pl\/index.php?rest_route=\/wp\/v2\/posts"}],"about":[{"href":"https:\/\/www.milosnicylasu.olsztyn.pl\/index.php?rest_route=\/wp\/v2\/types\/post"}],"author":[{"embeddable":true,"href":"https:\/\/www.milosnicylasu.olsztyn.pl\/index.php?rest_route=\/wp\/v2\/users\/2"}],"replies":[{"embeddable":true,"href":"https:\/\/www.milosnicylasu.olsztyn.pl\/index.php?rest_route=%2Fwp%2Fv2%2Fcomments&post=5605"}],"version-history":[{"count":4,"href":"https:\/\/www.milosnicylasu.olsztyn.pl\/index.php?rest_route=\/wp\/v2\/posts\/5605\/revisions"}],"predecessor-version":[{"id":5615,"href":"https:\/\/www.milosnicylasu.olsztyn.pl\/index.php?rest_route=\/wp\/v2\/posts\/5605\/revisions\/5615"}],"wp:attachment":[{"href":"https:\/\/www.milosnicylasu.olsztyn.pl\/index.php?rest_route=%2Fwp%2Fv2%2Fmedia&parent=5605"}],"wp:term":[{"taxonomy":"category","embeddable":true,"href":"https:\/\/www.milosnicylasu.olsztyn.pl\/index.php?rest_route=%2Fwp%2Fv2%2Fcategories&post=5605"},{"taxonomy":"post_tag","embeddable":true,"href":"https:\/\/www.milosnicylasu.olsztyn.pl\/index.php?rest_route=%2Fwp%2Fv2%2Ftags&post=5605"}],"curies":[{"name":"wp","href":"https:\/\/api.w.org\/{rel}","templated":true}]}}