{"id":5621,"date":"2020-08-27T20:20:40","date_gmt":"2020-08-27T18:20:40","guid":{"rendered":"https:\/\/www.milosnicylasu.olsztyn.pl\/?p=5621"},"modified":"2020-08-27T20:20:40","modified_gmt":"2020-08-27T18:20:40","slug":"wakacyjne-spotkanie-zarzadu-kola","status":"publish","type":"post","link":"https:\/\/www.milosnicylasu.olsztyn.pl\/?p=5621","title":{"rendered":"Wakacyjne spotkanie Zarz\u0105du Ko\u0142a"},"content":{"rendered":"<p>&nbsp;<\/p>\n<p>W dniu 26 sierpnia 2020r. odby\u0142o si\u0119 spotkanie Zarz\u0105du Ko\u0142a. Obrady dotyczy\u0142y zorganizowania \u00a0zebrania sprawozdawczo \u2013 wyborczego planowanego w dniu\u00a0 01.10.2020.<\/p>\n<p>Dyskutowano nad\u00a0 warunkami\u00a0 odbycia spotkania w trakcie pandemii\u00a0 koronowirusa. Zarz\u0105dowi Ko\u0142a zale\u017cy na zdrowiu\u00a0 i bezpiecznym\u00a0 spotkaniu.\u00a0 Jak wiadomo\u00a0 s\u0105 ograniczenia\u00a0 w ilo\u015bci os\u00f3b\u00a0 w stosunku do powierzchni pomieszczenia\u00a0 i spe\u0142nieniu pozosta\u0142ych wymog\u00f3w epidemiologicznych.<\/p>\n<p>Bior\u0105c pod uwag\u0119, \u017ce na podstawie danych na 31.12.2019 roku,\u00a0 Ko\u0142o Mi\u0142o\u015bnik\u00f3w Lasu i Militari\u00f3w LOK przy ATW w Olsztynie liczy 162 cz\u0142onk\u00f3w, cz\u0142onkowie Zarz\u0105du nie wyobra\u017caj\u0105, aby by\u0142o mo\u017cliwe przeprowadzenie w tym terminie spotkania, na kt\u00f3rym\u00a0 w spos\u00f3b bezpieczny przeprowadzili by\u015bmy wybory Nowego Zarz\u0105du Ko\u0142a i Delegat\u00f3w na Powiatow\u0105 i Wojew\u00f3dzk\u0105 Konferencj\u0119 sprawozdawczo \u2013 wyborcz\u0105.<\/p>\n<p>W zwi\u0105zku z powy\u017cszym \u00a0<strong>Zarz\u0105d Ko\u0142a podj\u0105\u0142 Uchwa\u0142\u0119 o wyborze nowych w\u0142adz w Kole po ust\u0105pieniu pandemii w terminie do \u00a060 dni od jego zako\u0144czenia.<\/strong><\/p>\n<p>W spotkaniu Zarz\u0105du udzia\u0142 wzi\u0119li:<\/p>\n<ol>\n<li>Anatol Leszczy\u0144ski<\/li>\n<li>Grzegorz Kluczek<\/li>\n<li>Stefania Jarczyk<\/li>\n<li>Krystyna Leszczy\u0144ska<\/li>\n<li>Wies\u0142awa Filipek<\/li>\n<li>J\u00f3zef Gazda<\/li>\n<li>Waldemar Chrzanowski<\/li>\n<\/ol>\n<p>&nbsp;<\/p>\n","protected":false},"excerpt":{"rendered":"<p>&nbsp; W dniu 26 sierpnia 2020r. odby\u0142o si\u0119 spotkanie Zarz\u0105du Ko\u0142a. Obrady dotyczy\u0142y zorganizowania \u00a0zebrania sprawozdawczo \u2013 wyborczego planowanego w dniu\u00a0 01.10.2020. Dyskutowano nad\u00a0 warunkami\u00a0 odbycia spotkania w trakcie pandemii\u00a0 koronowirusa. Zarz\u0105dowi Ko\u0142a zale\u017cy na zdrowiu\u00a0 i bezpiecznym\u00a0 spotkaniu.\u00a0 Jak wiadomo\u00a0 s\u0105 ograniczenia\u00a0 w ilo\u015bci os\u00f3b\u00a0 w stosunku do powierzchni pomieszczenia\u00a0 i spe\u0142nieniu pozosta\u0142ych wymog\u00f3w [&hellip;]<\/p>\n","protected":false},"author":2,"featured_media":0,"comment_status":"open","ping_status":"open","sticky":false,"template":"","format":"standard","meta":{"footnotes":""},"categories":[3],"tags":[],"class_list":["post-5621","post","type-post","status-publish","format-standard","hentry","category-zebrania"],"_links":{"self":[{"href":"https:\/\/www.milosnicylasu.olsztyn.pl\/index.php?rest_route=\/wp\/v2\/posts\/5621","targetHints":{"allow":["GET"]}}],"collection":[{"href":"https:\/\/www.milosnicylasu.olsztyn.pl\/index.php?rest_route=\/wp\/v2\/posts"}],"about":[{"href":"https:\/\/www.milosnicylasu.olsztyn.pl\/index.php?rest_route=\/wp\/v2\/types\/post"}],"author":[{"embeddable":true,"href":"https:\/\/www.milosnicylasu.olsztyn.pl\/index.php?rest_route=\/wp\/v2\/users\/2"}],"replies":[{"embeddable":true,"href":"https:\/\/www.milosnicylasu.olsztyn.pl\/index.php?rest_route=%2Fwp%2Fv2%2Fcomments&post=5621"}],"version-history":[{"count":1,"href":"https:\/\/www.milosnicylasu.olsztyn.pl\/index.php?rest_route=\/wp\/v2\/posts\/5621\/revisions"}],"predecessor-version":[{"id":5622,"href":"https:\/\/www.milosnicylasu.olsztyn.pl\/index.php?rest_route=\/wp\/v2\/posts\/5621\/revisions\/5622"}],"wp:attachment":[{"href":"https:\/\/www.milosnicylasu.olsztyn.pl\/index.php?rest_route=%2Fwp%2Fv2%2Fmedia&parent=5621"}],"wp:term":[{"taxonomy":"category","embeddable":true,"href":"https:\/\/www.milosnicylasu.olsztyn.pl\/index.php?rest_route=%2Fwp%2Fv2%2Fcategories&post=5621"},{"taxonomy":"post_tag","embeddable":true,"href":"https:\/\/www.milosnicylasu.olsztyn.pl\/index.php?rest_route=%2Fwp%2Fv2%2Ftags&post=5621"}],"curies":[{"name":"wp","href":"https:\/\/api.w.org\/{rel}","templated":true}]}}